{"id":1890,"date":"2017-03-17T12:40:18","date_gmt":"2017-03-17T11:40:18","guid":{"rendered":"https:\/\/amboslo.esteri.it\/news\/dall_ambasciata\/2017\/03\/i-60-anni-dei-trattati-di-roma-2\/"},"modified":"2017-03-17T12:40:18","modified_gmt":"2017-03-17T11:40:18","slug":"i-60-anni-dei-trattati-di-roma-2","status":"publish","type":"post","link":"https:\/\/amboslo.esteri.it\/en\/news\/dall_ambasciata\/2017\/03\/i-60-anni-dei-trattati-di-roma-2\/","title":{"rendered":"60 years of the Rome Treaties: events in Trondheim and Oslo"},"content":{"rendered":"<p><img loading=\"lazy\" decoding=\"async\" src=\"resource\/img\/2017\/03\/60_anni_ddel_parl_singolo_rgb_a_colorires.jpg\" alt=\"60 anni ddel parl singolo rgb a colorires\" width=\"380\" height=\"330\" \/><\/p>\n<p>To mark the 60th anniversary of the Treaty of Rome the Italian Embassy, togehter with Norwegian institutions, organizes and promotes the following events:<\/p>\n<p><span style=\"text-decoration: underline;\"><strong>Trondheim<\/strong><\/span><\/p>\n<p>\u00a0<\/p>\n<ul>\n<li><strong>\u201cThe European Integration: history of an idea, history of an ideal\u201d<\/strong>: working breakfast with the Italian Ambassador Giorgio Novello at the University of Trondheim (NTNU Dragvoll) 21 March 2017, 9:00-10:00 hrs.<\/li>\n<\/ul>\n<ul>\n<li><strong>The European Union: bridging the gap between hopes and reality\u201d<\/strong>: working lunch with the Italian Ambassador Giorgio Novello at the University of Trondheim (NTNU Gl\u00f8shaugen), 21 March 2017, 12:00-13:00 hrs.<\/li>\n<\/ul>\n<ul>\n<li><strong>&#8220;Europeisk integrasjon \u2013 Markering av 60-\u00e5rsjubileet for inng\u00e5else av Romatraktaten&#8221; <\/strong>21. mars 2017, kl. 18:00 &#8211; 20:00, Kulturtorget, Trondheim folkebibliotek.\u00a0 Paneldebatt arrangert av den Italienske ambassaden og Europabevegelsen i Tr\u00f8ndelag til en paneldebatt. I panelet deltar: Giorgio Novello, Italias ambassad\u00f8r til Norge &#8211; Kristian Steinnes, professor i moderne europeisk historie ved NTNU &#8211; Lise Rye, f\u00f8rsteamanuensis ved NTNU &#8211; Martin Pettersen, leder Europabevegelsen i Tr\u00f8ndelag -Charlotte Johansen, sentralstyremedlem i Europeisk Ungdom.<br \/><a href=\"https:\/\/litteraturhusetitrondheim.no\/arrangement\/europeisk-integrasjon-markering-60-arsjubileet-inngaelse-romatraktaten\/\">https:\/\/litteraturhusetitrondheim.no\/arrangement\/europeisk-integrasjon-markering-60-arsjubileet-inngaelse-romatraktaten\/<\/a><\/li>\n<\/ul>\n<p>\u00a0<\/p>\n<p><span style=\"text-decoration: underline;\"><strong>Oslo<\/p>\n<p><\/strong><\/span><\/p>\n<ul>\n<li><strong>\u201cThe Treaty of Rome \u2013 60 years later\u201d<\/strong>, Saturday 25 March 2017, 14.00-14.30 hrs., Scandic Holberg Hotel. Talk by Ambassador Giorgio Novello in the framework of the celebrations organized by the Norwegian European Movement.\n<\/li>\n<li><strong>&#8220;National law, international law, European law \u2013 60 years with the Treaty of Rome&#8221;<br \/><\/strong>Monday 27 March, 2017 5:00 to 7:00 pm. Domus Media, Kjerka (Karl Johans gate 47)<br \/>Organizer: University of Oslo, Department of Private Law and The Italian Embassy in Oslo<br \/>Keynote speaker: Prof. Mads Anden\u00e6s<br \/><a href=\"http:\/\/www.jus.uio.no\/ifp\/english\/research\/news-and-events\/events\/27032017.html\">http:\/\/www.jus.uio.no\/ifp\/english\/research\/news-and-events\/events\/27032017.html<\/a><\/li>\n<\/ul>\n<ul>\n<li><strong>&#8220;Advanced research promoted by the European Union: Results from EU-funded projects involving Italy and Norway&#8221;,\u00a0 <\/strong>Wednesday 29 March 2017, 6 p.m., Domus Academica (Auditorium 5), Karl Johans gate 47<br \/>Organizer: University of Oslo, Department of Geosciences and The Italian Embassy in Oslo<br \/><a href=\"resource\/doc\/2017\/03\/eu_60_years_seminar_research_uio-rizzi.pdf\">Program<\/a><\/li>\n<\/ul>\n<ul>\n<li><strong>&#8220;The Rome Treaty and the European Economic Area\u201d<\/strong>, Thursday 27 April 2017, 10.30-12.00 hrs., Litteraturhuset. Event organized by\u00a0he Norwegian European Movement in cooperation with the Italian Embassy.<\/li>\n<\/ul>\n<p>\u00a0<\/p>\n<p>\u00a0<img loading=\"lazy\" decoding=\"async\" src=\"resource\/img\/2017\/03\/foto_60_ue.jpg\" alt=\"foto 60 ue\" width=\"480\" height=\"332\" \/><\/p>\n<p>Sezione dedicata nel sito del Ministero degli Affari Esteri e delle Cooperazione Internazionale con il calendario degli eventi:<br \/><a href=\"http:\/\/www.esteri.it\/mae\/en\/politica_europea\/60mo-anniversario-trattati-di-roma.html\">Celebrazioni per il 60mo anniversario dei Trattati di Roma<\/a><br \/><a href=\"http:\/\/www.esteri.it\/mae\/en\/politica_europea\/60mo-anniversario-trattati-di-roma.html\">Ricco programma di eventi in Italia e nel mondo organizzato e promosso dalla Farnesina, dalla Rete diplomatico-consolare e dagli Istituti Italiani di Cultura.<\/a><\/p>\n<p>\u00a0<br \/><strong>Follow on Twitter: hashtags &#8220;RomaUE2017\u00a0 and\u00a0 #EU60<\/strong><\/p>\n<p><img decoding=\"async\" src=\"resource\/img\/2017\/03\/eu_60_years.jpg\" alt=\"eu 60 years\" \/><\/p>\n<p>\u00a0<\/p>\n","protected":false},"excerpt":{"rendered":"To mark the 60th anniversary of the Treaty of Rome the Italian Embassy, togehter with Norwegian institutions, organizes and promotes the following events: Trondheim \u00a0 \u201cThe European Integration: history of an idea, history of an ideal\u201d: working breakfast with the Italian Ambassador Giorgio Novello at the University of Trondheim (NTNU Dragvoll) 21 March 2017, 9:00-10:00 [&hellip;]","protected":false},"author":1,"featured_media":0,"comment_status":"","ping_status":"","sticky":false,"template":"","format":"standard","meta":{"footnotes":""},"tags":[],"class_list":["post-1890","post","type-post","status-publish","format-standard","hentry"],"_links":{"self":[{"href":"https:\/\/amboslo.esteri.it\/en\/wp-json\/wp\/v2\/posts\/1890","targetHints":{"allow":["GET"]}}],"collection":[{"href":"https:\/\/amboslo.esteri.it\/en\/wp-json\/wp\/v2\/posts"}],"about":[{"href":"https:\/\/amboslo.esteri.it\/en\/wp-json\/wp\/v2\/types\/post"}],"author":[{"embeddable":true,"href":"https:\/\/amboslo.esteri.it\/en\/wp-json\/wp\/v2\/users\/1"}],"replies":[{"embeddable":true,"href":"https:\/\/amboslo.esteri.it\/en\/wp-json\/wp\/v2\/comments?post=1890"}],"version-history":[{"count":0,"href":"https:\/\/amboslo.esteri.it\/en\/wp-json\/wp\/v2\/posts\/1890\/revisions"}],"wp:attachment":[{"href":"https:\/\/amboslo.esteri.it\/en\/wp-json\/wp\/v2\/media?parent=1890"}],"wp:term":[{"taxonomy":"post_tag","embeddable":true,"href":"https:\/\/amboslo.esteri.it\/en\/wp-json\/wp\/v2\/tags?post=1890"}],"curies":[{"name":"wp","href":"https:\/\/api.w.org\/{rel}","templated":true}]}}