{"id":1977,"date":"2016-04-04T11:29:57","date_gmt":"2016-04-04T09:29:57","guid":{"rendered":"https:\/\/amboslo.esteri.it\/news\/dall_ambasciata\/2016\/04\/dirigbile-norge-90-anni-2\/"},"modified":"2016-04-04T11:29:57","modified_gmt":"2016-04-04T09:29:57","slug":"dirigbile-norge-90-anni-2","status":"publish","type":"post","link":"https:\/\/amboslo.esteri.it\/en\/news\/dall_ambasciata\/2016\/04\/dirigbile-norge-90-anni-2\/","title":{"rendered":"90-\u00e5rsjubileet for\u00a0luftskipet \u201cNorges\u201d ankomst i Oslo. Minnemarkering."},"content":{"rendered":"<p><font color=\"#000000\" face=\"Times New Roman\"><br \/>\n<\/font><\/p>\n<p class=\"MsoNormal\" style=\"margin: 0cm 0cm 10pt;\"><span lang=\"EN-US\" style='line-height: 115%; font-family: \"Verdana\",\"sans-serif\"; font-size: 8pt;'><font color=\"#000000\">For 90 \u00e5r siden, den 14. april 1926, ankom<br \/>\nluftskipet \u201cNorge\u201d Oslo. Den italienske luftingeni\u00f8r Umberto Nobile hadde<br \/>\ntegnet luftfart\u00f8yet og det var Nobile selv som f\u00f8rte det etter \u00e5 ha lettet fra<br \/>\nCiampino-flyplassen i Roma. Fra Oslo fortsatte luftskipet Norge sin ferd til<br \/>\nNordpolen og videre til Alaska. Det var f\u00f8rste gang et luftfart\u00f8y gjennomf\u00f8rte<br \/>\nen flyvning mellom Europa og Amerika over Arktis og ekspedisjonen ble kjent som<br \/>\n\u201cAmundsen-Ellsworth-Nobile Transpolar Flight\u201d ettersom Amundsen var<br \/>\nekspedisjonsleder, Ellsworth var navigat\u00f8r og en viktig sponsor og Nobile<br \/>\nluftskipets konstrukt\u00f8r og pilot. <o:p><\/o:p><\/font><\/span><font color=\"#000000\" face=\"Times New Roman\"><\/p>\n<p><\/font><\/p>\n<p class=\"MsoNormal\" style=\"margin: 0cm 0cm 10pt;\"><span lang=\"EN-US\" style='line-height: 115%; font-family: \"Verdana\",\"sans-serif\"; font-size: 8pt;'><font color=\"#000000\">Italias ambassade \u00f8nsker \u00e5 markere denne dagen.<br \/>\n<span style=\"mso-spacerun: yes;\">\u00a0<\/span>I samarbeid med Dag Jarn\u00f8y, leder for<br \/>\nBekkelagsh\u00f8gda Lokalhistoriske Forening, blir det holdt en minnemarkering p\u00e5<br \/>\nEkebergsletta, p\u00e5 n\u00f8yaktig samme sted hvor masten som \u201dNorge\u201d ble fort\u00f8yet til<br \/>\nstod og hvor det for inntil noen \u00e5r siden ogs\u00e5 l\u00e5 en minneplakett med navnene<br \/>\ntil Amundsen, Ellsworth og Nobile. Markeringen finner sted torsdag 14. april, kl. 17.00.<span style=\"mso-spacerun: yes;\">\u00a0\u00a0<\/span>Til<br \/>\nmarkeringen vil representanter for myndigheter og Oslo kommune, relevante institusjoner, lokalpolitikere, historikere og pressen<br \/>\ninviteres.<o:p><\/o:p><\/font><\/span><\/p>\n<p><font color=\"#000000\" face=\"Times New Roman\"><\/p>\n<p><\/font><\/p>\n<p class=\"MsoNormal\" style=\"margin: 0cm 0cm 10pt;\"><span lang=\"EN-US\" style='line-height: 115%; font-family: \"Verdana\",\"sans-serif\"; font-size: 8pt;'><font color=\"#000000\">90-\u00e5rsjubileet for denne historiske<br \/>\nbegivenhet skjer i en tid hvor samarbeidet mellom Italia og Norge vokser seg<br \/>\nenda sterkere og bekrefter de langvarige og n\u00e6re bilaterale forbindelser som<br \/>\neksisterer mellom de to land, ogs\u00e5 p\u00e5 omr\u00e5der som forskning og teknologi,<br \/>\ntransport, kommunikasjon, Arktis. Akkurat i disse dager er det norske<br \/>\nkongeparet p\u00e5 statsbes\u00f8k i Italia.<o:p><\/o:p><\/font><\/span><\/p>\n<p><font color=\"#000000\" face=\"Times New Roman\"><\/p>\n<p><\/font><\/p>\n<p class=\"MsoNormal\" style=\"margin: 0cm 0cm 10pt;\"><span lang=\"EN-US\" style='line-height: 115%; font-family: \"Verdana\",\"sans-serif\"; font-size: 8pt;'><font color=\"#000000\">Alle interesserte er hjertelig velkommen<br \/>\ntil \u00e5 v\u00e6re tilstede.<span style=\"mso-spacerun: yes;\">\u00a0 <\/span><o:p><\/o:p><\/font><\/span><\/p>\n<p><font color=\"#000000\" face=\"Times New Roman\"><\/p>\n<p><\/font><\/p>\n<p class=\"MsoNormal\" style=\"margin: 0cm 0cm 10pt;\"><span lang=\"EN-US\" style='line-height: 115%; font-family: \"Verdana\",\"sans-serif\"; font-size: 8pt;'><font color=\"#000000\">For mer informasjon vennligst kontakt<br \/>\nAmbassaden<\/font><font color=\"#000000\">.<\/p>\n<p><img decoding=\"async\" alt=\"Norge1\" src=\"\/resource\/2016\/04\/47306_f_LuftsjipetNorge_Oslo_1927.jpg\" border=\"0\"><\/font><\/span><\/p>\n<p class=\"MsoNormal\" style=\"margin: 0cm 0cm 10pt;\"><span lang=\"EN-US\" style='line-height: 115%; font-family: \"Verdana\",\"sans-serif\"; font-size: 8pt;'><img decoding=\"async\" alt=\"Norge2\" src=\"\/resource\/2016\/04\/47307_f_LuftskipetNorge1.jpg\" border=\"0\"><br \/><span lang=\"IT\" style='line-height: 115%; font-family: \"Verdana\",\"sans-serif\"; font-size: 8pt;'><span lang=\"IT\" style='line-height: 115%; font-family: \"Verdana\",\"sans-serif\"; font-size: 8pt;'>Luftskipet Norge svever over\u00a0Oslo. Foto: Wilse\/Oslo Museum<br \/><\/span><\/span><\/span><\/p>\n<p class=\"MsoNormal\" style=\"margin: 0cm 0cm 10pt;\"><span lang=\"EN-US\" style='line-height: 115%; font-family: \"Verdana\",\"sans-serif\"; font-size: 8pt;'><span lang=\"EN-US\" style='line-height: 115%; font-family: \"Verdana\",\"sans-serif\"; font-size: 8pt;'><img loading=\"lazy\" decoding=\"async\" width=\"1247\" height=\"818\" style=\"width: 650px; height: 497px;\" alt=\"Norge5\" src=\"\/resource\/2016\/04\/47310_f_DirigibileNorge1926_photsf1.jpg\" border=\"0\"><br \/><span lang=\"IT\" style='line-height: 115%; font-family: \"Verdana\",\"sans-serif\"; font-size: 8pt;'>Luftskipet like f\u00f8r fort\u00f8yningen p\u00e5 Ekeberg, 14. april 1926. Foto: photo.sf.co.ua<br \/><\/span><\/span><\/span><\/p>\n<p class=\"MsoNormal\" style=\"margin: 0cm 0cm 10pt;\"><span lang=\"EN-US\" style='line-height: 115%; font-family: \"Verdana\",\"sans-serif\"; font-size: 8pt;'><span lang=\"EN-US\" style='line-height: 115%; font-family: \"Verdana\",\"sans-serif\"; font-size: 8pt;'><span lang=\"IT\" style='line-height: 115%; font-family: \"Verdana\",\"sans-serif\"; font-size: 8pt;'><\/span><\/span><\/span>\u00a0<span lang=\"EN-US\" style='line-height: 115%; font-family: \"Verdana\",\"sans-serif\"; font-size: 8pt;'><img decoding=\"async\" alt=\"Norge3\" src=\"\/resource\/2016\/04\/47308_f_LuftskipetNorge_1927.jpg\" border=\"0\"><br \/><span lang=\"IT\" style='line-height: 115%; font-family: \"Verdana\",\"sans-serif\"; font-size: 8pt;'>Luftskipet ved fort\u00f8yningsmasten p\u00e5 Ekeberg<\/span><\/span><\/p>\n<p class=\"MsoNormal\" style=\"margin: 0cm 0cm 10pt;\"><span lang=\"EN-US\" style='line-height: 115%; font-family: \"Verdana\",\"sans-serif\"; font-size: 8pt;'><img decoding=\"async\" alt=\"Norge4\" src=\"\/resource\/2016\/04\/47309_f_Tidens_Tegn_1926_LuftskipetNorge1.jpg\" border=\"0\"><br \/><span lang=\"IT\" style='line-height: 115%; font-family: \"Verdana\",\"sans-serif\"; font-size: 8pt;'><span lang=\"IT\" style='line-height: 115%; font-family: \"Verdana\",\"sans-serif\"; font-size: 8pt;'>F\u00f8rste siden i Tidens Tegn\u00a015. april 1926<br \/><\/span><\/span><\/span>\u00a0<\/p>\n<p><font color=\"#000000\" face=\"Times New Roman\"><\/p>\n<p><\/font><\/p>\n<p class=\"MsoNormal\" style=\"margin: 0cm 0cm 10pt;\"><span style='font-family: \"Verdana\",\"sans-serif\"; mso-ansi-language: NO-BOK;'><o:p><font color=\"#000000\">\u00a0<img decoding=\"async\" alt=\"Norge7\" src=\"\/resource\/2016\/04\/47311_f_DomenicadelCorriereBeltrameNorge1.jpg\" border=\"0\"><br \/><span lang=\"IT\" style='line-height: 115%; font-family: \"Verdana\",\"sans-serif\"; font-size: 8pt;'>\u00a0F\u00f8rste siden i Corriere della Sera 23. mai 1926<br \/><\/span><\/font><\/o:p><\/span><\/p>\n<p><font color=\"#000000\" face=\"Times New Roman\"><br \/>\n<\/font><font color=\"#000000\" face=\"Times New Roman\"><\/p>\n<p><\/font><\/p>\n<p class=\"MsoNormal\" style=\"margin: 0cm 0cm 10pt;\"><i style=\"mso-bidi-font-style: normal;\"><span style='font-family: \"Verdana\",\"sans-serif\"; mso-ansi-language: NO-BOK;'><o:p><font color=\"#000000\">\u00a0<\/font><\/o:p><\/span><\/i><\/p>\n<p><font color=\"#000000\" face=\"Times New Roman\"><\/p>\n<p><\/font><\/p>\n","protected":false},"excerpt":{"rendered":"For 90 \u00e5r siden, den 14. april 1926, ankom luftskipet \u201cNorge\u201d Oslo. Den italienske luftingeni\u00f8r Umberto Nobile hadde tegnet luftfart\u00f8yet og det var Nobile selv som f\u00f8rte det etter \u00e5 ha lettet fra Ciampino-flyplassen i Roma. Fra Oslo fortsatte luftskipet Norge sin ferd til Nordpolen og videre til Alaska. Det var f\u00f8rste gang et luftfart\u00f8y [&hellip;]","protected":false},"author":1,"featured_media":0,"comment_status":"","ping_status":"","sticky":false,"template":"","format":"standard","meta":{"footnotes":""},"tags":[],"class_list":["post-1977","post","type-post","status-publish","format-standard","hentry"],"_links":{"self":[{"href":"https:\/\/amboslo.esteri.it\/en\/wp-json\/wp\/v2\/posts\/1977","targetHints":{"allow":["GET"]}}],"collection":[{"href":"https:\/\/amboslo.esteri.it\/en\/wp-json\/wp\/v2\/posts"}],"about":[{"href":"https:\/\/amboslo.esteri.it\/en\/wp-json\/wp\/v2\/types\/post"}],"author":[{"embeddable":true,"href":"https:\/\/amboslo.esteri.it\/en\/wp-json\/wp\/v2\/users\/1"}],"replies":[{"embeddable":true,"href":"https:\/\/amboslo.esteri.it\/en\/wp-json\/wp\/v2\/comments?post=1977"}],"version-history":[{"count":0,"href":"https:\/\/amboslo.esteri.it\/en\/wp-json\/wp\/v2\/posts\/1977\/revisions"}],"wp:attachment":[{"href":"https:\/\/amboslo.esteri.it\/en\/wp-json\/wp\/v2\/media?parent=1977"}],"wp:term":[{"taxonomy":"post_tag","embeddable":true,"href":"https:\/\/amboslo.esteri.it\/en\/wp-json\/wp\/v2\/tags?post=1977"}],"curies":[{"name":"wp","href":"https:\/\/api.w.org\/{rel}","templated":true}]}}