{"id":2021,"date":"2015-09-11T13:52:08","date_gmt":"2015-09-11T11:52:08","guid":{"rendered":"https:\/\/amboslo.esteri.it\/news\/dall_ambasciata\/2015\/09\/lettera-aperta-pdc-renzi-2\/"},"modified":"2015-09-11T13:52:08","modified_gmt":"2015-09-11T11:52:08","slug":"lettera-aperta-pdc-renzi-2","status":"publish","type":"post","link":"https:\/\/amboslo.esteri.it\/en\/news\/dall_ambasciata\/2015\/09\/lettera-aperta-pdc-renzi-2\/","title":{"rendered":"Flyktningkrisen: Italias statsminister svarer p\u00e5 et opprop\u00a0signert av\u00a013 europeiske\u00a0aviser, deriblant norske Morgenbladet."},"content":{"rendered":"<p><font color=\"#000000\" face=\"Times New Roman\"><br \/>\n<\/font><\/p>\n<p class=\"MsoNormal\" style=\"margin: 0cm 0cm 10pt;\"><span style='line-height: 115%; font-family: \"Verdana\",\"sans-serif\"; font-size: 8pt; mso-ansi-language: NO-BOK;'><font color=\"#000000\">Italias<br \/>\nstatsminister Matteo Renzi svarer i dag\u00a0med et \u00e5pent brev p\u00e5 et opprop sendt ut i g\u00e5r og <\/font><\/span><span style='line-height: 115%; font-family: \"Verdana\",\"sans-serif\"; font-size: 8pt; mso-ansi-language: NO-BOK;'><font color=\"#000000\">signert av\u00a013 europeiske\u00a0aviser, deriblant<br \/>\nnorske Morgenbladet.\u00a0<\/font><\/span><\/p>\n<p class=\"MsoNormal\" style=\"margin: 0cm 0cm 10pt;\"><span style='line-height: 115%; font-family: \"Verdana\",\"sans-serif\"; font-size: 8pt; mso-ansi-language: NO-BOK;'><font color=\"#000000\">Svaret fra Italias statsminister: &#8220;<span style=\"text-decoration: underline;\"><a title=\"F\u00f8lelser er viktige, men i dag er det f\u00f8rst og fremst handling vi trenger\" href=\"http:\/\/morgenbladet.no\/aktuelt\/2015\/09\/ett-minutts-stillhet-er-ikke-nok\">F\u00f8lelser er viktige, men i dag er det f\u00f8rst og fremst handling vi trenger<\/a>&#8220;<\/span>.<\/p>\n<p>\u00a0<\/font><\/span><span lang=\"EN-US\" style='line-height: 115%; font-family: \"Verdana\",\"sans-serif\"; font-size: 8pt;'><span lang=\"EN-US\" style='line-height: 115%; font-family: \"Verdana\",\"sans-serif\"; font-size: 8pt;'><font size=\"3\"><br \/><\/font><a href=\"http:\/\/morgenbladet.no\/2015\/09\/en-appell-til-vare-ledere\"><span lang=\"NO-BOK\" style=\"mso-ansi-language: NO-BOK;\"><font color=\"#0000ff\">Oppropet <\/font><\/span><\/a><\/span><\/span><\/p>\n<p><span lang=\"EN-US\" style='line-height: 115%; font-family: \"Verdana\",\"sans-serif\"; font-size: 8pt;'><\/p>\n<p class=\"MsoNormal\" style=\"margin: 0cm 0cm 10pt;\">\u00a0<\/p>\n<p class=\"MsoNormal\" style=\"margin: 0cm 0cm 10pt;\"><img decoding=\"async\" alt=\"\" src=\"http:\/\/www.governo.it\/backoffice\/allegati\/78917-img.gif\"><\/p>\n<p><o:p><\/o:p><\/span><font color=\"#000000\" face=\"Times New Roman\"><\/p>\n<p><\/font><\/p>\n","protected":false},"excerpt":{"rendered":"Italias statsminister Matteo Renzi svarer i dag\u00a0med et \u00e5pent brev p\u00e5 et opprop sendt ut i g\u00e5r og signert av\u00a013 europeiske\u00a0aviser, deriblant norske Morgenbladet.\u00a0 Svaret fra Italias statsminister: &#8220;F\u00f8lelser er viktige, men i dag er det f\u00f8rst og fremst handling vi trenger&#8220;. \u00a0Oppropet \u00a0","protected":false},"author":1,"featured_media":0,"comment_status":"","ping_status":"","sticky":false,"template":"","format":"standard","meta":{"footnotes":""},"tags":[],"class_list":["post-2021","post","type-post","status-publish","format-standard","hentry"],"_links":{"self":[{"href":"https:\/\/amboslo.esteri.it\/en\/wp-json\/wp\/v2\/posts\/2021","targetHints":{"allow":["GET"]}}],"collection":[{"href":"https:\/\/amboslo.esteri.it\/en\/wp-json\/wp\/v2\/posts"}],"about":[{"href":"https:\/\/amboslo.esteri.it\/en\/wp-json\/wp\/v2\/types\/post"}],"author":[{"embeddable":true,"href":"https:\/\/amboslo.esteri.it\/en\/wp-json\/wp\/v2\/users\/1"}],"replies":[{"embeddable":true,"href":"https:\/\/amboslo.esteri.it\/en\/wp-json\/wp\/v2\/comments?post=2021"}],"version-history":[{"count":0,"href":"https:\/\/amboslo.esteri.it\/en\/wp-json\/wp\/v2\/posts\/2021\/revisions"}],"wp:attachment":[{"href":"https:\/\/amboslo.esteri.it\/en\/wp-json\/wp\/v2\/media?parent=2021"}],"wp:term":[{"taxonomy":"post_tag","embeddable":true,"href":"https:\/\/amboslo.esteri.it\/en\/wp-json\/wp\/v2\/tags?post=2021"}],"curies":[{"name":"wp","href":"https:\/\/api.w.org\/{rel}","templated":true}]}}