{"id":2085,"date":"2014-11-12T11:17:25","date_gmt":"2014-11-12T10:17:25","guid":{"rendered":"https:\/\/amboslo.esteri.it\/news\/dall_ambasciata\/2014\/11\/incontro-con-presidente-grimsson-2\/"},"modified":"2014-11-12T11:17:25","modified_gmt":"2014-11-12T10:17:25","slug":"incontro-con-presidente-grimsson-2","status":"publish","type":"post","link":"https:\/\/amboslo.esteri.it\/en\/news\/dall_ambasciata\/2014\/11\/incontro-con-presidente-grimsson-2\/","title":{"rendered":"Ambassador Giorgio Novello received by the President of the Republic of Iceland \u00d3lafur Ragnar Gr\u00edmsson\u00a0at Bessastadir."},"content":{"rendered":"<p><font color=\"#000000\" face=\"Times New Roman\"><br \/>\n<\/font><\/p>\n<p class=\"MsoNormal\" style=\"margin: 0cm 0cm 0pt;\"><span lang=\"EN-US\" style='font-family: \"Verdana\",\"sans-serif\"; font-size: 8pt; mso-ansi-language: EN-US;'><font color=\"#000000\">After having attended\u00a0 the Arctic Circle Assembly<br \/>\n2014, a forum for dialogue and discussions on Arctic issues, launched last year<br \/>\nby the President of the Republic of Iceland \u00d3lafur Ragnar Gr\u00edmsson, Ambassador<br \/>\nGiorgio Novello has had the honour to have a lengthy and cordial meeting with<br \/>\nPresident Gr\u00edmsson\u00a0at<\/font><\/span><span lang=\"EN-US\" style='font-family: \"Verdana\",\"sans-serif\"; font-size: 8pt; mso-ansi-language: EN-US;'><font color=\"#000000\">\u00a0Bessastadir, the official residence of the President.<br \/>\nDuring the meeting the excellent status of the bilateral relations between<br \/>\nItaly and Iceland has been underscored and ways to further strengthen them have<br \/>\nbeen considered.<o:p><\/o:p><\/font><\/span><\/p>\n<p><font color=\"#000000\" face=\"Times New Roman\"><\/p>\n<p><\/font><span lang=\"EN-US\" style='font-family: \"Verdana\",\"sans-serif\"; font-size: 8pt; mso-ansi-language: EN-US;'><o:p><font color=\"#000000\"><\/p>\n<p class=\"MsoNormal\" style=\"margin: 0cm 0cm 0pt;\">\n<p><img decoding=\"async\" alt=\"Bessastadir\" src=\"\/resource\/2014\/11\/37318_f_bessastadir1.jpg\" border=\"0\"><br \/><font size=\"2\">Bessastadir <\/font><\/p>\n<p><span lang=\"IT\" style='line-height: 150%; font-family: \"Verdana\",\"sans-serif\"; font-size: 8pt; mso-ansi-language: IT;'><\/span>\u00a0<\/p>\n<p><span lang=\"IT\" style='line-height: 150%; font-family: \"Verdana\",\"sans-serif\"; font-size: 8pt; mso-ansi-language: IT;'><img loading=\"lazy\" decoding=\"async\" width=\"610\" height=\"409\" style=\"width: 441px; height: 250px;\" alt=\"Grimsson Arctic Circle\" src=\"\/resource\/2014\/11\/37319_f_IMG_7701.JPG\" border=\"0\"><\/span><font color=\"#000000\" face=\"Times New Roman\">\u00a0<br \/><font face=\"Verdana\" size=\"2\">President Gr\u00edmsson speaks at the opening of Arctic Circle 2014<\/font><\/font><\/p>\n<p><\/font><\/p>\n<p class=\"MsoNormal\" style=\"margin: 0cm 0cm 0pt;\">\n<p><\/o:p><\/p>\n<p class=\"MsoNormal\" style=\"margin: 0cm 0cm 0pt;\">\n<p><\/span><\/p>\n<p class=\"MsoNormal\" style=\"margin: 0cm 0cm 0pt;\">\n<p><font color=\"#000000\" face=\"Times New Roman\"><\/p>\n<p><\/font><\/p>\n","protected":false},"excerpt":{"rendered":"After having attended\u00a0 the Arctic Circle Assembly 2014, a forum for dialogue and discussions on Arctic issues, launched last year by the President of the Republic of Iceland \u00d3lafur Ragnar Gr\u00edmsson, Ambassador Giorgio Novello has had the honour to have a lengthy and cordial meeting with President Gr\u00edmsson\u00a0at\u00a0Bessastadir, the official residence of the President. During [&hellip;]","protected":false},"author":1,"featured_media":0,"comment_status":"","ping_status":"","sticky":false,"template":"","format":"standard","meta":{"footnotes":""},"tags":[],"class_list":["post-2085","post","type-post","status-publish","format-standard","hentry"],"_links":{"self":[{"href":"https:\/\/amboslo.esteri.it\/en\/wp-json\/wp\/v2\/posts\/2085","targetHints":{"allow":["GET"]}}],"collection":[{"href":"https:\/\/amboslo.esteri.it\/en\/wp-json\/wp\/v2\/posts"}],"about":[{"href":"https:\/\/amboslo.esteri.it\/en\/wp-json\/wp\/v2\/types\/post"}],"author":[{"embeddable":true,"href":"https:\/\/amboslo.esteri.it\/en\/wp-json\/wp\/v2\/users\/1"}],"replies":[{"embeddable":true,"href":"https:\/\/amboslo.esteri.it\/en\/wp-json\/wp\/v2\/comments?post=2085"}],"version-history":[{"count":0,"href":"https:\/\/amboslo.esteri.it\/en\/wp-json\/wp\/v2\/posts\/2085\/revisions"}],"wp:attachment":[{"href":"https:\/\/amboslo.esteri.it\/en\/wp-json\/wp\/v2\/media?parent=2085"}],"wp:term":[{"taxonomy":"post_tag","embeddable":true,"href":"https:\/\/amboslo.esteri.it\/en\/wp-json\/wp\/v2\/tags?post=2085"}],"curies":[{"name":"wp","href":"https:\/\/api.w.org\/{rel}","templated":true}]}}