{"id":2141,"date":"2014-02-07T13:52:05","date_gmt":"2014-02-07T12:52:05","guid":{"rendered":"https:\/\/amboslo.esteri.it\/news\/dall_ambasciata\/2014\/02\/comenius-askim-2\/"},"modified":"2014-02-07T13:52:05","modified_gmt":"2014-02-07T12:52:05","slug":"comenius-askim-2","status":"publish","type":"post","link":"https:\/\/amboslo.esteri.it\/en\/news\/dall_ambasciata\/2014\/02\/comenius-askim-2\/","title":{"rendered":"Ambassad\u00f8r Giorgio Novello bes\u00f8ker Askim Videreg\u00e5ende og m\u00f8ter italienske elever."},"content":{"rendered":"<p><P style=\"LINE-HEIGHT: normal; MARGIN: 0cm 0cm 10pt\" class=\"MsoNormal\"><SPAN style=\"FONT-FAMILY: 'Verdana','sans-serif'; FONT-SIZE: 8pt; mso-fareast-font-family: 'Times New Roman'; mso-bidi-font-family: 'Times New Roman'; mso-ansi-language: NO-BOK\" lang=\"NO-BOK\"><FONT color=\"#000000\"><IMG alt=\"\" src=\"http:\/\/www.programmallp.it\/images\/comenius\/header_logo.png\"><\/FONT><\/SPAN><\/P><br \/>\n<P style=\"LINE-HEIGHT: normal; MARGIN: 0cm 0cm 10pt\" class=\"MsoNormal\"><SPAN style=\"FONT-FAMILY: 'Verdana','sans-serif'; FONT-SIZE: 8pt; mso-fareast-font-family: 'Times New Roman'; mso-bidi-font-family: 'Times New Roman'; mso-ansi-language: NO-BOK\" lang=\"NO-BOK\"><FONT color=\"#000000\">Ambassad\u00f8r Giorgio Novello bes\u00f8kte i g\u00e5r Askim Videreg\u00e5ende Skole i forbindelse med et utvekslingsprogram mellom Askim VGS og den italienske videreg\u00e5ende skolen \u201d Liceo Classico e Istituto Tecnico economico dell\u2019Istituto San Gregorio Barbarigo\u201d i Padova.<?xml:namespace prefix = \"o\" ns = \"urn:schemas-microsoft-com:office:office\" \/><o:p><\/o:p><\/FONT><\/SPAN><\/P><br \/>\n<P style=\"LINE-HEIGHT: normal; MARGIN: 0cm 0cm 10pt\" class=\"MsoNormal\"><SPAN style=\"FONT-FAMILY: 'Verdana','sans-serif'; FONT-SIZE: 8pt; mso-fareast-font-family: 'Times New Roman'; mso-bidi-font-family: 'Times New Roman'; mso-ansi-language: NO-BOK\" lang=\"NO-BOK\"><FONT color=\"#000000\">Utvekslingsprogrammet er en del av EU-programmet \u201dComenius\u201d og det har p\u00e5g\u00e5tt i over 10 \u00e5r med stor suksess og tilfredsstillelse hos alle parter.<o:p><\/o:p><\/FONT><\/SPAN><\/P><br \/>\n<P style=\"LINE-HEIGHT: normal; MARGIN: 0cm 0cm 10pt\" class=\"MsoNormal\"><SPAN style=\"FONT-FAMILY: 'Verdana','sans-serif'; FONT-SIZE: 8pt; mso-fareast-font-family: 'Times New Roman'; mso-bidi-font-family: 'Times New Roman'; mso-ansi-language: NO-BOK\" lang=\"NO-BOK\"><FONT color=\"#000000\">Sammen med medelever fra Spania, Slovenia og Nederland deltar de italienske elevene\u00a0i en fordypningsuke over viktige\u00a0aktuelle temaer &#8211;\u00a0energi, mat, transport, utdanning, boligbygging &#8211;\u00a0som de m\u00e5 belyse\u00a0med egne bidrag. Felles arbeidsspr\u00e5ket var engelsk.<o:p><\/o:p><\/FONT><\/SPAN><\/P><br \/>\n<P style=\"LINE-HEIGHT: normal; MARGIN: 0cm 0cm 10pt\" class=\"MsoNormal\"><SPAN style=\"FONT-FAMILY: 'Verdana','sans-serif'; FONT-SIZE: 8pt; mso-fareast-font-family: 'Times New Roman'; mso-bidi-font-family: 'Times New Roman'; mso-ansi-language: NO-BOK\" lang=\"NO-BOK\"><FONT color=\"#000000\">Ambassad\u00f8ren fikk anledning til \u00e5\u00a0m\u00f8te og samtale\u00a0med elevene, l\u00e6rerne Silvia Peron og Rachele Battan, assisterende rektor Arnfinn L\u00f8ken (ansvarlig for internasjonaliseringsprogrammet) og Project Manager Rolf Gulla. Han fremhevet spesielt\u00a0hvilken rollen slike programmer har i utviklingen av en internasjonal tenkem\u00e5te og i deltakernes personlige og kulturelle utvikling.<o:p><\/o:p><\/FONT><\/SPAN><\/P><br \/>\n<P style=\"LINE-HEIGHT: normal; MARGIN: 0cm 0cm 10pt\" class=\"MsoNormal\"><SPAN style=\"FONT-FAMILY: 'Verdana','sans-serif'; FONT-SIZE: 8pt; mso-fareast-font-family: 'Times New Roman'; mso-bidi-font-family: 'Times New Roman'; mso-ansi-language: NO-BOK\" lang=\"NO-BOK\"><FONT color=\"#000000\">Det neste m\u00f8tet finner sted i Padova til v\u00e5ren. Der vil de norske elevene bli gjestet av de italienske elevene og f\u00e5 mulighet til \u00e5 bes\u00f8ke noen av de vakreste byene i Italia, som Venezia og Verona.<o:p><\/o:p><\/FONT><\/SPAN><\/P><br \/>\n<P style=\"LINE-HEIGHT: normal; MARGIN: 0cm 0cm 10pt\" class=\"MsoNormal\"><SPAN style=\"FONT-FAMILY: 'Verdana','sans-serif'; FONT-SIZE: 8pt; mso-fareast-font-family: 'Times New Roman'; mso-bidi-font-family: 'Times New Roman'; mso-ansi-language: NO-BOK\" lang=\"NO-BOK\"><FONT color=\"#000000\">M\u00f8tet i g\u00e5r var ogs\u00e5 ment som starten\u00a0p\u00e5 et strukturert samarbeid mellom Ambassaden, Istituto Barbarigo og Askim VGS som tar sikte p\u00e5 \u00e5 styrke ytterligere det allerede solide partnerskapet mellom de norske og de italienske elevene. Det kan man komme tilbake til i Padova til v\u00e5ren. Oppdateringer vil bli publisert her.<o:p><\/o:p><\/FONT><\/SPAN><\/P><br \/>\n<P style=\"LINE-HEIGHT: normal; MARGIN: 0cm 0cm 10pt\" class=\"MsoNormal\"><SPAN style=\"FONT-FAMILY: 'Verdana','sans-serif'; FONT-SIZE: 8pt; mso-fareast-font-family: 'Times New Roman'; mso-bidi-font-family: 'Times New Roman'; mso-ansi-language: NO-BOK\" lang=\"NO-BOK\"><o:p><FONT color=\"#000000\">\u00a0<IMG alt=\"askim1\" src=\"\/resource\/2014\/02\/30710_f_Askimvgs1.jpg\"><\/FONT><\/o:p><\/SPAN><\/P><br \/>\n<P style=\"LINE-HEIGHT: normal; MARGIN: 0cm 0cm 10pt\" class=\"MsoNormal\"><SPAN style=\"FONT-FAMILY: 'Verdana','sans-serif'; FONT-SIZE: 8pt; mso-fareast-font-family: 'Times New Roman'; mso-bidi-font-family: 'Times New Roman'; mso-ansi-language: NO-BOK\" lang=\"NO-BOK\"><FONT color=\"#000000\">Ambassad\u00f8ren sammen med l\u00e6rerne Silvia Peron og Rachele Battan og\u00a0ass. rektor Arnfinn L\u00f8ken<o:p><\/o:p><\/FONT><\/SPAN><\/P><br \/>\n<P style=\"LINE-HEIGHT: normal; MARGIN: 0cm 0cm 10pt\" class=\"MsoNormal\"><SPAN style=\"FONT-FAMILY: 'Verdana','sans-serif'; FONT-SIZE: 8pt; mso-fareast-font-family: 'Times New Roman'; mso-bidi-font-family: 'Times New Roman'; mso-ansi-language: NO-BOK\" lang=\"NO-BOK\"><o:p><FONT color=\"#000000\">\u00a0<IMG alt=\"askim2\" src=\"\/resource\/2014\/02\/30711_f_Askimvgs2.jpg\"><\/FONT><\/o:p><\/SPAN><\/P><br \/>\n<P style=\"LINE-HEIGHT: normal; MARGIN: 0cm 0cm 10pt\" class=\"MsoNormal\"><SPAN style=\"FONT-FAMILY: 'Verdana','sans-serif'; FONT-SIZE: 8pt; mso-fareast-font-family: 'Times New Roman'; mso-bidi-font-family: 'Times New Roman'; mso-ansi-language: IT\" lang=\"IT\"><FONT color=\"#000000\">Ambassad\u00f8ren og de italienske elevene<\/FONT><\/SPAN><\/P><br \/>\n<P style=\"LINE-HEIGHT: normal; MARGIN: 0cm 0cm 10pt\" class=\"MsoNormal\"><SPAN style=\"FONT-FAMILY: 'Verdana','sans-serif'; FONT-SIZE: 8pt; mso-fareast-font-family: 'Times New Roman'; mso-bidi-font-family: 'Times New Roman'; mso-ansi-language: IT\" lang=\"IT\"><FONT color=\"#000000\"><IMG alt=\"askim3\" src=\"\/resource\/2014\/02\/30714_f_askim3.jpg\"><o:p><\/o:p><\/FONT><\/SPAN><\/P><\/p>\n","protected":false},"excerpt":{"rendered":"Ambassad\u00f8r Giorgio Novello bes\u00f8kte i g\u00e5r Askim Videreg\u00e5ende Skole i forbindelse med et utvekslingsprogram mellom Askim VGS og den italienske videreg\u00e5ende skolen \u201d Liceo Classico e Istituto Tecnico economico dell\u2019Istituto San Gregorio Barbarigo\u201d i Padova. Utvekslingsprogrammet er en del av EU-programmet \u201dComenius\u201d og det har p\u00e5g\u00e5tt i over 10 \u00e5r med stor suksess og tilfredsstillelse [&hellip;]","protected":false},"author":1,"featured_media":0,"comment_status":"","ping_status":"","sticky":false,"template":"","format":"standard","meta":{"footnotes":""},"tags":[],"class_list":["post-2141","post","type-post","status-publish","format-standard","hentry"],"_links":{"self":[{"href":"https:\/\/amboslo.esteri.it\/en\/wp-json\/wp\/v2\/posts\/2141","targetHints":{"allow":["GET"]}}],"collection":[{"href":"https:\/\/amboslo.esteri.it\/en\/wp-json\/wp\/v2\/posts"}],"about":[{"href":"https:\/\/amboslo.esteri.it\/en\/wp-json\/wp\/v2\/types\/post"}],"author":[{"embeddable":true,"href":"https:\/\/amboslo.esteri.it\/en\/wp-json\/wp\/v2\/users\/1"}],"replies":[{"embeddable":true,"href":"https:\/\/amboslo.esteri.it\/en\/wp-json\/wp\/v2\/comments?post=2141"}],"version-history":[{"count":0,"href":"https:\/\/amboslo.esteri.it\/en\/wp-json\/wp\/v2\/posts\/2141\/revisions"}],"wp:attachment":[{"href":"https:\/\/amboslo.esteri.it\/en\/wp-json\/wp\/v2\/media?parent=2141"}],"wp:term":[{"taxonomy":"post_tag","embeddable":true,"href":"https:\/\/amboslo.esteri.it\/en\/wp-json\/wp\/v2\/tags?post=2141"}],"curies":[{"name":"wp","href":"https:\/\/api.w.org\/{rel}","templated":true}]}}