{"id":2145,"date":"2014-01-29T11:14:07","date_gmt":"2014-01-29T10:14:07","guid":{"rendered":"https:\/\/amboslo.esteri.it\/news\/dall_ambasciata\/2014\/01\/giornatadellamemoria-2\/"},"modified":"2014-01-29T11:14:07","modified_gmt":"2014-01-29T10:14:07","slug":"giornatadellamemoria-2","status":"publish","type":"post","link":"https:\/\/amboslo.esteri.it\/en\/news\/dall_ambasciata\/2014\/01\/giornatadellamemoria-2\/","title":{"rendered":"Den internasjonale holocaustdagen &#8211; minnemarkeringen ved Akershuskaia."},"content":{"rendered":"<p><P style=\"MARGIN: 0cm 0cm 10pt\" class=\"MsoNormal\"><FONT color=\"#000000\"><SPAN style=\"LINE-HEIGHT: 115%; FONT-FAMILY: 'Verdana','sans-serif'; FONT-SIZE: 8pt\"><IMG border=\"0\" alt=\"holocaust\" src=\"\/resource\/2014\/01\/30389_f_UNHolocaustpicture1.bmp\"><\/SPAN><\/FONT><\/P><P style=\"MARGIN: 0cm 0cm 10pt\" class=\"MsoNormal\"><FONT color=\"#000000\"><SPAN style=\"LINE-HEIGHT: 115%; FONT-FAMILY: 'Verdana','sans-serif'; FONT-SIZE: 8pt\">Den internasjonale holocaustdagen (27. januar) er en \u00e5rlig internasjonal minnedag, opprettet av FN til minne om ofrene for holocaust. <\/SPAN><SPAN style=\"LINE-HEIGHT: 115%; FONT-FAMILY: 'Verdana','sans-serif'; FONT-SIZE: 8pt; mso-ansi-language: NO-BOK\" lang=\"NO-BOK\">Den 27. januar 1945 kom sovjetiske styrker fra Den r\u00f8de Armeen fram til Auschwitz og satt fri de overlevende fangene.<?xml:namespace prefix = \"o\" ns = \"urn:schemas-microsoft-com:office:office\" \/><o:p><\/o:p><\/SPAN><\/FONT><\/P><br \/>\n<P style=\"MARGIN: 0cm 0cm 10pt\" class=\"MsoNormal\"><FONT color=\"#000000\"><SPAN style=\"LINE-HEIGHT: 115%; FONT-FAMILY: 'Verdana','sans-serif'; FONT-SIZE: 8pt; mso-ansi-language: NO-BOK\" lang=\"NO-BOK\">Ogs\u00e5 i \u00e5r fant markeringen i Oslo sted p\u00e5 Akershuskaia ved Antony Gormleys minnesmerke -\u00e5tte tomme rustne\u00a0stoler. Hans Majestet Kong Harald og Stortingspresidenten var tilstede ved h\u00f8ytideligheten. Ambassad\u00f8r Giorgio Novello representerte Italia. Kunnskapsminister Torbj\u00f8rn R\u00f8e Isaksen holdte hovedtalen og kortere appeller ble ogs\u00e5 holdt av representanter for grupper som ble rammet av Holocaust. <\/SPAN><SPAN style=\"LINE-HEIGHT: 115%; FONT-FAMILY: 'Verdana','sans-serif'; FONT-SIZE: 8pt\">Blant de mange fremm\u00f8tte var ogs\u00e5 Samuel Steinmann, den siste overlevende av de norske j\u00f8dene som ble sendt til Auschwitz.<\/SPAN><\/FONT><\/P><br \/>\n<P style=\"MARGIN: 0cm 0cm 10pt\" class=\"MsoNormal\"><FONT color=\"#000000\"><SPAN style=\"LINE-HEIGHT: 115%; FONT-FAMILY: 'Verdana','sans-serif'; FONT-SIZE: 8pt\"><\/SPAN><\/FONT>\u00a0<\/P><br \/>\n<P style=\"MARGIN: 0cm 0cm 10pt\" class=\"MsoNormal\"><FONT color=\"#000000\"><SPAN style=\"LINE-HEIGHT: 115%; FONT-FAMILY: 'Verdana','sans-serif'; FONT-SIZE: 8pt\"><IMG border=\"0\" alt=\"tommestoler\" src=\"\/resource\/2014\/01\/30390_f_minnestolerAkershuskaia1.bmp\"><o:p><\/o:p><\/SPAN><\/FONT><\/P><\/p>\n","protected":false},"excerpt":{"rendered":"Den internasjonale holocaustdagen (27. januar) er en \u00e5rlig internasjonal minnedag, opprettet av FN til minne om ofrene for holocaust. Den 27. januar 1945 kom sovjetiske styrker fra Den r\u00f8de Armeen fram til Auschwitz og satt fri de overlevende fangene. Ogs\u00e5 i \u00e5r fant markeringen i Oslo sted p\u00e5 Akershuskaia ved Antony Gormleys minnesmerke -\u00e5tte tomme [&hellip;]","protected":false},"author":1,"featured_media":0,"comment_status":"","ping_status":"","sticky":false,"template":"","format":"standard","meta":{"footnotes":""},"tags":[],"class_list":["post-2145","post","type-post","status-publish","format-standard","hentry"],"_links":{"self":[{"href":"https:\/\/amboslo.esteri.it\/en\/wp-json\/wp\/v2\/posts\/2145","targetHints":{"allow":["GET"]}}],"collection":[{"href":"https:\/\/amboslo.esteri.it\/en\/wp-json\/wp\/v2\/posts"}],"about":[{"href":"https:\/\/amboslo.esteri.it\/en\/wp-json\/wp\/v2\/types\/post"}],"author":[{"embeddable":true,"href":"https:\/\/amboslo.esteri.it\/en\/wp-json\/wp\/v2\/users\/1"}],"replies":[{"embeddable":true,"href":"https:\/\/amboslo.esteri.it\/en\/wp-json\/wp\/v2\/comments?post=2145"}],"version-history":[{"count":0,"href":"https:\/\/amboslo.esteri.it\/en\/wp-json\/wp\/v2\/posts\/2145\/revisions"}],"wp:attachment":[{"href":"https:\/\/amboslo.esteri.it\/en\/wp-json\/wp\/v2\/media?parent=2145"}],"wp:term":[{"taxonomy":"post_tag","embeddable":true,"href":"https:\/\/amboslo.esteri.it\/en\/wp-json\/wp\/v2\/tags?post=2145"}],"curies":[{"name":"wp","href":"https:\/\/api.w.org\/{rel}","templated":true}]}}