{"id":2149,"date":"2014-01-27T10:07:38","date_gmt":"2014-01-27T09:07:38","guid":{"rendered":"https:\/\/amboslo.esteri.it\/news\/dall_ambasciata\/2014\/01\/credenziali-islanda-2\/"},"modified":"2014-01-27T10:07:38","modified_gmt":"2014-01-27T09:07:38","slug":"credenziali-islanda-2","status":"publish","type":"post","link":"https:\/\/amboslo.esteri.it\/en\/news\/dall_ambasciata\/2014\/01\/credenziali-islanda-2\/","title":{"rendered":"Giorgio Novello\u00a0Ambassador of Italy to Iceland &#8211;\u00a0presentation of credentials to the President of the Republic of Iceland \u00d3lafur Ragnar Gr\u00edmsson."},"content":{"rendered":"<p><P style=\"MARGIN: 0cm 0cm 10pt\" class=\"MsoNormal\"><SPAN style=\"LINE-HEIGHT: 115%; FONT-FAMILY: 'Verdana','sans-serif'; FONT-SIZE: 8pt\"><?xml:namespace prefix = \"o\" ns = \"urn:schemas-microsoft-com:office:office\" \/><o:p><FONT color=\"#000000\"><\/FONT><\/o:p><\/SPAN><\/P><P style=\"MARGIN: 0cm 0cm 10pt\" class=\"MsoNormal\"><SPAN style=\"LINE-HEIGHT: 115%; FONT-FAMILY: 'Verdana','sans-serif'; FONT-SIZE: 8pt\"><o:p><FONT color=\"#000000\"><\/FONT><\/o:p><\/SPAN><\/P><br \/>\n<P style=\"MARGIN: 0cm 0cm 10pt\" class=\"MsoNormal\"><SPAN style=\"LINE-HEIGHT: 115%; FONT-FAMILY: 'Verdana','sans-serif'; FONT-SIZE: 8pt\"><o:p><FONT color=\"#000000\"><\/FONT><\/o:p><\/SPAN><\/P><br \/>\n<P style=\"MARGIN: 0cm 0cm 10pt\" class=\"MsoNormal\"><SPAN style=\"LINE-HEIGHT: 115%; FONT-FAMILY: 'Verdana','sans-serif'; FONT-SIZE: 8pt\"><FONT color=\"#000000\">On 15th January Ambassador Giorgio Novello assumed his duties as Ambassador of Italy to Iceland by presenting his credentials to the President of the Republic of Iceland \u00d3lafur Ragnar Gr\u00edmsson. The ceremony was held at the Presidential Residence at Bessasta\u00f0ir and was followed by a long and cordial conversation between the President and the new Ambassador on the relations between Italy and Iceland.<BR><BR>During his stay in Iceland Ambassador Novello had meetings with the Permanent Secretary General, the Chief of Protocol and high officials at the Ministry of Foreign Affairs, the General Director of the Icelandic Coast Guard, the Rector and Vice Rector of the University of Iceland. The Ambassador had also the occasion to meet the EU colleagues resident in Reykjavik.<o:p><\/o:p><\/FONT><\/SPAN><\/P><br \/>\n<P style=\"MARGIN: 0cm 0cm 10pt\" class=\"MsoNormal\"><SPAN style=\"LINE-HEIGHT: 115%; FONT-FAMILY: 'Verdana','sans-serif'; FONT-SIZE: 8pt\"><FONT color=\"#000000\">Ambassador Novello met representatives of the Italian community and since this was his first visit to Iceland, he took the opportunity to visit the premises of the Italian Honorary Consulate-General headed by Honorary Consul General Petur Bj\u00f6rnsson who assisted the Ambassador throughout the entire stay and with whom the Ambassador discussed ways ad means of strengthening the assistance to Italian citizens living in the country. Ambassador Novello paid also a visit to the Iceland Hyperbaric Chamber which has been operating at the National University Hospital in Reykjavik <SPAN style=\"mso-spacerun: yes\">\u00a0<\/SPAN>for over twenty years thanks to an Icelandic-Italian cooperation project.<o:p><\/o:p><\/FONT><\/SPAN><\/P><br \/>\n<P style=\"MARGIN: 0cm 0cm 10pt\" class=\"MsoNormal\"><SPAN style=\"LINE-HEIGHT: 115%; FONT-FAMILY: 'Verdana','sans-serif'; FONT-SIZE: 8pt\"><FONT color=\"#000000\">In his meetings with Icelandic counterparts Ambassador Novello has\u00a0stressed the close relations existing between Italy and Iceland in the political, economic and cultural sectors and the importance of the valuable contribution made in this respect by the Italian community. Ambassador Novello also highlighted Italy\u2019s strong and increasing interest in the Arctic culminated with the admission of Italy as permanent observer country to the Arctic Council in May last year.<BR><\/FONT><\/SPAN><\/P><br \/>\n<P style=\"MARGIN: 0cm 0cm 10pt\" class=\"MsoNormal\"><SPAN style=\"LINE-HEIGHT: 115%; FONT-FAMILY: 'Verdana','sans-serif'; FONT-SIZE: 8pt\"><FONT color=\"#000000\">Bessasta\u00f0ir<o:p><\/o:p><\/FONT><\/SPAN><\/P><br \/>\n<P><IMG style=\"WIDTH: 220px; HEIGHT: 156px\" border=\"0\" hspace=\"6\" vspace=\"6\" align=\"left\" src=\"http:\/\/english.forseti.is\/media\/orginal\/8e17b383c7f49b6.jpg\"><\/P><br \/>\n<P><FONT color=\"#000000\"><\/FONT>\u00a0<\/P><br \/>\n<P>\u00a0<\/P><\/p>\n","protected":false},"excerpt":{"rendered":"On 15th January Ambassador Giorgio Novello assumed his duties as Ambassador of Italy to Iceland by presenting his credentials to the President of the Republic of Iceland \u00d3lafur Ragnar Gr\u00edmsson. The ceremony was held at the Presidential Residence at Bessasta\u00f0ir and was followed by a long and cordial conversation between the President and the new [&hellip;]","protected":false},"author":1,"featured_media":0,"comment_status":"","ping_status":"","sticky":false,"template":"","format":"standard","meta":{"footnotes":""},"tags":[],"class_list":["post-2149","post","type-post","status-publish","format-standard","hentry"],"_links":{"self":[{"href":"https:\/\/amboslo.esteri.it\/en\/wp-json\/wp\/v2\/posts\/2149","targetHints":{"allow":["GET"]}}],"collection":[{"href":"https:\/\/amboslo.esteri.it\/en\/wp-json\/wp\/v2\/posts"}],"about":[{"href":"https:\/\/amboslo.esteri.it\/en\/wp-json\/wp\/v2\/types\/post"}],"author":[{"embeddable":true,"href":"https:\/\/amboslo.esteri.it\/en\/wp-json\/wp\/v2\/users\/1"}],"replies":[{"embeddable":true,"href":"https:\/\/amboslo.esteri.it\/en\/wp-json\/wp\/v2\/comments?post=2149"}],"version-history":[{"count":0,"href":"https:\/\/amboslo.esteri.it\/en\/wp-json\/wp\/v2\/posts\/2149\/revisions"}],"wp:attachment":[{"href":"https:\/\/amboslo.esteri.it\/en\/wp-json\/wp\/v2\/media?parent=2149"}],"wp:term":[{"taxonomy":"post_tag","embeddable":true,"href":"https:\/\/amboslo.esteri.it\/en\/wp-json\/wp\/v2\/tags?post=2149"}],"curies":[{"name":"wp","href":"https:\/\/api.w.org\/{rel}","templated":true}]}}