{"id":3775,"date":"2024-08-30T16:19:10","date_gmt":"2024-08-30T14:19:10","guid":{"rendered":"https:\/\/amboslo.esteri.it\/?p=3775"},"modified":"2024-08-30T16:21:10","modified_gmt":"2024-08-30T14:21:10","slug":"salg-av-ilva-gruppen-og-acciaierie-ditalia","status":"publish","type":"post","link":"https:\/\/amboslo.esteri.it\/en\/news\/dall_ambasciata\/2024\/08\/salg-av-ilva-gruppen-og-acciaierie-ditalia\/","title":{"rendered":"Salg av Ilva-gruppen og Acciaierie d&#8217;Italia"},"content":{"rendered":"<p><span class=\"jCAhz ChMk0b\"><span class=\"ryNqvb\">Italias Minister for N\u00e6ringsliv og Made in Italy, Adolfo Urso, har undertegnet fullmakten til \u00e5 publisere kunngj\u00f8ringen for \u00e5 uttrykke interesse for oppkj\u00f8pet av eiendelene og selskapsvirksomheten til <strong>Ilva<\/strong> (under ekstraordin\u00e6r administrasjon) og <strong>Acciaierie d&#8217;Italia<\/strong> (under ekstraordin\u00e6r administrasjon), samt datterselskapene Ilva Servizi Marittimi SpA, Ilvaform SpA, Taranto Energia Srl, Socova Sas, Adi Energia Srl, Adi Servizi Marittimi Srl, Adi Tubiforma Srl og Adi Socova Sas. Kunngj\u00f8ringen , signert av de ekstraordin\u00e6re kommisjon\u00e6rene i Ilva og AdI, kan lastes ned p\u00e5 f\u00f8lgende<strong> <a href=\"https:\/\/cdn.fallcoweb.it\/sito_procedura\/pdf\/ilva\/invito_manifestare_interesse_2024_eng.pdf\" target=\"_blank\" rel=\"noopener\">link<\/a>. <\/strong><\/span><\/span><\/p>\n<p><span class=\"jCAhz ChMk0b\"><span class=\"ryNqvb\">Hovedhensikten med oppkj\u00f8pet er utviklingen av st\u00e5lproduksjon i Italia, implementeringen av milj\u00f8verntiltak rettet mot \u00e5 redusere CO2-utslipp og forpliktelsen til \u00e5 avkarbonisere produksjonsprosessene, i samsvar med kravene i nasjonal og europeisk lovgivning. Det inng\u00e5r ogs\u00e5 planer for \u00e5 beskytte sysselsettingen, med m\u00e5l om \u00e5 redusere bruken av arbeidsledighetstrygd betraktelig, og opprettholde en kontinuerlig dialog med partene i arbeidslivet. Overf\u00f8ringsprosedyren tar ogs\u00e5 sikte p\u00e5 \u00e5 gi ulike former for kompensasjon til lokalsamfunnet og \u00e5 bevare kontinuiteten i AS-selskapenes forretningsvirksomhet, med sikte p\u00e5 raskt \u00e5 bringe dem tilbake til maksimalt aktivitetsniv\u00e5. <\/span><\/span><\/p>\n<p><span class=\"jCAhz ChMk0b\"><span class=\"ryNqvb\">Interessemeldinger skal sendes innen <strong>20. september 2024<\/strong>.<\/span><\/span><\/p>\n","protected":false},"excerpt":{"rendered":"Italias Minister for N\u00e6ringsliv og Made in Italy, Adolfo Urso, har undertegnet fullmakten til \u00e5 publisere kunngj\u00f8ringen for \u00e5 uttrykke interesse for oppkj\u00f8pet av eiendelene og selskapsvirksomheten til Ilva (under ekstraordin\u00e6r administrasjon) og Acciaierie d&#8217;Italia (under ekstraordin\u00e6r administrasjon), samt datterselskapene Ilva Servizi Marittimi SpA, Ilvaform SpA, Taranto Energia Srl, Socova Sas, Adi Energia Srl, Adi [&hellip;]","protected":false},"author":4,"featured_media":3778,"comment_status":"closed","ping_status":"closed","sticky":false,"template":"","format":"standard","meta":{"footnotes":""},"tags":[],"class_list":["post-3775","post","type-post","status-publish","format-standard","has-post-thumbnail","hentry"],"_links":{"self":[{"href":"https:\/\/amboslo.esteri.it\/en\/wp-json\/wp\/v2\/posts\/3775","targetHints":{"allow":["GET"]}}],"collection":[{"href":"https:\/\/amboslo.esteri.it\/en\/wp-json\/wp\/v2\/posts"}],"about":[{"href":"https:\/\/amboslo.esteri.it\/en\/wp-json\/wp\/v2\/types\/post"}],"author":[{"embeddable":true,"href":"https:\/\/amboslo.esteri.it\/en\/wp-json\/wp\/v2\/users\/4"}],"replies":[{"embeddable":true,"href":"https:\/\/amboslo.esteri.it\/en\/wp-json\/wp\/v2\/comments?post=3775"}],"version-history":[{"count":1,"href":"https:\/\/amboslo.esteri.it\/en\/wp-json\/wp\/v2\/posts\/3775\/revisions"}],"predecessor-version":[{"id":3776,"href":"https:\/\/amboslo.esteri.it\/en\/wp-json\/wp\/v2\/posts\/3775\/revisions\/3776"}],"wp:featuredmedia":[{"embeddable":true,"href":"https:\/\/amboslo.esteri.it\/en\/wp-json\/wp\/v2\/media\/3778"}],"wp:attachment":[{"href":"https:\/\/amboslo.esteri.it\/en\/wp-json\/wp\/v2\/media?parent=3775"}],"wp:term":[{"taxonomy":"post_tag","embeddable":true,"href":"https:\/\/amboslo.esteri.it\/en\/wp-json\/wp\/v2\/tags?post=3775"}],"curies":[{"name":"wp","href":"https:\/\/api.w.org\/{rel}","templated":true}]}}