{"id":1834,"date":"2018-02-09T10:48:38","date_gmt":"2018-02-09T09:48:38","guid":{"rendered":"https:\/\/amboslo.esteri.it\/news\/dall_ambasciata\/2018\/02\/alberto-colella-nuovo-ambasciatore\/"},"modified":"2018-02-09T10:48:38","modified_gmt":"2018-02-09T09:48:38","slug":"alberto-colella-nuovo-ambasciatore","status":"publish","type":"post","link":"https:\/\/amboslo.esteri.it\/it\/news\/dall_ambasciata\/2018\/02\/alberto-colella-nuovo-ambasciatore\/","title":{"rendered":"Alberto Colella nuovo Ambasciatore d&#8217;Italia ad Oslo"},"content":{"rendered":"<p>L\u2019Ambasciatore Alberto Colella assumer\u00e0 le sue funzioni ad Oslo luned\u00ec 12 febbraio 2018.<\/p>\n<p>Alberto Colella \u00e8 nato a Napoli il 7 aprile 1962.<\/p>\n<p>Laureato in giurisprudenza all\u2019Universit\u00e0 di Napoli, \u00e8 specializzato in diritto internazionale.<\/p>\n<p>Dal 1986 \u00e8 diplomatico di carriera presso il Ministero degli Affari Esteri italiano. Prima di essere nominato Ambasciatore d\u2019Italia a Oslo \u00e8 stato Console a Belo Horizonte (Brasile) e Ginevra (Svizzera), ed ha lavorato presso l\u2019Ambasciata d\u2019Italia a Brasilia e la Rappresentanza Permanente d\u2019Italia alle Nazioni Unite a New York.<\/p>\n<p>A Roma presso il Ministero degli Affari Esteri si \u00e8 occupato di affari giuridici (1986-1990) e consolari (1998-1999). Dal 2012 al 2018 \u00e8 stato responsabile dell\u2019Unit\u00e0 per i visti d\u2019ingresso.<\/p>\n<p>Sposato dal 1989 con Maria Rosaria Gallo, ha cinque figli.<\/p>\n<p>Tra i suoi hobby, la lettura, la storia alto-medioevale, lo sport.<\/p>\n<p><img loading=\"lazy\" decoding=\"async\" src=\"resource\/img\/2018\/02\/foto_amb_colella_ritoccata.jpg\" alt=\"foto amb colella ritoccata\" width=\"595\" height=\"396\" \/><\/p>\n","protected":false},"excerpt":{"rendered":"L\u2019Ambasciatore Alberto Colella assumer\u00e0 le sue funzioni ad Oslo luned\u00ec 12 febbraio 2018. Alberto Colella \u00e8 nato a Napoli il 7 aprile 1962. Laureato in giurisprudenza all\u2019Universit\u00e0 di Napoli, \u00e8 specializzato in diritto internazionale. Dal 1986 \u00e8 diplomatico di carriera presso il Ministero degli Affari Esteri italiano. Prima di essere nominato Ambasciatore d\u2019Italia a Oslo [&hellip;]","protected":false},"author":1,"featured_media":0,"comment_status":"","ping_status":"","sticky":false,"template":"","format":"standard","meta":{"footnotes":""},"tags":[],"class_list":["post-1834","post","type-post","status-publish","format-standard","hentry"],"_links":{"self":[{"href":"https:\/\/amboslo.esteri.it\/it\/wp-json\/wp\/v2\/posts\/1834","targetHints":{"allow":["GET"]}}],"collection":[{"href":"https:\/\/amboslo.esteri.it\/it\/wp-json\/wp\/v2\/posts"}],"about":[{"href":"https:\/\/amboslo.esteri.it\/it\/wp-json\/wp\/v2\/types\/post"}],"author":[{"embeddable":true,"href":"https:\/\/amboslo.esteri.it\/it\/wp-json\/wp\/v2\/users\/1"}],"replies":[{"embeddable":true,"href":"https:\/\/amboslo.esteri.it\/it\/wp-json\/wp\/v2\/comments?post=1834"}],"version-history":[{"count":0,"href":"https:\/\/amboslo.esteri.it\/it\/wp-json\/wp\/v2\/posts\/1834\/revisions"}],"wp:attachment":[{"href":"https:\/\/amboslo.esteri.it\/it\/wp-json\/wp\/v2\/media?parent=1834"}],"wp:term":[{"taxonomy":"post_tag","embeddable":true,"href":"https:\/\/amboslo.esteri.it\/it\/wp-json\/wp\/v2\/tags?post=1834"}],"curies":[{"name":"wp","href":"https:\/\/api.w.org\/{rel}","templated":true}]}}