{"id":1894,"date":"2017-01-02T14:00:39","date_gmt":"2017-01-02T13:00:39","guid":{"rendered":"https:\/\/amboslo.esteri.it\/news\/dall_ambasciata\/2017\/01\/mostra-micro-sculture-ispirate\/"},"modified":"2017-01-02T14:00:39","modified_gmt":"2017-01-02T13:00:39","slug":"mostra-micro-sculture-ispirate","status":"publish","type":"post","link":"https:\/\/amboslo.esteri.it\/it\/news\/dall_ambasciata\/2017\/01\/mostra-micro-sculture-ispirate\/","title":{"rendered":"Mostra &#8220;Micro-sculture ispirate dall\u2019Aurora Boreale&#8221;"},"content":{"rendered":"<p>In omaggio all\u201911.ma edizione dell\u2019evento internazionale \u201cArctic Frontiers\u201d, in programma nella citt\u00e0 di Troms\u00f8 dal 22 al 27 gennaio 2017, l\u2019Ambasciata ha organizzato la mostra \u201cMicro-sculture ispirate dall\u2019Aurora Boreale\u201d. Le micro-sculture sono opera delle artiste orafe italiane Patrizia Fratta e Teresa Arslan. Realizzati con forme inusuali e materiali semipreziosi quali l\u2019argento, il bronzo e il rame, i gioielli traggono ispirazione da quello splendido fenomeno tipico delle regioni circumpolari che \u00e8 l\u2019Aurora Boreale. La mostra affianca alle micro-sculture anche rappresentazioni fotografiche e interpretazioni pittoriche di Luca Bracali, fotografo ed esploratore.<\/p>\n<p>Ideatrice della mostra \u00e8 stata Ada Grilli, fotografa, curatrice e giornalista, appassionata di temi artici e impegnata in varie attivit\u00e0 nelle regioni artiche.<\/p>\n<p>La mostra \u00e8 stata allestita presso l\u2019Istituto di Cultura Italiano (Oscars gate 56, Oslo) ed \u00e8 stata inaugurata marted\u00ec 17 gennaio 2017 con la partecipazione di un folto ed attento pubblico. Con l\u2019occasione, Erle Wold ha illustrato la genesi e l\u2019ispirazione delle opere. L\u2019Ambasciatore Giorgio Novello ha illustrato come la mostra simbolizzi anche la grande attenzione dell\u2019Italia alle questioni artiche. Sture Ombler, rappresentante in Norvegia del gruppo italiano Cimberio, ha illustrato il progetto pilota di quest\u2019ultimo nel settore della tutela dell\u2019ambiente, che \u00e8 attualmente testato presso la Base spaziale di And\u00f8ya. P\u00e5l Brekke ha offerto una descrizione completa storico-scientifica del fenomeno dell\u2019aurora boreale.<\/p>\n<p>La mostra rester\u00e0 aperta al pubblico, durante l&#8217;orario di apertura dell&#8217;Istituto di Cultura, fino al 31 gennaio 2017 e cio\u00e8 durante tutto il periodo dei lavori di Arctic Frontiers 2017.<\/p>\n<p>\u00a0<\/p>\n<p>30\/01\/2017<br \/>La mostra \u00e8 prorogata fino all&#8217;8 febbraio 2017.<\/p>\n<p>\u00a0<\/p>\n<p>\u00a0<\/p>\n<p><strong>Programma della serata del 17 gennaio:<\/strong><\/p>\n<p>&#8211; Benvenuto e presentazione della mostra e delle artiste &#8211; Erle Wold, Istituto di Cultura<\/p>\n<p>&#8211; Presentazione della Conferenza Arctic Frontiers e di Francesco Negri, il primo viaggiatore Italiano a raggiungere Capo Nord nel XVII secolo &#8211; Ambasciatore Giorgio Novello<\/p>\n<p>&#8211; Presentazione del gruppo Italiano Cimberio e le sue attivit\u00e0 nella base spaziale di And\u00f8ya, quale esempio concreto di presenza italiana nella regioni artiche &#8211; Managing Director Sture Ombler<\/p>\n<p>&#8211; Presentazione dell\u2019Aurora boreale &#8211; P\u00e5l Brekke, Senior Adviser del Centro Spaziale norvegese<\/p>\n<p>\u00a0<a href=\"https:\/\/www.facebook.com\/DetItalienskeKulturinstituttIOslo\/\">Sito facebook dell&#8217;Istituto Italiano di Cultura<\/a><\/p>\n<p><a href=\"https:\/\/www.facebook.com\/DetItalienskeKulturinstituttIOslo\/\"><\/p>\n<p><img decoding=\"async\" src=\"resource\/img\/2017\/01\/20170117_182455res.jpg\" alt=\"20170117 182455res\" \/><\/p>\n<p><img loading=\"lazy\" decoding=\"async\" src=\"resource\/img\/2017\/01\/20170117_184258res.jpg\" alt=\"20170117 184258res\" width=\"462\" height=\"252\" \/><\/a> <img loading=\"lazy\" decoding=\"async\" src=\"resource\/img\/2017\/01\/giuliaemariares.jpg\" alt=\"giuliaemariares\" width=\"139\" height=\"253\" \/><a href=\"https:\/\/www.facebook.com\/DetItalienskeKulturinstituttIOslo\/\"> <\/p>\n<p><img decoding=\"async\" src=\"resource\/img\/2017\/01\/20170117_184538res.jpg\" alt=\"20170117 184538res\" \/><br \/>Erle Wold<\/a><\/p>\n<p><img decoding=\"async\" src=\"resource\/img\/2017\/01\/20170117_185006res.jpg\" alt=\"20170117 185006res\" \/> <img decoding=\"async\" src=\"resource\/img\/2017\/01\/20170117_185850res.jpg\" alt=\"20170117 185850res\" \/><br \/> L&#8217;Ambasciatore Giorgio Novello\u00a0\u00a0\u00a0\u00a0\u00a0\u00a0\u00a0\u00a0\u00a0\u00a0\u00a0\u00a0\u00a0\u00a0\u00a0\u00a0\u00a0\u00a0\u00a0\u00a0\u00a0\u00a0\u00a0\u00a0\u00a0\u00a0\u00a0\u00a0\u00a0\u00a0\u00a0\u00a0\u00a0 Sture Ombler<\/p>\n<p><img decoding=\"async\" src=\"resource\/img\/2017\/01\/20170117_192404res.jpg\" alt=\"20170117 192404res\" \/><br \/>P\u00e5l Brekke<\/p>\n<p>\u00a0<\/p>\n<p>\u00a0<\/p>\n","protected":false},"excerpt":{"rendered":"In omaggio all\u201911.ma edizione dell\u2019evento internazionale \u201cArctic Frontiers\u201d, in programma nella citt\u00e0 di Troms\u00f8 dal 22 al 27 gennaio 2017, l\u2019Ambasciata ha organizzato la mostra \u201cMicro-sculture ispirate dall\u2019Aurora Boreale\u201d. Le micro-sculture sono opera delle artiste orafe italiane Patrizia Fratta e Teresa Arslan. Realizzati con forme inusuali e materiali semipreziosi quali l\u2019argento, il bronzo e il [&hellip;]","protected":false},"author":1,"featured_media":0,"comment_status":"","ping_status":"","sticky":false,"template":"","format":"standard","meta":{"footnotes":""},"tags":[],"class_list":["post-1894","post","type-post","status-publish","format-standard","hentry"],"_links":{"self":[{"href":"https:\/\/amboslo.esteri.it\/it\/wp-json\/wp\/v2\/posts\/1894","targetHints":{"allow":["GET"]}}],"collection":[{"href":"https:\/\/amboslo.esteri.it\/it\/wp-json\/wp\/v2\/posts"}],"about":[{"href":"https:\/\/amboslo.esteri.it\/it\/wp-json\/wp\/v2\/types\/post"}],"author":[{"embeddable":true,"href":"https:\/\/amboslo.esteri.it\/it\/wp-json\/wp\/v2\/users\/1"}],"replies":[{"embeddable":true,"href":"https:\/\/amboslo.esteri.it\/it\/wp-json\/wp\/v2\/comments?post=1894"}],"version-history":[{"count":0,"href":"https:\/\/amboslo.esteri.it\/it\/wp-json\/wp\/v2\/posts\/1894\/revisions"}],"wp:attachment":[{"href":"https:\/\/amboslo.esteri.it\/it\/wp-json\/wp\/v2\/media?parent=1894"}],"wp:term":[{"taxonomy":"post_tag","embeddable":true,"href":"https:\/\/amboslo.esteri.it\/it\/wp-json\/wp\/v2\/tags?post=1894"}],"curies":[{"name":"wp","href":"https:\/\/api.w.org\/{rel}","templated":true}]}}