{"id":1959,"date":"2016-06-07T10:47:15","date_gmt":"2016-06-07T08:47:15","guid":{"rendered":"https:\/\/amboslo.esteri.it\/news\/dall_ambasciata\/2016\/06\/accordomuseipetrolio\/"},"modified":"2016-06-07T10:47:15","modified_gmt":"2016-06-07T08:47:15","slug":"accordomuseipetrolio","status":"publish","type":"post","link":"https:\/\/amboslo.esteri.it\/it\/news\/dall_ambasciata\/2016\/06\/accordomuseipetrolio\/","title":{"rendered":"Il Museo del petrolio di Stavanger e il Museo del petrolio di Piacenza firmano un accordo di collaborazione."},"content":{"rendered":"<p><font color=\"#000000\" face=\"Times New Roman\"><br \/>\n<\/font><\/p>\n<p class=\"MsoNormal\" style=\"margin: 0cm 0cm 10pt; text-align: justify;\"><span lang=\"IT\" style='line-height: 115%; font-family: \"Verdana\",\"sans-serif\"; font-size: 8pt; mso-ansi-language: IT;'><font color=\"#000000\">\u00c8 stato firmato ieri a Stavanger un memorandum operativo tra il Museo del<br \/>\npetrolio della citt\u00e0 norvegese e l&#8217;analogo Museo del petrolio di Piacenza. La<br \/>\ncerimonia ha avuto luogo nella splendida sede museale della &#8220;capitale<br \/>\npetrolifera&#8221; norvegese. La firma \u00e8 stata apposta dall\u2019ing. Pietro Cavanna,<br \/>\nDirettore del Museo di Piacenza, e da Finn E- Krogh, Direttore del Museo di Stavanger.<br \/>\nL&#8217;accordo intervenuto prevede una collaborazione intensificata tra le due<br \/>\nistituzioni con particolare riguardo alla diffusione della storia<br \/>\ndell&#8217;industria estrattiva al coinvolgimento dei pi\u00f9 giovani ed alla formazione<br \/>\nuniversitaria. Nel corso del suo intervento alla cerimonia, l&#8217;Ambasciatore Novello<br \/>\nha collocato questo accordo nel solco della visita compiuta da re Harald in<br \/>\nItalia in aprile ed ha sottolineato le sinergie tra i due Paesi anche nel<br \/>\nsettore dell&#8217;energia.\u00a0 Nel suo intervento, il direttore Krogh ha<br \/>\nvalorizzato la stretta collaborazione tra le varie istituzioni coinvolte: dalla<br \/>\nproposta originaria dell&#8217;Ambasciata italiana al costante sostegno del Ministero<br \/>\ndello Sviluppo Economico fino alla fattiva interlocuzione tra le due<br \/>\nistituzioni museali che hanno consentito il raggiungimento di questa<br \/>\nsignificativa tappa nella collaborazione tra due citt\u00e0 fondamentali nel<br \/>\npanorama energetico europeo. La Vice Sindaco Bj\u00f8rg Tysdal Moe ha collocato l\u2019iniziativa<br \/>\nnel contesto di una citt\u00e0 sempre pi\u00f9 internazionale e sempre pi\u00f9 proiettata all<br \/>\ninternazionalit\u00e0. Il\u00a0 Presidente di ONS\u00a0Leif Johan Sevland, a sua<br \/>\nvolta, ha valorizzato l&#8217;accordo intervenuto sempre nel contesto della visita di<br \/>\nStato tra la stessa OMS e Offshore Mediterranean Conference (OMC) di Ravenna,<br \/>\nche rafforza il legame ideale ed operativo tra i due poli energetici.<o:p><\/o:p><\/font><\/span><font color=\"#000000\" face=\"Times New Roman\"><\/p>\n<p><\/font><\/p>\n<p class=\"MsoNormal\" style=\"margin: 0cm 0cm 10pt; text-align: justify;\"><span lang=\"IT\" style='line-height: 115%; font-family: \"Verdana\",\"sans-serif\"; font-size: 8pt; mso-ansi-language: IT;'><font color=\"#000000\">Di particolare livello la delegazione italiana, guidata\u00a0 dal Direttore<br \/>\nGenerale per le politiche energetiche del Ministero dello Sviluppo Economico Franco<br \/>\nTerlizzese, assistito\u00a0\u00a0 dall&#8217;ing. Roberto Cianella. Qualificata la presenza\u00a0<br \/>\ndelle istituzioni italiane della citt\u00e0: dalla Presidente del Comitato Dante<br \/>\nAlighieri Martine Bolognini al Presidente di IKIS Gianluca Monachese al<br \/>\ncolonnello Giovanni Granello del Joint Warfare Centre.<o:p><\/o:p><\/font><\/span><\/p>\n<p><font color=\"#000000\" face=\"Times New Roman\"><\/p>\n<p><\/font><\/p>\n<p class=\"MsoNormal\" style=\"margin: 0cm 0cm 10pt; text-align: justify;\"><span lang=\"IT\" style='line-height: 115%; font-family: \"Verdana\",\"sans-serif\"; font-size: 8pt; mso-ansi-language: IT;'><font color=\"#000000\">Presenti anche le maggiori imprese italiane a Stavanger, ad iniziare da Eni<br \/>\ned Edison. La delegazione italiana, sempre sotto la guida dell\u2019ing. Franco Terlizzese,<br \/>\nha anche incontrato i vertici delle amministrazioni norvegesi competenti in<br \/>\nmateria economica ed aventi sede a Stavanger.<br \/><o:p><\/o:p><\/font><\/span><\/p>\n<p><font color=\"#000000\" face=\"Times New Roman\"><\/p>\n<p><\/font><font color=\"#000000\"><\/p>\n<p class=\"MsoNormal\" style=\"margin: 0cm 0cm 10pt; text-align: justify;\"><a href=\"http:\/\/www.norskolje.museum.no\/norsk-oljemuseum-inngaar-samarbeidsavtale-med-piacenza-oil-gas-museum\/\"><span lang=\"IT\" style='line-height: 115%; font-family: \"Verdana\",\"sans-serif\"; font-size: 8pt; mso-ansi-language: IT;'>Dal sito del Museo del petrolio di Stavanger<\/span><span lang=\"EN-US\" style='line-height: 115%; font-family: \"Verdana\",\"sans-serif\"; font-size: 8pt;'>: Ny<br \/>\navtale om norsk-italiensk samarbeid<o:p><\/o:p><\/span><\/a><\/p>\n<p><font face=\"Times New Roman\"><\/p>\n<p><\/font><span lang=\"IT\" style='color: black; line-height: 115%; font-family: \"Verdana\",\"sans-serif\"; font-size: 8pt; mso-ansi-language: IT;'><a href=\"http:\/\/www.ilpiacenza.it\/cronaca\/firmato-in-norvegia-l-accordo-di-cooperazione-tra-il-museo-del-petrolio-di-piacenza-e-quello-di-stavanger.html\">Articolo del giornale IlPiacenza<\/a><\/span>\u00a0<\/p>\n<p><\/font><\/p>\n<p class=\"MsoNormal\" style=\"margin: 0cm 0cm 10pt; text-align: justify;\">\u00a0<\/p>\n<p class=\"MsoNormal\" style=\"margin: 0cm 0cm 10pt; text-align: justify;\">\u00a0<\/p>\n<p><font color=\"#000000\" face=\"Times New Roman\"><\/p>\n<p><\/font><\/p>\n<p class=\"MsoNormal\" style=\"margin: 0cm 0cm 10pt; text-align: justify;\"><span lang=\"IT\" style='line-height: 115%; font-family: \"Verdana\",\"sans-serif\"; font-size: 8pt; mso-ansi-language: IT;'><o:p><img decoding=\"async\" alt=\"StavangerPiacenza1\" src=\"\/resource\/2016\/06\/48012_f_IMG20160607WA0000res.jpg\" border=\"0\"><br \/><font color=\"#000000\">Finn E- Krogh, Direttore del Museo di Stavanger, e\u00a0l\u2019ing. Pietro Cavanna, Direttore del Museo di Piacenza, firmano l&#8217;acccordo.\u00a0<\/font><\/p>\n<p><img decoding=\"async\" alt=\"StavangerPiacenza3\" src=\"\/resource\/2016\/06\/48014_f_IMG20160607WA0001res.jpg\" border=\"0\"><br \/><font color=\"#000000\">La Vice Sindaco Bj\u00f8rg Tysdal Moe <\/font><\/p>\n<p><img decoding=\"async\" alt=\"StavangerPiacenza4\" src=\"\/resource\/2016\/06\/48015_f_IMG20160607WA0003res.jpg\" border=\"0\"><br \/><font color=\"#000000\">Il Direttore Generale\u00a0Franco Terlizzese<\/font><\/p>\n<p><img decoding=\"async\" alt=\"StavangerPiacenza2\" src=\"\/resource\/2016\/06\/48013_f_IMG20160607WA0002res.jpg\" border=\"0\"><br \/><font color=\"#000000\">Il presidente di ONS\u00a0Leif Johan Sevland<\/font><\/o:p><\/span><\/p>\n<p class=\"MsoNormal\" style=\"margin: 0cm 0cm 10pt; text-align: justify;\"><span lang=\"IT\" style='line-height: 115%; font-family: \"Verdana\",\"sans-serif\"; font-size: 8pt; mso-ansi-language: IT;'><o:p><font color=\"#000000\"><\/font><\/o:p><\/span>\u00a0<\/p>\n<p class=\"MsoNormal\" style=\"margin: 0cm 0cm 10pt; text-align: justify;\"><span lang=\"IT\" style='line-height: 115%; font-family: \"Verdana\",\"sans-serif\"; font-size: 8pt; mso-ansi-language: IT;'><o:p><img loading=\"lazy\" decoding=\"async\" width=\"300\" height=\"499\" style=\"width: 166px; height: 273px;\" alt=\"LogoMuseoPiacenza\" src=\"\/resource\/2016\/06\/48016_f_PiacenzaMuseoLogo.jpg\" border=\"0\">\u00a0\u00a0\u00a0\u00a0\u00a0\u00a0\u00a0\u00a0\u00a0\u00a0\u00a0\u00a0\u00a0\u00a0\u00a0\u00a0 <img loading=\"lazy\" decoding=\"async\" width=\"196\" height=\"135\" style=\"width: 216px; height: 154px;\" alt=\"LogoMuseoStavanger\" src=\"\/resource\/2016\/06\/48017_f_LogoMuseoStavanger.png\" border=\"0\"><\/o:p><\/span><\/p>\n<p><font color=\"#000000\" face=\"Times New Roman\"><\/p>\n<p><\/font><\/p>\n","protected":false},"excerpt":{"rendered":"\u00c8 stato firmato ieri a Stavanger un memorandum operativo tra il Museo del petrolio della citt\u00e0 norvegese e l&#8217;analogo Museo del petrolio di Piacenza. La cerimonia ha avuto luogo nella splendida sede museale della &#8220;capitale petrolifera&#8221; norvegese. La firma \u00e8 stata apposta dall\u2019ing. Pietro Cavanna, Direttore del Museo di Piacenza, e da Finn E- Krogh, [&hellip;]","protected":false},"author":1,"featured_media":0,"comment_status":"","ping_status":"","sticky":false,"template":"","format":"standard","meta":{"footnotes":""},"tags":[],"class_list":["post-1959","post","type-post","status-publish","format-standard","hentry"],"_links":{"self":[{"href":"https:\/\/amboslo.esteri.it\/it\/wp-json\/wp\/v2\/posts\/1959","targetHints":{"allow":["GET"]}}],"collection":[{"href":"https:\/\/amboslo.esteri.it\/it\/wp-json\/wp\/v2\/posts"}],"about":[{"href":"https:\/\/amboslo.esteri.it\/it\/wp-json\/wp\/v2\/types\/post"}],"author":[{"embeddable":true,"href":"https:\/\/amboslo.esteri.it\/it\/wp-json\/wp\/v2\/users\/1"}],"replies":[{"embeddable":true,"href":"https:\/\/amboslo.esteri.it\/it\/wp-json\/wp\/v2\/comments?post=1959"}],"version-history":[{"count":0,"href":"https:\/\/amboslo.esteri.it\/it\/wp-json\/wp\/v2\/posts\/1959\/revisions"}],"wp:attachment":[{"href":"https:\/\/amboslo.esteri.it\/it\/wp-json\/wp\/v2\/media?parent=1959"}],"wp:term":[{"taxonomy":"post_tag","embeddable":true,"href":"https:\/\/amboslo.esteri.it\/it\/wp-json\/wp\/v2\/tags?post=1959"}],"curies":[{"name":"wp","href":"https:\/\/api.w.org\/{rel}","templated":true}]}}