{"id":1967,"date":"2016-05-23T10:34:12","date_gmt":"2016-05-23T08:34:12","guid":{"rendered":"https:\/\/amboslo.esteri.it\/news\/dall_ambasciata\/2016\/05\/raodshow-tappa1-halden\/"},"modified":"2016-05-23T10:34:12","modified_gmt":"2016-05-23T08:34:12","slug":"raodshow-tappa1-halden","status":"publish","type":"post","link":"https:\/\/amboslo.esteri.it\/it\/news\/dall_ambasciata\/2016\/05\/raodshow-tappa1-halden\/","title":{"rendered":"EVENTO ITINERANTE DEDICATO ALL&#8217;ITALIA &#8211; CONFERENZA SUI POEMI ARTICI DI GIOVANNI PASCOLI PRESSO LA DANTE ALIGHIERI DI HALDEN"},"content":{"rendered":"<p class=\"MsoNormal\" style=\"margin: 0cm 0cm 10pt; text-align: justify;\"><span style=\"line-height: 115%; font-family: 'Verdana','sans-serif'; font-size: 10pt; mso-ansi-language: IT;\" lang=\"IT\"><span style=\"color: #000000;\">L\u2019evento itinerante \u201c<strong style=\"mso-bidi-font-weight: normal;\"><em style=\"mso-bidi-font-style: normal;\">Under the Sign of Excellence: Italia presenter seg i et roadshow gjennom norske bye<\/em><\/strong>r\u201d e\u2019 ufficialmente partito con una tappa dal particolare valore simbolico: una conferenza in lingua italiana dell\u2019Ambasciatore Giorgio Novello sui quattro \u201cpoemi artici\u201d di Giovanni Pascoli, organizzata dal Comitato Dante Alighieri di Halden, presieduto da\u00a0Terje Aagaard, venerd\u00ec 20 maggio.<\/p>\n<p>La conferenza ha tratteggiato il particolare interesse per l\u2019Artico del grande poeta, che non dimentic\u00f2 mai la fortissima impressione causatagli da una inattesa aurora boreale apparsa in Italia quando, appena sedicenne, frequentava un collego ad Urbino. In seguito, Pascoli si entusiasm\u00f2 alle esplorazioni che a fine Ottocento tentarono a pi\u00f9 riprese di raggiungere il Polo Nord. Tra queste, Pascoli cant\u00f2 le vicende del tentativo di Luigi Amedeo di Savoia, Duca degli Abruzzi, che con la sua nave Stella Polare part\u00ec dall\u2019allora Christiania e stabil\u00ec il record mondiale di latitudine Nord superando il punto raggiunto in precedenza da Nansen. Pascoli dedic\u00f2 un inno anche al compagno d\u2019avventura di Luigi Amedeo, Umberto Cagni, che guid\u00f2 uno dei tre gruppi della spedizione che sferr\u00f2 l\u2019ultimo assalto al Polo. Pascoli scrisse anche sulle vicende dell\u2019aeronauta svedese Salomon Andre\u2019, che per\u00ec nel tentativo di raggiungere il Polo in mongolfiera e che venne iniziato all\u2019arte aeronautica da Francesco Cetti. Le quattro composizioni \u201cartiche\u201d di Pascoli, ha sottolineato l\u2019Ambasciatore, \u00a0confermano il vivo interesse per l\u2019Artico che esisteva in Italia gi\u00e0 alla fine dell\u2019Ottocento e, oltre al loro elevato valore letterario, offrono un interessante spaccato a tutto tondo della sensibilit\u00e0 dell\u2019epoca: non mancano, ad esempio, i richiami alle vicende della nostra emigrazione di fine Ottocento, presentata da Pascoli come una dura necessit\u00e0 affrontata dai nostri connazionali con dignit\u00e0 e coraggio pari a quelli mostrati da altri Italiani nell\u2019avvicinarsi al Polo.<\/span><\/span><\/p>\n<p class=\"MsoNormal\" style=\"margin: 0cm 0cm 10pt; text-align: justify;\"><span style=\"line-height: 115%; font-family: 'Verdana','sans-serif'; font-size: 10pt; mso-ansi-language: IT;\" lang=\"IT\"><span style=\"color: #000000;\">La scelta di Halden e del suo Comitato Dante Alighieri per l\u2019avvio dell\u2019evento itinerante \u00e8 intesa anche come riconoscimento dell\u2019eccellente attivit\u00e0 della Societ\u00e0 anche in Norvegia, attraverso i suoi sette Comitati tra i quali appunto quello di Halden spicca per il lungo e prestigioso lavoro protratto per decenni. <\/p>\n<p><img decoding=\"async\" src=\"\/resource\/2016\/05\/47830_f_Halden1.jpg\" alt=\"Halden1\" border=\"0\" \/><br \/>L&#8217;Ambasciatore Giorgio Novello con Terje e Kari Aagaard<br \/><img decoding=\"async\" src=\"\/resource\/2016\/05\/47832_f_Halden3.jpg\" alt=\"Halden3\" border=\"0\" \/><\/p>\n<p><img loading=\"lazy\" decoding=\"async\" style=\"width: 591px; height: 435px;\" src=\"\/resource\/2016\/05\/47831_f_Halden2.jpg\" alt=\"Halden 2\" width=\"645\" height=\"486\" border=\"0\" \/><\/span><\/span><\/p>\n","protected":false},"excerpt":{"rendered":"L\u2019evento itinerante \u201cUnder the Sign of Excellence: Italia presenter seg i et roadshow gjennom norske byer\u201d e\u2019 ufficialmente partito con una tappa dal particolare valore simbolico: una conferenza in lingua italiana dell\u2019Ambasciatore Giorgio Novello sui quattro \u201cpoemi artici\u201d di Giovanni Pascoli, organizzata dal Comitato Dante Alighieri di Halden, presieduto da\u00a0Terje Aagaard, venerd\u00ec 20 maggio. La [&hellip;]","protected":false},"author":1,"featured_media":0,"comment_status":"","ping_status":"","sticky":false,"template":"","format":"standard","meta":{"footnotes":""},"tags":[],"class_list":["post-1967","post","type-post","status-publish","format-standard","hentry"],"_links":{"self":[{"href":"https:\/\/amboslo.esteri.it\/it\/wp-json\/wp\/v2\/posts\/1967","targetHints":{"allow":["GET"]}}],"collection":[{"href":"https:\/\/amboslo.esteri.it\/it\/wp-json\/wp\/v2\/posts"}],"about":[{"href":"https:\/\/amboslo.esteri.it\/it\/wp-json\/wp\/v2\/types\/post"}],"author":[{"embeddable":true,"href":"https:\/\/amboslo.esteri.it\/it\/wp-json\/wp\/v2\/users\/1"}],"replies":[{"embeddable":true,"href":"https:\/\/amboslo.esteri.it\/it\/wp-json\/wp\/v2\/comments?post=1967"}],"version-history":[{"count":0,"href":"https:\/\/amboslo.esteri.it\/it\/wp-json\/wp\/v2\/posts\/1967\/revisions"}],"wp:attachment":[{"href":"https:\/\/amboslo.esteri.it\/it\/wp-json\/wp\/v2\/media?parent=1967"}],"wp:term":[{"taxonomy":"post_tag","embeddable":true,"href":"https:\/\/amboslo.esteri.it\/it\/wp-json\/wp\/v2\/tags?post=1967"}],"curies":[{"name":"wp","href":"https:\/\/api.w.org\/{rel}","templated":true}]}}