{"id":1970,"date":"2016-04-21T13:31:52","date_gmt":"2016-04-21T11:31:52","guid":{"rendered":"https:\/\/amboslo.esteri.it\/news\/dall_ambasciata\/2016\/04\/fornebumuseovespa\/"},"modified":"2016-04-21T13:31:52","modified_gmt":"2016-04-21T11:31:52","slug":"fornebumuseovespa","status":"publish","type":"post","link":"https:\/\/amboslo.esteri.it\/it\/news\/dall_ambasciata\/2016\/04\/fornebumuseovespa\/","title":{"rendered":"Riapre il\u00a0polo museale di Fornebu dedicato\u00a0alle automobili e agli scooter."},"content":{"rendered":"<p><font color=\"#000000\" face=\"Times New Roman\"><br \/>\n<\/font><\/p>\n<p class=\"MsoNormal\" style=\"margin: 0cm 0cm 10pt;\"><font color=\"#000000\"><span lang=\"IT\" style='line-height: 115%; font-family: \"Verdana\",\"sans-serif\"; font-size: 8pt; mso-ansi-language: IT;'>Ha avuto luogo oggi a<br \/>\nFornebu, alle porte del centro storico di Oslo, la riapertura di un vero e<br \/>\nproprio piccolo polo museale dedicato in particolare alle automobili e agli<br \/>\nscooter. <\/p>\n<p>Nell&#8217;ambito di questo museo, grande attenzione \u00e8 dedicata ai mezzi di<br \/>\nproduzione italiana rappresentati da decine di esemplari, in eccellente stato<br \/>\ndi conservazione, curati e raccolti con grande attenzione da \u00d8istein Hagfors. I<br \/>\nmusei sono coordinati da Tom Arheim, instancabile promotore di una iniziativa<br \/>\nparticolarmente valida dal punto di vista storico e culturale e che sottolinea<br \/>\nattraverso le sue raccolte l&#8217;intensit\u00e0 dei rapporti tra Italia e Norvegia anche<br \/>\nda questo particolare angolo visuale.<\/p>\n<p>L&#8217;Ambasciatore Giorgio Novello ha<br \/>\npartecipato alla cerimonia di riapertura culminata nel taglio di un nastro<br \/>\ntricolore in particolare da parte della signora \u00c5se Kleveland, gi\u00e0 Ministro della Cultura e nota personalit\u00e0<br \/>\nmusicale e culturale, e dalla signora Berit Inger \u00d8en, Assessore alla Cultura del Comune di B\u00e6rum.<\/p>\n<p><img decoding=\"async\" alt=\"MuseoVespa1\" src=\"\/resource\/2016\/04\/47525_f_Hagforsres.jpg\" border=\"0\"><br \/>L&#8217;Ambasciatore Novello con \u00d8istein Hagfors<\/p>\n<p><img decoding=\"async\" alt=\"MuseoVespa2\" src=\"\/resource\/2016\/04\/47526_f_IMG20160421WA0003res.jpg\" border=\"0\"><br \/>L&#8217;Ambasciatore con Tom Arheim<\/p>\n<p><img decoding=\"async\" alt=\"MuseoVespa3\" src=\"\/resource\/2016\/04\/47527_f_IMG20160421WA0005res.jpg\" border=\"0\"><br \/>Il taglio del nastro: l&#8217;assessore alla Cultura del Comune di B\u00e6rum Berit Inger \u00d8en a sinistra, la signora \u00c5se Kleveland a destra<\/p>\n<p><img decoding=\"async\" alt=\"MuseoVespa4\" src=\"\/resource\/2016\/04\/47528_f_IMG20160421WA0006res.jpg\" border=\"0\"><br \/>L&#8217;Ambasciatore saluta l&#8217;assessore alla Cultura del Comune di B\u00e6rum Berit Inger \u00d8en<\/p>\n<p><\/span><span lang=\"IT\" style='line-height: 115%; font-family: \"Arial\",\"sans-serif\"; font-size: 10pt; mso-ansi-language: IT;'><o:p><\/o:p><\/span><\/font><\/p>\n<p><font color=\"#000000\" face=\"Times New Roman\"><\/p>\n<p><\/font><\/p>\n","protected":false},"excerpt":{"rendered":"Ha avuto luogo oggi a Fornebu, alle porte del centro storico di Oslo, la riapertura di un vero e proprio piccolo polo museale dedicato in particolare alle automobili e agli scooter. Nell&#8217;ambito di questo museo, grande attenzione \u00e8 dedicata ai mezzi di produzione italiana rappresentati da decine di esemplari, in eccellente stato di conservazione, curati [&hellip;]","protected":false},"author":1,"featured_media":0,"comment_status":"","ping_status":"","sticky":false,"template":"","format":"standard","meta":{"footnotes":""},"tags":[],"class_list":["post-1970","post","type-post","status-publish","format-standard","hentry"],"_links":{"self":[{"href":"https:\/\/amboslo.esteri.it\/it\/wp-json\/wp\/v2\/posts\/1970","targetHints":{"allow":["GET"]}}],"collection":[{"href":"https:\/\/amboslo.esteri.it\/it\/wp-json\/wp\/v2\/posts"}],"about":[{"href":"https:\/\/amboslo.esteri.it\/it\/wp-json\/wp\/v2\/types\/post"}],"author":[{"embeddable":true,"href":"https:\/\/amboslo.esteri.it\/it\/wp-json\/wp\/v2\/users\/1"}],"replies":[{"embeddable":true,"href":"https:\/\/amboslo.esteri.it\/it\/wp-json\/wp\/v2\/comments?post=1970"}],"version-history":[{"count":0,"href":"https:\/\/amboslo.esteri.it\/it\/wp-json\/wp\/v2\/posts\/1970\/revisions"}],"wp:attachment":[{"href":"https:\/\/amboslo.esteri.it\/it\/wp-json\/wp\/v2\/media?parent=1970"}],"wp:term":[{"taxonomy":"post_tag","embeddable":true,"href":"https:\/\/amboslo.esteri.it\/it\/wp-json\/wp\/v2\/tags?post=1970"}],"curies":[{"name":"wp","href":"https:\/\/api.w.org\/{rel}","templated":true}]}}