{"id":1995,"date":"2016-01-25T10:59:12","date_gmt":"2016-01-25T09:59:12","guid":{"rendered":"https:\/\/amboslo.esteri.it\/news\/dall_ambasciata\/2016\/01\/omardifeliceacaponord\/"},"modified":"2016-01-25T10:59:12","modified_gmt":"2016-01-25T09:59:12","slug":"omardifeliceacaponord","status":"publish","type":"post","link":"https:\/\/amboslo.esteri.it\/it\/news\/dall_ambasciata\/2016\/01\/omardifeliceacaponord\/","title":{"rendered":"Giovane ciclista italiano raggiunge Capo Nord dalle Lofoten."},"content":{"rendered":"<p><font color=\"#000000\" face=\"Times New Roman\"><br \/>\n<\/font><span style='font-family: \"Verdana\",\"sans-serif\"; font-size: 8pt;'><font color=\"#000000\">Il<br \/>\ngiovane ciclista di Nettuno Omar di Felice ha raggiunto il giorno 20 gennaio l\u2019ambita meta di Capo<br \/>\nNord dopo un raid ciclistico di oltre 1200 km. percorsi in sette giorni. <span style=\"mso-spacerun: yes;\">\u00a0<\/span>Il viaggio \u00e8 stato effettuato su una normale<br \/>\nbicicletta da corsa partendo da \u00c5 nelle isole Lofoten e proseguendo attraverso<br \/>\nle regioni pi\u00f9 settentrionali della Norvegia, Troms e Finnmark. <o:p><\/o:p><\/font><\/span><font color=\"#000000\" face=\"Times New Roman\"><\/p>\n<p><\/font><\/p>\n<p class=\"MsoNormal\" style=\"margin: 0cm 0cm 0pt;\"><span style='font-family: \"Verdana\",\"sans-serif\"; font-size: 8pt;'><font color=\"#000000\">Il<br \/>\nvalore sportivo dell\u2019impresa \u00e8 accresciuto dal fatto che il viaggio \u00e8 avvenuto<br \/>\nin pieno inverno e quindi con temperature e condizioni climatiche<br \/>\nparticolarmente impegnative.<o:p><\/o:p><\/font><\/span><\/p>\n<p><font color=\"#000000\" face=\"Times New Roman\"><\/p>\n<p><\/font><\/p>\n<p class=\"MsoNormal\" style=\"margin: 0cm 0cm 0pt;\"><font color=\"#000000\"><span lang=\"IT\" style='font-family: \"Verdana\",\"sans-serif\"; font-size: 8pt; mso-ansi-language: IT;'>Un \u201cdiario di viaggio\u201d \u00e8 reperibile sul sito fb di Omar<br \/>\ndove troverete informazioni, descrizioni ed immagini della straordinaria<br \/>\npedalata. <br \/><\/span><span style='font-family: \"Verdana\",\"sans-serif\"; font-size: 8pt;'>Da parte dell\u2019Ambasciata le pi\u00f9 vive<br \/>\ncongratulazioni ad Omar per l\u2019impresa compiuta! <o:p><\/o:p><\/span><\/font><\/p>\n<p><font color=\"#000000\" face=\"Times New Roman\"><\/p>\n<p><\/font><\/p>\n<p class=\"MsoNormal\" style=\"margin: 0cm 0cm 0pt;\"><span style='font-family: \"Verdana\",\"sans-serif\"; font-size: 8pt;'><o:p><font color=\"#000000\">\u00a0<\/font><\/o:p><\/span><\/p>\n<p><font color=\"#000000\" face=\"Times New Roman\"><\/p>\n<p><\/font><\/p>\n<p class=\"MsoNormal\" style=\"margin: 0cm 0cm 0pt;\"><span style='font-family: \"Verdana\",\"sans-serif\"; font-size: 8pt;'><font color=\"#000000\">Sito<br \/>\nfb: <\/font><a href=\"https:\/\/www.facebook.com\/omar.difelice\"><font color=\"#0000ff\">https:\/\/www.facebook.com\/omar.difelice<\/font><\/a><\/span><\/p>\n<p><span lang=\"IT\" style=\"font-size: 14pt; mso-ansi-language: IT;\"><\/p>\n<p class=\"MsoNormal\" style=\"margin: 0cm 0cm 0pt;\">\u00a0<\/p>\n<p class=\"MsoNormal\" style=\"margin: 0cm 0cm 0pt;\">\n<p><o:p><\/p>\n<p class=\"MsoNormal\" style=\"margin: 0cm 0cm 0pt;\"><img decoding=\"async\" alt=\"OmardiFelice1\" src=\"\/resource\/2016\/01\/45979_f_OmardiFelice3.jpg\" border=\"0\"><\/p>\n<p><font color=\"#000000\" face=\"Calibri\"><\/p>\n<p class=\"MsoNormal\" style=\"margin: 0cm 0cm 0pt;\"><font size=\"2\"><span style='font-family: \"Verdana\",\"sans-serif\"; font-size: 8pt;'>\u00a0\u00a0\u00a0Omar al culmine della sua impresa davanti al mappamondo di Capo Nord<br \/><o:p><\/o:p><\/span><\/font><\/p>\n<p class=\"MsoNormal\" style=\"margin: 0cm 0cm 0pt;\"><img decoding=\"async\" alt=\"OmardiFelice2\" src=\"\/resource\/2016\/01\/45980_f_OmardiFelice1.jpg\" border=\"0\"><br \/>\u00a0\u00a0\u00a0\u00a0 <\/p>\n<p class=\"MsoNormal\" style=\"margin: 0cm 0cm 0pt;\"><img decoding=\"async\" alt=\"OmardiFelice3\" src=\"\/resource\/2016\/01\/45982_f_OmardiFelice4.png\" border=\"0\"><br \/><span style='font-family: \"Verdana\",\"sans-serif\"; font-size: 8pt;'>\u00a0 Due momenti del viaggio<o:p><\/o:p><\/span><\/p>\n<p><font size=\"2\"><\/p>\n<p><span style='font-family: \"Verdana\",\"sans-serif\"; font-size: 8pt;'><o:p><\/o:p><\/span>\u00a0<\/p>\n<p><font face=\"Times New Roman\" size=\"3\"><\/p>\n<p><\/font><\/p>\n<p class=\"MsoNormal\" style=\"margin: 0cm 0cm 0pt;\"><span style='font-family: \"Verdana\",\"sans-serif\"; font-size: 8pt;'><o:p>\u00a0<\/o:p><\/span><\/p>\n<p><font face=\"Times New Roman\" size=\"3\"><\/p>\n<p><\/font><\/p>\n<p class=\"MsoNormal\" style=\"margin: 0cm 0cm 0pt;\"><span style='font-family: \"Verdana\",\"sans-serif\"; font-size: 8pt;'><o:p>\u00a0<\/o:p><\/span><\/p>\n<p><font face=\"Times New Roman\" size=\"3\"><\/p>\n<p>\u00a0<\/font><\/p>\n<p><\/font><\/p>\n<p><\/font><\/o:p><\/span><font color=\"#000000\" face=\"Times New Roman\"><\/p>\n<p><\/font><\/p>\n","protected":false},"excerpt":{"rendered":"Il giovane ciclista di Nettuno Omar di Felice ha raggiunto il giorno 20 gennaio l\u2019ambita meta di Capo Nord dopo un raid ciclistico di oltre 1200 km. percorsi in sette giorni. \u00a0Il viaggio \u00e8 stato effettuato su una normale bicicletta da corsa partendo da \u00c5 nelle isole Lofoten e proseguendo attraverso le regioni pi\u00f9 settentrionali [&hellip;]","protected":false},"author":1,"featured_media":0,"comment_status":"","ping_status":"","sticky":false,"template":"","format":"standard","meta":{"footnotes":""},"tags":[],"class_list":["post-1995","post","type-post","status-publish","format-standard","hentry"],"_links":{"self":[{"href":"https:\/\/amboslo.esteri.it\/it\/wp-json\/wp\/v2\/posts\/1995","targetHints":{"allow":["GET"]}}],"collection":[{"href":"https:\/\/amboslo.esteri.it\/it\/wp-json\/wp\/v2\/posts"}],"about":[{"href":"https:\/\/amboslo.esteri.it\/it\/wp-json\/wp\/v2\/types\/post"}],"author":[{"embeddable":true,"href":"https:\/\/amboslo.esteri.it\/it\/wp-json\/wp\/v2\/users\/1"}],"replies":[{"embeddable":true,"href":"https:\/\/amboslo.esteri.it\/it\/wp-json\/wp\/v2\/comments?post=1995"}],"version-history":[{"count":0,"href":"https:\/\/amboslo.esteri.it\/it\/wp-json\/wp\/v2\/posts\/1995\/revisions"}],"wp:attachment":[{"href":"https:\/\/amboslo.esteri.it\/it\/wp-json\/wp\/v2\/media?parent=1995"}],"wp:term":[{"taxonomy":"post_tag","embeddable":true,"href":"https:\/\/amboslo.esteri.it\/it\/wp-json\/wp\/v2\/tags?post=1995"}],"curies":[{"name":"wp","href":"https:\/\/api.w.org\/{rel}","templated":true}]}}