{"id":2001,"date":"2015-12-11T10:09:12","date_gmt":"2015-12-11T09:09:12","guid":{"rendered":"https:\/\/amboslo.esteri.it\/news\/dall_ambasciata\/2015\/12\/germanwatch\/"},"modified":"2015-12-11T10:09:12","modified_gmt":"2015-12-11T09:09:12","slug":"germanwatch","status":"publish","type":"post","link":"https:\/\/amboslo.esteri.it\/it\/news\/dall_ambasciata\/2015\/12\/germanwatch\/","title":{"rendered":"Italia e Norvegia sull\u2019ambiente: il nostro Paese migliora la sua performance sulle emissioni globali nella classifica del think tank tedesco Germanwatch."},"content":{"rendered":"<p><font color=\"#000000\" face=\"Times New Roman\"><br \/>\n<\/font><font color=\"#000000\" face=\"Times New Roman\"><\/p>\n<p><\/font><span style='font-family: \"Verdana\",\"sans-serif\"; font-size: 8pt;'><font color=\"#000000\">La<br \/>\ntutela dell\u2019ambiente e le politiche ambientali costituiscono un\u2019elevata<br \/>\npriorit\u00e0 anche nel dialogo politico ed economico tra Italia e Norvegia. Questo<br \/>\n\u00e8 ancora pi\u00f9 vero in questi giorni, in cui \u00e8 in svolgimento la Conferenza COP21<br \/>\ndi Parigi.<o:p><\/o:p><\/font><\/span><font color=\"#000000\" face=\"Times New Roman\"><\/p>\n<p><\/font><\/p>\n<p class=\"MsoNormal\" style=\"margin: 0cm 0cm 0pt;\"><span style='font-family: \"Verdana\",\"sans-serif\"; font-size: 8pt;'><font color=\"#000000\">Ambiente<br \/>\ne politiche ambientali hanno un posto di rilievo anche nelle attivit\u00e0 promosse<br \/>\ndall\u2019Ambasciata. Da ultimo, le condotte esemplari di alcune nostre imprese sono<br \/>\nstate illustrate alla \u201cGiornata italiana\u201d a Bergen. Lo scorso maggio,<br \/>\nl\u2019Ambasciatore Giorgio Novello aveva illustrato alcune eccellenze norvegesi, relative<br \/>\nin particolare alla salvaguardia dell\u2019ambiente e all\u2019interazione citt\u00e0-natura<br \/>\nnell\u2019aerea metropolitana di Oslo, ad un seminario specializzato tenutosi<br \/>\ndurante la Fiera Pulire Outdoor di Verona.<o:p><\/o:p><\/font><\/span><\/p>\n<p><font color=\"#000000\" face=\"Times New Roman\"><\/p>\n<p><\/font><\/p>\n<p class=\"MsoNormal\" style=\"margin: 0cm 0cm 0pt;\"><span style='font-family: \"Verdana\",\"sans-serif\"; font-size: 8pt;'><o:p><font color=\"#000000\">\u00a0<\/font><\/o:p><\/span><\/p>\n<p><font color=\"#000000\" face=\"Times New Roman\"><\/p>\n<p><\/font><\/p>\n<p class=\"MsoNormal\" style=\"margin: 0cm 0cm 0pt;\"><font color=\"#000000\"><span lang=\"IT\" style='font-family: \"Verdana\",\"sans-serif\"; font-size: 8pt; mso-ansi-language: IT;'>In questo contesto risultano particolarmente interessanti<br \/>\nle valutazioni del think tank tedesco Germanwatch, basato a\u00a0 Bonn e che<br \/>\nogni anno redige una classifica delle prestazioni e delle politiche climatiche<br \/>\ndei Paesi responsabili, ciascuno, per almeno l\u20191% delle emissioni globali. <\/span><span style='font-family: \"Verdana\",\"sans-serif\"; font-size: 8pt;'>L\u2019Italia continua<br \/>\nanche quest\u2019anno a scalare posizioni, collocandosi all\u2019undicesimo posto (in<br \/>\nrealt\u00e0 l\u2019ottavo dato che le prime tre posizioni sul \u201cpodio\u201d non vengono<br \/>\nattribuite). Il nostro Paese \u00e8 preceduto in questa classifica solo da Danimarca,<br \/>\nRegno Unito, Svezia, Belgio, Francia, Cipro e Marocco.<o:p><\/o:p><\/span><\/font><\/p>\n<p><font color=\"#000000\" face=\"Times New Roman\"><\/p>\n<p><\/font><\/p>\n<p class=\"MsoNormal\" style=\"margin: 0cm 0cm 0pt;\"><span style='font-family: \"Verdana\",\"sans-serif\"; font-size: 8pt;'><o:p><font color=\"#000000\">\u00a0<\/font><\/o:p><\/span><\/p>\n<p><font color=\"#000000\" face=\"Times New Roman\"><\/p>\n<p><\/font><\/p>\n<p class=\"MsoNormal\" style=\"margin: 0cm 0cm 0pt;\"><span lang=\"IT\" style='font-family: \"Verdana\",\"sans-serif\"; font-size: 8pt; mso-ansi-language: IT;'><font color=\"#000000\">Il contributo delle Autorit\u00e0 e delle imprese italiane e<br \/>\nle possibili sinergie con le controparti norvegesi continuer\u00e0 quindi a<br \/>\ncostituire un fondamentale cantiere di lavoro anche alla luce di questi<br \/>\nconcreti e positivi riconoscimenti.<o:p><\/o:p><\/font><\/span><\/p>\n<p><font color=\"#000000\" face=\"Times New Roman\"><\/p>\n<p><\/font><\/p>\n<p class=\"MsoNormal\" style=\"margin: 0cm 0cm 0pt;\"><span style='font-family: \"Verdana\",\"sans-serif\"; font-size: 8pt;'><\/span>\u00a0<\/p>\n<p><span style='font-family: \"Verdana\",\"sans-serif\"; font-size: 8pt;'><\/p>\n<p class=\"MsoNormal\" style=\"margin: 0cm 0cm 0pt;\"><span style='font-family: \"Verdana\",\"sans-serif\"; font-size: 8pt;'><\/span><font color=\"#000000\" face=\"Times New Roman\" size=\"3\"><\/font>\u00a0<\/p>\n<p class=\"MsoNormal\" style=\"margin: 0cm 0cm 0pt;\"><span lang=\"EN-US\" style='font-family: \"Verdana\",\"sans-serif\"; font-size: 8pt; mso-ansi-language: EN-US;'><font color=\"#000000\"><u><strong><a href=\"https:\/\/germanwatch.org\/en\/download\/13625.pdf\">The Climate Change Performance Index 2016<o:p><\/o:p><\/a><\/strong><\/u><\/font><\/span><\/p>\n<p class=\"MsoNormal\" style=\"margin: 0cm 0cm 0pt;\"><font color=\"#000000\" face=\"Times New Roman\" size=\"3\"><\/p>\n<p><\/font><\/p>\n<p><\/span><\/p>\n<p class=\"MsoNormal\" style=\"margin: 0cm 0cm 0pt;\"><span style='font-family: \"Verdana\",\"sans-serif\"; font-size: 8pt;'><\/p>\n<p><a href=\"https:\/\/germanwatch.org\/de\/startseite\"><img loading=\"lazy\" decoding=\"async\" width=\"324\" height=\"155\" style=\"width: 312px; height: 149px;\" alt=\"Germanwatch1\" src=\"\/resource\/2015\/12\/45431_f_Germanwatch2.jpg\" border=\"0\">\u00a0 <img loading=\"lazy\" decoding=\"async\" width=\"611\" height=\"226\" style=\"width: 370px; height: 119px;\" alt=\"German watch\" src=\"\/resource\/2015\/12\/45432_f_GermanWatch.jpg\" border=\"0\"><\/a><\/span><\/p>\n<p><span style='font-family: \"Verdana\",\"sans-serif\"; font-size: 8pt;'><\/p>\n<p class=\"MsoNormal\" style=\"margin: 0cm 0cm 0pt;\"><span lang=\"EN-US\" style='font-family: \"Verdana\",\"sans-serif\"; font-size: 8pt; mso-ansi-language: EN-US;'><font color=\"#000000\"><\/font><\/span>\u00a0<\/p>\n<p class=\"MsoNormal\" style=\"margin: 0cm 0cm 0pt;\"><span lang=\"EN-US\" style='font-family: \"Verdana\",\"sans-serif\"; font-size: 8pt; mso-ansi-language: EN-US;'><font color=\"#000000\">Link: \u00a0<\/font><\/span><span style='font-family: \"Verdana\",\"sans-serif\"; font-size: 8pt;'><a href=\"https:\/\/germanwatch.org\/de\/startseite\"><span lang=\"EN-US\" style=\"mso-ansi-language: EN-US;\"><font color=\"#0000ff\">https:\/\/germanwatch.org\/de\/startseite<\/font><\/span><\/a><\/span><\/p>\n<p><\/span><span lang=\"EN-US\" style='font-family: \"Verdana\",\"sans-serif\"; font-size: 8pt; mso-ansi-language: EN-US;'><o:p><\/o:p><\/span><font color=\"#000000\" face=\"Times New Roman\"><\/p>\n<p><\/font><\/p>\n","protected":false},"excerpt":{"rendered":"La tutela dell\u2019ambiente e le politiche ambientali costituiscono un\u2019elevata priorit\u00e0 anche nel dialogo politico ed economico tra Italia e Norvegia. Questo \u00e8 ancora pi\u00f9 vero in questi giorni, in cui \u00e8 in svolgimento la Conferenza COP21 di Parigi. Ambiente e politiche ambientali hanno un posto di rilievo anche nelle attivit\u00e0 promosse dall\u2019Ambasciata. Da ultimo, le [&hellip;]","protected":false},"author":1,"featured_media":0,"comment_status":"","ping_status":"","sticky":false,"template":"","format":"standard","meta":{"footnotes":""},"tags":[],"class_list":["post-2001","post","type-post","status-publish","format-standard","hentry"],"_links":{"self":[{"href":"https:\/\/amboslo.esteri.it\/it\/wp-json\/wp\/v2\/posts\/2001","targetHints":{"allow":["GET"]}}],"collection":[{"href":"https:\/\/amboslo.esteri.it\/it\/wp-json\/wp\/v2\/posts"}],"about":[{"href":"https:\/\/amboslo.esteri.it\/it\/wp-json\/wp\/v2\/types\/post"}],"author":[{"embeddable":true,"href":"https:\/\/amboslo.esteri.it\/it\/wp-json\/wp\/v2\/users\/1"}],"replies":[{"embeddable":true,"href":"https:\/\/amboslo.esteri.it\/it\/wp-json\/wp\/v2\/comments?post=2001"}],"version-history":[{"count":0,"href":"https:\/\/amboslo.esteri.it\/it\/wp-json\/wp\/v2\/posts\/2001\/revisions"}],"wp:attachment":[{"href":"https:\/\/amboslo.esteri.it\/it\/wp-json\/wp\/v2\/media?parent=2001"}],"wp:term":[{"taxonomy":"post_tag","embeddable":true,"href":"https:\/\/amboslo.esteri.it\/it\/wp-json\/wp\/v2\/tags?post=2001"}],"curies":[{"name":"wp","href":"https:\/\/api.w.org\/{rel}","templated":true}]}}