{"id":2013,"date":"2015-10-29T16:10:18","date_gmt":"2015-10-29T15:10:18","guid":{"rendered":"https:\/\/amboslo.esteri.it\/news\/dall_ambasciata\/2015\/10\/serata-italiana-tromso\/"},"modified":"2015-10-29T16:10:18","modified_gmt":"2015-10-29T15:10:18","slug":"serata-italiana-tromso","status":"publish","type":"post","link":"https:\/\/amboslo.esteri.it\/it\/news\/dall_ambasciata\/2015\/10\/serata-italiana-tromso\/","title":{"rendered":"Serata letteraria italiana (&#8220;Italiensk aften&#8221;) a Troms\u00f8."},"content":{"rendered":"<p><font color=\"#000000\" face=\"Times New Roman\"><br \/>\n<\/font><\/p>\n<p class=\"MsoNormal\" style=\"margin: 0cm 0cm 0pt;\"><span style='font-family: \"Verdana\",\"sans-serif\"; font-size: 8pt;'><font color=\"#000000\">Un<br \/>\nampio pubblico di un centinaio di persone ha partecipato alla serata letteraria<br \/>\nitaliana &#8220;Italiensk Aften\u201d tenutasi il 27 ottobre scorso nella capitale artica<br \/>\ndella Norvegia, Troms\u00f8, ed organizzata dall\u2019Ambasciata, dalla locale Universit\u00e0<br \/>\nArtica e dalla Biblioteca civica nel contesto dell\u2019anno dantesco. Si \u00e8 trattato,<br \/>\ncon ogni probabilit\u00e0, dell\u2019evento, nel suo genere, pi\u00f9 settentrionale al mondo<br \/>\ntra quelli promossi per celebrare il 750.mo anno della nascita del Poeta.<o:p><\/o:p><\/font><\/span><\/p>\n<p><font color=\"#000000\" face=\"Times New Roman\"><\/p>\n<p><\/font><\/p>\n<p class=\"MsoNormal\" style=\"margin: 0cm 0cm 0pt;\"><span style='font-family: \"Verdana\",\"sans-serif\"; font-size: 8pt;'><o:p><font color=\"#000000\">\u00a0<\/font><\/o:p><\/span><\/p>\n<p><font color=\"#000000\" face=\"Times New Roman\"><\/p>\n<p><\/font><\/p>\n<p class=\"MsoNormal\" style=\"margin: 0cm 0cm 0pt;\"><span style='font-family: \"Verdana\",\"sans-serif\"; font-size: 8pt;'><font color=\"#000000\">L\u2019Ambasciatore<br \/>\nGiorgio Novello ha nuovamente sottolineato la persistente attualit\u00e0<br \/>\ndell\u2019eredit\u00e0 dantesca, in particolare dal punto di vista etico e politico, ed \u00e8<br \/>\ntornato a proporre un confronto con Henrik Ibsen secondo la formula gi\u00e0<br \/>\npositivamente sperimentata a Skien e a Stavanger. L\u2019Ambasciatore ha anche<br \/>\nricordato alcuni esempi tratti dalla letteratura norvegese contemporanea (\u201cN\u00e5dens<br \/>\nOmkrets\u201d di J\u00f8rgen Brekke) per evidenziare il persistente\u00a0 ruolo della<br \/>\nletteratura per favorire la conoscenza e la comprensione reciproca tra norvegesi<br \/>\ned italiani.<br \/><\/font><\/span><span lang=\"IT\" style='font-family: \"Verdana\",\"sans-serif\"; font-size: 8pt; mso-ansi-language: IT;'><font color=\"#000000\">Il Consigliere Tommaso Andria ha illustrato gli stretti<br \/>\nrapporti tra Milano e la letteratura, ricordando tra gli altri Sant\u2019Ambrogio,<br \/>\nBonvesin de la Riva, Stendhal, Manzoni ed Eco, valorizzando nel contempo i<br \/>\nparchi letterari italiani.<o:p><\/o:p><\/font><\/span><\/p>\n<p><font color=\"#000000\" face=\"Times New Roman\"><\/p>\n<p><\/font><\/p>\n<p class=\"MsoNormal\" style=\"margin: 0cm 0cm 0pt;\"><span style='font-family: \"Verdana\",\"sans-serif\"; font-size: 8pt;'><font color=\"#000000\">Il<br \/>\nprof. Henning Howlid W\u00e6rp, docente di letterature scandinave all\u2019Universit\u00e0<br \/>\nArtica, si \u00e8 ricollegato idealmente proprio ai parchi letterari per illustrare<br \/>\nl\u2019opera della scrittrice Cora Sandel, che visse a lungo in Italia e la cui casa<br \/>\na Troms\u00f8 \u00e8 oggi un museo. Il Prof Waerp si \u00e8 anche soffermato sulla lontananza<br \/>\nfisica di Sandel da Troms\u00f8 e dalla Norvegia in analogia con le esperienze di<br \/>\nesilio di Dante ed Ibsen. <o:p><\/o:p><\/font><\/span><\/p>\n<p><font color=\"#000000\" face=\"Times New Roman\"><\/p>\n<p><\/font><\/p>\n<p class=\"MsoNormal\" style=\"margin: 0cm 0cm 0pt;\"><span style='font-family: \"Verdana\",\"sans-serif\"; font-size: 8pt;'><font color=\"#000000\">Sigrid<br \/>\nFossland ha infine presentato alcune voci della pi\u00f9 giovane letteratura<br \/>\nitaliana, che descrivono un paese complesso, articolato, variegato e dinamico:<br \/>\nElena Ferrante con le sue descrizioni di Napoli; la Piombino descritta da<br \/>\nSilvia Avallone in \u201cAcciaio\u201d; la Torino che fa idealmente da sfondo a \u201cLa<br \/>\nSolitudine dei numeri primi\u201d di Paolo Giordano.<o:p><\/o:p><\/font><\/span><font color=\"#000000\" face=\"Times New Roman\"><\/p>\n<p><\/font><\/p>\n<p class=\"MsoNormal\" style=\"margin: 0cm 0cm 0pt;\"><span style='font-family: \"Verdana\",\"sans-serif\"; font-size: 8pt;'><o:p><font color=\"#000000\">\u00a0<\/font><\/o:p><\/span><\/p>\n<p><font color=\"#000000\" face=\"Times New Roman\"><\/p>\n<p><\/font><\/p>\n<p class=\"MsoNormal\" style=\"margin: 0cm 0cm 0pt;\"><span lang=\"IT\" style='font-family: \"Verdana\",\"sans-serif\"; font-size: 8pt; mso-ansi-language: IT;'><font color=\"#000000\">Come ha ricordato la Preside della Facolt\u00e0 di Lingue e<br \/>\nLetterature, Scienze Sociali e Magistrali, Sonni Olsen, la serata letteraria si<br \/>\ninserisce nella ormai consolidata collaborazione tra l\u2019Ambasciata e<br \/>\nl\u2019Universit\u00e0 Artica, culminata nella \u201cGiornata italiana\u201c del giugno 2014.<o:p><\/o:p><\/font><\/span><\/p>\n<p><font color=\"#000000\" face=\"Times New Roman\"><\/p>\n<p><\/font><\/p>\n<p class=\"MsoNormal\" style=\"margin: 0cm 0cm 0pt;\"><span lang=\"IT\" style='font-family: \"Verdana\",\"sans-serif\"; font-size: 8pt; mso-ansi-language: IT;'><o:p><font color=\"#000000\">\u00a0<\/font><\/o:p><\/span><\/p>\n<p><font color=\"#000000\" face=\"Times New Roman\"><\/p>\n<p><\/font><\/p>\n<p class=\"MsoNormal\" style=\"margin: 0cm 0cm 0pt;\"><span style='font-family: \"Verdana\",\"sans-serif\"; font-size: 8pt;'><font color=\"#000000\">Con<br \/>\nl\u2019occasione era accessibile un \u201cangolo italiano\u201d con traduzioni in norvegese di<br \/>\nuna trentina di autori, da Giorgio Bassani a Italo Svevo, da Erri De Luca<br \/>\nall\u2019ultimo Umberto Eco.<o:p><\/o:p><\/font><\/span><\/p>\n<p><font color=\"#000000\" face=\"Times New Roman\"><\/p>\n<p><\/font><\/p>\n<p class=\"MsoNormal\" style=\"margin: 0cm 0cm 0pt;\"><span style='font-family: \"Verdana\",\"sans-serif\"; font-size: 8pt;'><o:p><font color=\"#000000\">\u00a0<\/font><\/o:p><\/span><\/p>\n<p><font color=\"#000000\" face=\"Times New Roman\"><\/p>\n<p><\/font><\/p>\n<p class=\"MsoNormal\" style=\"margin: 0cm 0cm 0pt;\"><span style='font-family: \"Verdana\",\"sans-serif\"; font-size: 8pt;'><font color=\"#000000\">La<br \/>\nserata \u00e8 stata completata dalla degustazione di prodotti messi a disposizione<br \/>\nda Ferrero.<\/font><\/span><\/p>\n<p class=\"MsoNormal\" style=\"margin: 0cm 0cm 0pt;\"><span style='font-family: \"Verdana\",\"sans-serif\"; font-size: 8pt;'><font color=\"#000000\"><\/font><\/span>\u00a0<\/p>\n<p class=\"MsoNormal\" style=\"margin: 0cm 0cm 0pt;\"><span style='font-family: \"Verdana\",\"sans-serif\"; font-size: 8pt;'><font color=\"#000000\"><o:p><img decoding=\"async\" alt=\"Troms\u00f8 pubblico\" src=\"\/resource\/2015\/10\/44795_f_DanteogIbsenresizedpanorama1of20.jpg\" border=\"0\">\u00a0\u00a0 <img loading=\"lazy\" decoding=\"async\" width=\"639\" height=\"959\" style=\"width: 451px; height: 620px;\" alt=\"troms\u00f8 pubblico2\" src=\"\/resource\/2015\/10\/44796_f_DanteogIbsenresizedpanorama18of20.jpg\" border=\"0\"><\/o:p><\/font><\/span><\/p>\n<p class=\"MsoNormal\" style=\"margin: 0cm 0cm 0pt;\"><span style='font-family: \"Verdana\",\"sans-serif\"; font-size: 8pt;'><font color=\"#000000\"><o:p><\/o:p><\/font><\/span>\u00a0<\/p>\n<p class=\"MsoNormal\" style=\"margin: 0cm 0cm 0pt;\"><span style='font-family: \"Verdana\",\"sans-serif\"; font-size: 8pt;'><font color=\"#000000\"><o:p><img loading=\"lazy\" decoding=\"async\" width=\"638\" height=\"958\" style=\"width: 290px; height: 445px;\" alt=\"Troms\u00f8 Ambasciatore\" src=\"\/resource\/2015\/10\/44797_f_DanteogIbsenresizedAmbasciatore3of20.jpg\" border=\"0\"><span style='font-family: \"Verdana\",\"sans-serif\"; font-size: 8pt;'><font color=\"#000000\"><o:p><img loading=\"lazy\" decoding=\"async\" width=\"638\" height=\"959\" style=\"width: 273px; height: 445px;\" alt=\"troms\u00f8 AmbasciatoreBrekke\" src=\"\/resource\/2015\/10\/44799_f_DanteogIbsenresizedAmbassadrenogBrekke.jpg\" border=\"0\"><\/o:p><\/font><\/span><span style='font-family: \"Verdana\",\"sans-serif\"; font-size: 8pt;'><font color=\"#000000\"><o:p><img loading=\"lazy\" decoding=\"async\" width=\"634\" height=\"423\" style=\"width: 606px; height: 397px;\" alt=\"Troms\u00f8 Ambasciatore2\" src=\"\/resource\/2015\/10\/44798_f_DanteogIbsenresizedAmbassadren2.jpg\" border=\"0\"><\/o:p><\/font><\/span><\/o:p><\/font><\/span><\/p>\n<p class=\"MsoNormal\" style=\"margin: 0cm 0cm 0pt;\"><span style='font-family: \"Verdana\",\"sans-serif\"; font-size: 8pt;'><font color=\"#000000\"><o:p>L&#8217;Ambasciatore Giorgio Novello<\/o:p><\/font><\/span><\/p>\n<p class=\"MsoNormal\" style=\"margin: 0cm 0cm 0pt;\"><span style='font-family: \"Verdana\",\"sans-serif\"; font-size: 8pt;'><font color=\"#000000\"><o:p><\/o:p><\/font><\/span><\/p>\n<p class=\"MsoNormal\" style=\"margin: 0cm 0cm 0pt;\"><span style='font-family: \"Verdana\",\"sans-serif\"; font-size: 8pt;'><font color=\"#000000\"><o:p><\/o:p><\/font><\/span>\u00a0<\/p>\n<p class=\"MsoNormal\" style=\"margin: 0cm 0cm 0pt;\"><span style='font-family: \"Verdana\",\"sans-serif\"; font-size: 8pt;'><font color=\"#000000\"><o:p><img decoding=\"async\" alt=\"Troms\u00f8 Andria\" src=\"\/resource\/2015\/10\/44800_f_DanteogIbsenresizedAndria17of20.jpg\" border=\"0\"><\/o:p><\/font><\/span><\/p>\n<p class=\"MsoNormal\" style=\"margin: 0cm 0cm 0pt;\"><span style='font-family: \"Verdana\",\"sans-serif\"; font-size: 8pt;'><font color=\"#000000\"><o:p>Il Consigliere Tommaso Andria<\/o:p><\/font><\/span><\/p>\n<p class=\"MsoNormal\" style=\"margin: 0cm 0cm 0pt;\">\u00a0<\/p>\n<p class=\"MsoNormal\" style=\"margin: 0cm 0cm 0pt;\"><span style='font-family: \"Verdana\",\"sans-serif\"; font-size: 8pt;'><font color=\"#000000\"><o:p><img loading=\"lazy\" decoding=\"async\" width=\"634\" height=\"844\" style=\"width: 462px; height: 619px;\" alt=\"Troms\u00f88\" src=\"\/resource\/2015\/10\/44802_f_CAM04677resized.jpg\" border=\"0\"><\/o:p><\/font><\/span><\/p>\n<p class=\"MsoNormal\" style=\"margin: 0cm 0cm 0pt;\"><span style='font-family: \"Verdana\",\"sans-serif\"; font-size: 8pt;'><font color=\"#000000\"><o:p>Il Prof. Henning Howlid W\u00e6rp<\/o:p><\/font><\/span><\/p>\n<p class=\"MsoNormal\" style=\"margin: 0cm 0cm 0pt;\"><span style='font-family: \"Verdana\",\"sans-serif\"; font-size: 8pt;'><font color=\"#000000\"><o:p><\/o:p><\/font><\/span>\u00a0<\/p>\n<p class=\"MsoNormal\" style=\"margin: 0cm 0cm 0pt;\"><span style='font-family: \"Verdana\",\"sans-serif\"; font-size: 8pt;'><font color=\"#000000\"><o:p><img loading=\"lazy\" decoding=\"async\" width=\"632\" height=\"844\" style=\"width: 484px; height: 630px;\" alt=\"troms\u00f89\" src=\"\/resource\/2015\/10\/44803_f_CAM04678resized.jpg\" border=\"0\"><br \/>Sigrid Fossland<\/o:p><\/font><\/span><\/p>\n<p class=\"MsoNormal\" style=\"margin: 0cm 0cm 0pt;\"><span style='font-family: \"Verdana\",\"sans-serif\"; font-size: 8pt;'><font color=\"#000000\"><o:p><\/o:p><\/font><\/span>\u00a0<\/p>\n<p class=\"MsoNormal\" style=\"margin: 0cm 0cm 0pt;\"><span style='font-family: \"Verdana\",\"sans-serif\"; font-size: 8pt;'><font color=\"#000000\"><o:p><span style='font-family: \"Verdana\",\"sans-serif\"; font-size: 8pt;'><font color=\"#000000\"><o:p><img decoding=\"async\" alt=\"Troms\u00f8 AmbasciatoreOlsen\" src=\"\/resource\/2015\/10\/44801_f_DanteogIbsenresizedDirettorefacoltOlsen16of20.jpg\" border=\"0\"><br \/>L&#8217;Ambasciatore insieme alla Preside Sonni Olsen<\/o:p><\/font><\/span><\/o:p><\/font><\/span><\/p>\n<p class=\"MsoNormal\" style=\"margin: 0cm 0cm 0pt;\"><span style='font-family: \"Verdana\",\"sans-serif\"; font-size: 8pt;'><font color=\"#000000\"><o:p><\/o:p><\/font><\/span>\u00a0<\/p>\n<p class=\"MsoNormal\" style=\"margin: 0cm 0cm 0pt;\"><span style='font-family: \"Verdana\",\"sans-serif\"; font-size: 8pt;'><font color=\"#000000\"><o:p><img decoding=\"async\" alt=\"Troms\u00f811\" src=\"\/resource\/2015\/10\/44805_f_CAM04683resized.jpg\" border=\"0\"><br \/>La locandina dell&#8217;evento<\/o:p><\/font><\/span><\/p>\n<p class=\"MsoNormal\" style=\"margin: 0cm 0cm 0pt;\"><span style='font-family: \"Verdana\",\"sans-serif\"; font-size: 8pt;'><font color=\"#000000\"><o:p><\/o:p><\/font><\/span>\u00a0<\/p>\n<p class=\"MsoNormal\" style=\"margin: 0cm 0cm 0pt;\"><span style='font-family: \"Verdana\",\"sans-serif\"; font-size: 8pt;'><font color=\"#000000\"><o:p><img decoding=\"async\" alt=\"Troms\u00f812\" src=\"\/resource\/2015\/10\/44807_f_CAM04680resized.jpg\" border=\"0\"><\/o:p><\/font><\/span><\/p>\n<p class=\"MsoNormal\" style=\"margin: 0cm 0cm 0pt;\"><span style='font-family: \"Verdana\",\"sans-serif\"; font-size: 8pt;'><font color=\"#000000\"><o:p>L&#8217;angolo Italia<\/o:p><\/font><\/span><\/p>\n<p><font color=\"#000000\" face=\"Times New Roman\"><\/p>\n<p><\/font><\/p>\n<p class=\"MsoNormal\" style=\"margin: 0cm 0cm 0pt;\"><span style='font-family: \"Verdana\",\"sans-serif\"; font-size: 8pt;'><o:p><font color=\"#000000\">\u00a0<\/font><\/o:p><\/span><\/p>\n<p><font color=\"#000000\" face=\"Times New Roman\"><\/p>\n<p><\/font><\/p>\n","protected":false},"excerpt":{"rendered":"Un ampio pubblico di un centinaio di persone ha partecipato alla serata letteraria italiana &#8220;Italiensk Aften\u201d tenutasi il 27 ottobre scorso nella capitale artica della Norvegia, Troms\u00f8, ed organizzata dall\u2019Ambasciata, dalla locale Universit\u00e0 Artica e dalla Biblioteca civica nel contesto dell\u2019anno dantesco. Si \u00e8 trattato, con ogni probabilit\u00e0, dell\u2019evento, nel suo genere, pi\u00f9 settentrionale al [&hellip;]","protected":false},"author":1,"featured_media":0,"comment_status":"","ping_status":"","sticky":false,"template":"","format":"standard","meta":{"footnotes":""},"tags":[],"class_list":["post-2013","post","type-post","status-publish","format-standard","hentry"],"_links":{"self":[{"href":"https:\/\/amboslo.esteri.it\/it\/wp-json\/wp\/v2\/posts\/2013","targetHints":{"allow":["GET"]}}],"collection":[{"href":"https:\/\/amboslo.esteri.it\/it\/wp-json\/wp\/v2\/posts"}],"about":[{"href":"https:\/\/amboslo.esteri.it\/it\/wp-json\/wp\/v2\/types\/post"}],"author":[{"embeddable":true,"href":"https:\/\/amboslo.esteri.it\/it\/wp-json\/wp\/v2\/users\/1"}],"replies":[{"embeddable":true,"href":"https:\/\/amboslo.esteri.it\/it\/wp-json\/wp\/v2\/comments?post=2013"}],"version-history":[{"count":0,"href":"https:\/\/amboslo.esteri.it\/it\/wp-json\/wp\/v2\/posts\/2013\/revisions"}],"wp:attachment":[{"href":"https:\/\/amboslo.esteri.it\/it\/wp-json\/wp\/v2\/media?parent=2013"}],"wp:term":[{"taxonomy":"post_tag","embeddable":true,"href":"https:\/\/amboslo.esteri.it\/it\/wp-json\/wp\/v2\/tags?post=2013"}],"curies":[{"name":"wp","href":"https:\/\/api.w.org\/{rel}","templated":true}]}}