{"id":2020,"date":"2015-09-11T13:52:08","date_gmt":"2015-09-11T11:52:08","guid":{"rendered":"https:\/\/amboslo.esteri.it\/news\/dall_ambasciata\/2015\/09\/lettera-aperta-pdc-renzi\/"},"modified":"2015-09-11T13:52:08","modified_gmt":"2015-09-11T11:52:08","slug":"lettera-aperta-pdc-renzi","status":"publish","type":"post","link":"https:\/\/amboslo.esteri.it\/it\/news\/dall_ambasciata\/2015\/09\/lettera-aperta-pdc-renzi\/","title":{"rendered":"Crisi dei rifugiati: Lettera aperta del Presidente del Consiglio Matteo Renzi."},"content":{"rendered":"<p><font color=\"#000000\" face=\"Times New Roman\"><br \/>\n<\/font><\/p>\n<p class=\"MsoNormal\" style=\"margin: 0cm 0cm 10pt;\"><span lang=\"IT\" style='line-height: 115%; font-family: \"Verdana\",\"sans-serif\"; font-size: 8pt; mso-ansi-language: IT;'><font color=\"#000000\">Il Presidente del Consiglio<br \/>\nMatteo Renzi risponde oggi all\u2019appello rivolto ai loro leader<br \/>\npolitici dai direttori di 13 importanti\u00a0 testate europee, tra cui La<br \/>\nRepubblica, e pubblicato simultaneamente<br \/>\nieri.\u00a0<span style=\"mso-spacerun: yes;\">\u00a0<\/span><span style=\"mso-spacerun: yes;\">\u00a0<\/span><o:p><\/o:p><\/font><\/span><font color=\"#000000\" face=\"Times New Roman\"><\/p>\n<p><\/font><\/p>\n<p class=\"MsoNormal\" style=\"margin: 0cm 0cm 10pt;\"><span lang=\"EN-US\" style='line-height: 115%; font-family: \"Verdana\",\"sans-serif\"; font-size: 8pt;'><font color=\"#000000\"><span lang=\"EN-US\" style='line-height: 115%; font-family: \"Verdana\",\"sans-serif\"; font-size: 8pt;'><font color=\"#000000\">La lettera del premier pubblicata su La Repubblica:<\/font><\/span> &#8220;<u><a href=\"http:\/\/www.repubblica.it\/politica\/2015\/09\/11\/news\/l_europa_e_a_un_bivio_non_puo_piu_voltare_le_spalle_o_le_sue_ragioni_spariranno-122632224\/\">L&#8217;Europa \u00e8 a un bivio. Non<br \/>\npu\u00f2 pi\u00f9 voltare le spalle o le sue ragioni spariranno<\/a><\/u>&#8220;.<o:p><\/o:p><\/font><\/span><\/p>\n<p><font color=\"#000000\" face=\"Times New Roman\"><\/p>\n<p><\/font><\/p>\n<p class=\"MsoNormal\" style=\"margin: 0cm 0cm 10pt;\"><span lang=\"EN-US\" style='line-height: 115%; font-family: \"Verdana\",\"sans-serif\"; font-size: 8pt;'><font color=\"#000000\">Il settimanale Morgenbladet, co-firmatario dell\u2019appello,<br \/>\nha pubblicato la risposta del Presidente del Consiglio in traduzione norvegese:<br \/>\n\u00ab<u><a href=\"http:\/\/morgenbladet.no\/aktuelt\/2015\/09\/ett-minutts-stillhet-er-ikke-nok\">F\u00f8lelser er viktige, men i dag er det f\u00f8rst og fremst handling vi trenger<\/a><\/u>\u00bb.<\/p>\n<p><u><a href=\"http:\/\/www.repubblica.it\/esteri\/2015\/09\/10\/news\/rifugiati_appello_alla_ue_di_13_giornali_serve_coraggio_-122557992\/?ref=HRER1-1\">L&#8217;appello<\/a><\/u><\/font><\/span><\/p>\n<p class=\"MsoNormal\" style=\"margin: 0cm 0cm 10pt;\"><span lang=\"EN-US\" style='line-height: 115%; font-family: \"Verdana\",\"sans-serif\"; font-size: 8pt;'><font color=\"#000000\"><\/font><\/span>\u00a0<\/p>\n<p class=\"MsoNormal\" style=\"margin: 0cm 0cm 10pt;\"><span lang=\"EN-US\" style='line-height: 115%; font-family: \"Verdana\",\"sans-serif\"; font-size: 8pt;'><font color=\"#000000\"><o:p><img decoding=\"async\" alt=\"\" src=\"http:\/\/www.governo.it\/backoffice\/allegati\/78917-img.gif\"><\/o:p><\/font><\/span><\/p>\n<p><font color=\"#000000\" face=\"Times New Roman\"><\/p>\n<p><\/font><\/p>\n","protected":false},"excerpt":{"rendered":"Il Presidente del Consiglio Matteo Renzi risponde oggi all\u2019appello rivolto ai loro leader politici dai direttori di 13 importanti\u00a0 testate europee, tra cui La Repubblica, e pubblicato simultaneamente ieri.\u00a0\u00a0\u00a0 La lettera del premier pubblicata su La Repubblica: &#8220;L&#8217;Europa \u00e8 a un bivio. Non pu\u00f2 pi\u00f9 voltare le spalle o le sue ragioni spariranno&#8220;. Il settimanale [&hellip;]","protected":false},"author":1,"featured_media":0,"comment_status":"","ping_status":"","sticky":false,"template":"","format":"standard","meta":{"footnotes":""},"tags":[],"class_list":["post-2020","post","type-post","status-publish","format-standard","hentry"],"_links":{"self":[{"href":"https:\/\/amboslo.esteri.it\/it\/wp-json\/wp\/v2\/posts\/2020","targetHints":{"allow":["GET"]}}],"collection":[{"href":"https:\/\/amboslo.esteri.it\/it\/wp-json\/wp\/v2\/posts"}],"about":[{"href":"https:\/\/amboslo.esteri.it\/it\/wp-json\/wp\/v2\/types\/post"}],"author":[{"embeddable":true,"href":"https:\/\/amboslo.esteri.it\/it\/wp-json\/wp\/v2\/users\/1"}],"replies":[{"embeddable":true,"href":"https:\/\/amboslo.esteri.it\/it\/wp-json\/wp\/v2\/comments?post=2020"}],"version-history":[{"count":0,"href":"https:\/\/amboslo.esteri.it\/it\/wp-json\/wp\/v2\/posts\/2020\/revisions"}],"wp:attachment":[{"href":"https:\/\/amboslo.esteri.it\/it\/wp-json\/wp\/v2\/media?parent=2020"}],"wp:term":[{"taxonomy":"post_tag","embeddable":true,"href":"https:\/\/amboslo.esteri.it\/it\/wp-json\/wp\/v2\/tags?post=2020"}],"curies":[{"name":"wp","href":"https:\/\/api.w.org\/{rel}","templated":true}]}}