{"id":2038,"date":"2015-06-16T09:19:17","date_gmt":"2015-06-16T07:19:17","guid":{"rendered":"https:\/\/amboslo.esteri.it\/news\/dall_ambasciata\/2015\/06\/seratavinigiugno2015\/"},"modified":"2015-06-16T09:19:17","modified_gmt":"2015-06-16T07:19:17","slug":"seratavinigiugno2015","status":"publish","type":"post","link":"https:\/\/amboslo.esteri.it\/it\/news\/dall_ambasciata\/2015\/06\/seratavinigiugno2015\/","title":{"rendered":"Promozione delle eccellenze enologiche italiane: nuova formula in Residenza."},"content":{"rendered":"<p><font color=\"#000000\" face=\"Times New Roman\"><br \/>\n<\/font><font color=\"#000000\" face=\"Times New Roman\"><\/p>\n<p><\/font><\/p>\n<p class=\"MsoNormal\" style=\"margin: 0cm 0cm 0pt; text-align: justify;\"><span lang=\"IT\" style='font-family: \"Verdana\",\"sans-serif\"; font-size: 8pt; mso-ansi-language: IT;'><font color=\"#000000\">Ha avuto luogo ieri<br \/>\npresso la Residenza dell\u2019Ambasciatore Giorgio Novello un originale evento di<br \/>\nincontro e conoscenza reciproca tra rappresentanti dell\u2019ente pubblico norvegese<br \/>\n\u201cVinmonopolet\u201d da una parte, e dall\u2019altra di qualificati rappresentanti del<br \/>\nmondo enologico italiano del Veronese, a livello sia di associazioni (Coldiretti<br \/>\nVerona, col Presidente Claudio Valente) che dei rappresentanti delle 20<br \/>\netichette vincitrici del prestigioso premio Verona Wine Top 2014.<\/p>\n<p><\/font><\/span><font color=\"#000000\"><span lang=\"IT\" style='font-family: \"Verdana\",\"sans-serif\"; font-size: 8pt; mso-ansi-language: IT;'>L\u2019evento,<br \/>\npromosso dalla Camera di Commercio di Verona, e\u2019 stato organizzato dall\u2019Ufficio<br \/>\nCommerciale dell\u2019Ambasciata in partnership con la Norsk Italiensk Handelskammer<br \/>\n(NIHK) e la Camera di Commercio italo\u2013danese. <\/span><span style='font-family: \"Verdana\",\"sans-serif\"; font-size: 8pt;'>Natura e finalita\u2019 dell\u2019iniziativa<br \/>\nsono state ricordate dall\u2019Ambasciatore in un incontro con gli operatori in<br \/>\napertura di serata.<o:p><\/o:p><\/span><\/font><font color=\"#000000\" face=\"Times New Roman\"><\/p>\n<p><\/font><\/p>\n<p class=\"MsoNormal\" style=\"margin: 0cm 0cm 0pt; text-align: justify;\"><span style='font-family: \"Verdana\",\"sans-serif\"; font-size: 8pt;'><font color=\"#000000\">Vinmonopolet \u00e8 la societ\u00e0 di propriet\u00e0<br \/>\npubblica che detiene il monopolio della vendita al dettaglio delle bevande<br \/>\nalcoliche in Norvegia. Attraverso precise procedure di gara e un\u2019accurata<br \/>\nanalisi del mercato l\u2019azienda decide la presenza dei vini nel Paese, con pi\u00f9 di<br \/>\n300 punti vendita disseminati in tutto il territorio nazionale. <\/p>\n<p><\/font><\/span><span style='font-family: \"Verdana\",\"sans-serif\"; font-size: 8pt;'><font color=\"#000000\">I rappresentanti di Vinmonopolet\u00a0<br \/>\nhanno apprezzato l\u2019elevata qualit\u00e0 dei vini proposti presentati dal sommelier<br \/>\nMichael Flanigan e la formula utilizzata in occasione della serata. <\/font><\/span><span lang=\"IT\" style='font-family: \"Verdana\",\"sans-serif\"; font-size: 8pt; mso-ansi-language: IT;'><font color=\"#000000\">Si ritiene<br \/>\ninfatti che, in un mercato in costante evoluzione come la Norvegia, sia<br \/>\nessenziale per gli operatori pubblici norvegesi del comparto continuare ad individuare<br \/>\nprodotti che \u2013 ad esempio proprio per via dell\u2019elevata qualit\u00e0, attenzione e<br \/>\ncura dei nostri viticoltori italiani \u2013 riescano ad offrire al consumatore<br \/>\nlocale nuove esperienze in termini di gusto, tali da giustificare un pi\u00f9<br \/>\nelevato prezzo di acquisto.\u00a0 <o:p><\/o:p><\/font><\/span><\/p>\n<p><font color=\"#000000\" face=\"Times New Roman\"><\/p>\n<p><\/font><span lang=\"IT\" style='font-family: \"Verdana\",\"sans-serif\"; font-size: 8pt; mso-ansi-language: IT;'><o:p><font color=\"#000000\"><\/p>\n<p class=\"MsoNormal\" style=\"margin: 0cm 0cm 0pt; text-align: justify;\"><img loading=\"lazy\" decoding=\"async\" width=\"635\" height=\"844\" style=\"width: 367px; height: 487px;\" alt=\"Vini11-06-1\" src=\"\/resource\/2015\/06\/42859_f_CAM03615.jpg\" border=\"0\"><\/p>\n<p class=\"MsoNormal\" style=\"margin: 0cm 0cm 0pt; text-align: justify;\">\u00a0<\/p>\n<p class=\"MsoNormal\" style=\"margin: 0cm 0cm 0pt; text-align: justify;\"><img loading=\"lazy\" decoding=\"async\" width=\"634\" height=\"844\" style=\"width: 375px; height: 511px;\" alt=\"Vini11-06-2\" src=\"\/resource\/2015\/06\/42860_f_CAM03631.jpg\" border=\"0\"><\/p>\n<p class=\"MsoNormal\" style=\"margin: 0cm 0cm 0pt; text-align: justify;\">\u00a0<\/p>\n<p class=\"MsoNormal\" style=\"margin: 0cm 0cm 0pt; text-align: justify;\"><img loading=\"lazy\" decoding=\"async\" width=\"632\" height=\"844\" style=\"width: 369px; height: 498px;\" alt=\"Vini11-06-3\" src=\"\/resource\/2015\/06\/42861_f_CAM03635.jpg\" border=\"0\"><\/p>\n<p><\/font><\/p>\n<p class=\"MsoNormal\" style=\"margin: 0cm 0cm 0pt; text-align: justify;\">\n<p><\/o:p><\/p>\n<p class=\"MsoNormal\" style=\"margin: 0cm 0cm 0pt; text-align: justify;\">\n<p><\/span><\/p>\n<p class=\"MsoNormal\" style=\"margin: 0cm 0cm 0pt; text-align: justify;\">\n<p><font color=\"#000000\" face=\"Times New Roman\"><\/p>\n<p><\/font><\/p>\n","protected":false},"excerpt":{"rendered":"Ha avuto luogo ieri presso la Residenza dell\u2019Ambasciatore Giorgio Novello un originale evento di incontro e conoscenza reciproca tra rappresentanti dell\u2019ente pubblico norvegese \u201cVinmonopolet\u201d da una parte, e dall\u2019altra di qualificati rappresentanti del mondo enologico italiano del Veronese, a livello sia di associazioni (Coldiretti Verona, col Presidente Claudio Valente) che dei rappresentanti delle 20 etichette [&hellip;]","protected":false},"author":1,"featured_media":0,"comment_status":"","ping_status":"","sticky":false,"template":"","format":"standard","meta":{"footnotes":""},"tags":[],"class_list":["post-2038","post","type-post","status-publish","format-standard","hentry"],"_links":{"self":[{"href":"https:\/\/amboslo.esteri.it\/it\/wp-json\/wp\/v2\/posts\/2038","targetHints":{"allow":["GET"]}}],"collection":[{"href":"https:\/\/amboslo.esteri.it\/it\/wp-json\/wp\/v2\/posts"}],"about":[{"href":"https:\/\/amboslo.esteri.it\/it\/wp-json\/wp\/v2\/types\/post"}],"author":[{"embeddable":true,"href":"https:\/\/amboslo.esteri.it\/it\/wp-json\/wp\/v2\/users\/1"}],"replies":[{"embeddable":true,"href":"https:\/\/amboslo.esteri.it\/it\/wp-json\/wp\/v2\/comments?post=2038"}],"version-history":[{"count":0,"href":"https:\/\/amboslo.esteri.it\/it\/wp-json\/wp\/v2\/posts\/2038\/revisions"}],"wp:attachment":[{"href":"https:\/\/amboslo.esteri.it\/it\/wp-json\/wp\/v2\/media?parent=2038"}],"wp:term":[{"taxonomy":"post_tag","embeddable":true,"href":"https:\/\/amboslo.esteri.it\/it\/wp-json\/wp\/v2\/tags?post=2038"}],"curies":[{"name":"wp","href":"https:\/\/api.w.org\/{rel}","templated":true}]}}