{"id":2040,"date":"2015-06-04T06:22:18","date_gmt":"2015-06-04T04:22:18","guid":{"rendered":"https:\/\/amboslo.esteri.it\/news\/dall_ambasciata\/2015\/06\/norshipping2015\/"},"modified":"2015-06-04T06:22:18","modified_gmt":"2015-06-04T04:22:18","slug":"norshipping2015","status":"publish","type":"post","link":"https:\/\/amboslo.esteri.it\/it\/news\/dall_ambasciata\/2015\/06\/norshipping2015\/","title":{"rendered":"Norshipping 2015. L&#8217;Ambasciatore visita la Fiera e le aziende italiane presenti."},"content":{"rendered":"<p><font color=\"#000000\" face=\"Times New Roman\"><br \/>\n<\/font><\/p>\n<p class=\"MsoNormal\" style=\"margin: 0cm 0cm 10pt;\"><span lang=\"IT\" style='line-height: 115%; font-family: \"Verdana\",\"sans-serif\"; font-size: 8pt;'><font color=\"#000000\">L\u2019Ambasciatore Giorgio Novello si \u00e8 recato<br \/>\nin visita alle 12 aziende italiane presenti alla manifestazione Norshipping 2015,<br \/>\nil pi\u00f9 importante appuntamento fieristico della capitale norvegese (polo<br \/>\nespositivo di Lillestroem), apertosi marted\u00ec 2 giugno.\u00a0<span style=\"mso-spacerun: yes;\">\u00a0<\/span><o:p><\/o:p><\/font><\/span><\/p>\n<p><font color=\"#000000\" face=\"Times New Roman\"><\/p>\n<p><\/font><\/p>\n<p class=\"MsoNormal\" style=\"margin: 0cm 0cm 10pt;\"><span lang=\"IT\" style='line-height: 115%; font-family: \"Verdana\",\"sans-serif\"; font-size: 8pt;'><font color=\"#000000\">In considerazione dell\u2019importanza della<br \/>\nFiera,<span style=\"mso-spacerun: yes;\">\u00a0 <\/span>dedicata come noto <span style=\"mso-spacerun: yes;\">\u00a0<\/span>al settore marittimo (incluse le unit\u00e0 navali<br \/>\ne le piattaforme per il comparto Oil and Gas), d\u2019intesa con l\u2019Ambasciata, l\u2019ICE<br \/>\n(Agenzia per la promozione all\u2019estero) \u2013 Ufficio di Stoccolma (competente per<br \/>\nla Norvegia) ha provveduto all\u2019allestimento del padiglione nazionale con<br \/>\nl\u2019obiettivo di attrarre l\u2019attenzione degli operatori del settore (oltre 30.000<br \/>\ni visitatori attesi) verso le nostre aziende. <o:p><\/o:p><\/font><\/span><\/p>\n<p><font color=\"#000000\" face=\"Times New Roman\"><\/p>\n<p><\/font><\/p>\n<p class=\"MsoNormal\" style=\"margin: 0cm 0cm 10pt;\"><span lang=\"IT\" style='line-height: 115%; font-family: \"Verdana\",\"sans-serif\"; font-size: 8pt;'><font color=\"#000000\">Il felice posizionamento del Padiglione<br \/>\nItalia ha infatti assicurato una considerevole affluenza di visitatori presso<br \/>\ngli stand delle imprese che hanno deciso di far parte della collettiva in una<br \/>\nedizione speciale della Norshipping, giunta al cinquantesimo anniversario dallo<br \/>\nsvolgimento della prima manifestazione.<o:p><\/o:p><\/font><\/span><\/p>\n<p><font color=\"#000000\" face=\"Times New Roman\"><\/p>\n<p><\/font><\/p>\n<p class=\"MsoNormal\" style=\"margin: 0cm 0cm 10pt;\"><span lang=\"IT\" style='line-height: 115%; font-family: \"Verdana\",\"sans-serif\"; font-size: 8pt;'><font color=\"#000000\">Nel corso della sua visita agli stand,<br \/>\nl\u2019Ambasciatore ha approfondito con i rappresentanti <span style=\"mso-spacerun: yes;\">\u00a0<\/span>delle aziende italiane le rispettive<br \/>\nprospettive d\u2019affari nel mercato<span style=\"mso-spacerun: yes;\">\u00a0<br \/>\n<\/span>norvegese, individuando alcune iniziative di valorizzazione e di<br \/>\nsupporto del Made in Italy in questo importante e competitivo comparto. Esse<br \/>\nsaranno ulteriormente<span style=\"mso-spacerun: yes;\">\u00a0 <\/span>esaminate con<br \/>\nl\u2019Ufficio ICE di Stoccolma, alla luce dei primi positivi riscontri emersi con<br \/>\nriguardo all\u2019utilit\u00e0 della partecipazione a questa fiera. <\/p>\n<p><o:p><img loading=\"lazy\" decoding=\"async\" width=\"634\" height=\"844\" style=\"width: 474px; height: 637px;\" alt=\"Norshipping2015-1\" src=\"\/resource\/2015\/06\/42556_f_CAM03480resized.jpg\" border=\"0\"><br \/>Il Direttore dell&#8217;Ufficio ICE di Stoccolma Giovanni Luca Atena, l&#8217;Ambasciatore Giorgio Novello e l&#8217;Addetto Commerciale Giacomo Cosmi<\/o:p><\/font><\/span><\/p>\n<p class=\"MsoNormal\" style=\"margin: 0cm 0cm 10pt;\"><span lang=\"IT\" style='line-height: 115%; font-family: \"Verdana\",\"sans-serif\"; font-size: 8pt;'><font color=\"#000000\"><o:p><\/o:p><\/font><\/span>\u00a0<\/p>\n<p class=\"MsoNormal\" style=\"margin: 0cm 0cm 10pt;\"><span lang=\"IT\" style='line-height: 115%; font-family: \"Verdana\",\"sans-serif\"; font-size: 8pt;'><font color=\"#000000\"><o:p><img loading=\"lazy\" decoding=\"async\" width=\"634\" height=\"844\" style=\"width: 495px; height: 661px;\" alt=\"Norshipping2015-2\" src=\"\/resource\/2015\/06\/42557_f_CAM03483resized.jpg\" border=\"0\"><br \/>L&#8217;Ambasciatore Giorgio Novello e l&#8217;Addetto Commerciale Giacomo Cosmi con rappresentanti del RINA<\/o:p><\/font><\/span><\/p>\n<p class=\"MsoNormal\" style=\"margin: 0cm 0cm 10pt;\"><span lang=\"IT\" style='line-height: 115%; font-family: \"Verdana\",\"sans-serif\"; font-size: 8pt;'><font color=\"#000000\"><o:p><img loading=\"lazy\" decoding=\"async\" width=\"633\" height=\"845\" style=\"width: 524px; height: 682px;\" alt=\"Norshipping2015-3\" src=\"\/resource\/2015\/06\/42558_f_CAM03478resized.jpg\" border=\"0\"><\/o:p><\/font><\/span><\/p>\n<p><font color=\"#000000\" face=\"Times New Roman\"><\/p>\n<p><\/font><\/p>\n<p class=\"MsoNormal\" style=\"margin: 0cm 0cm 10pt;\"><span lang=\"IT\" style='line-height: 115%; font-family: \"Verdana\",\"sans-serif\"; font-size: 8pt;'><o:p><font color=\"#000000\">\u00a0<\/font><\/o:p><\/span><\/p>\n<p><font color=\"#000000\" face=\"Times New Roman\"><\/p>\n<p><\/font><\/p>\n<p class=\"MsoNormal\" style=\"margin: 0cm 0cm 10pt;\"><span lang=\"IT\" style='line-height: 115%; font-family: \"Verdana\",\"sans-serif\"; font-size: 8pt;'><o:p><font color=\"#000000\">\u00a0<\/font><\/o:p><\/span><\/p>\n<p><font color=\"#000000\" face=\"Times New Roman\"><\/p>\n<p><\/font><\/p>\n","protected":false},"excerpt":{"rendered":"L\u2019Ambasciatore Giorgio Novello si \u00e8 recato in visita alle 12 aziende italiane presenti alla manifestazione Norshipping 2015, il pi\u00f9 importante appuntamento fieristico della capitale norvegese (polo espositivo di Lillestroem), apertosi marted\u00ec 2 giugno.\u00a0\u00a0 In considerazione dell\u2019importanza della Fiera,\u00a0 dedicata come noto \u00a0al settore marittimo (incluse le unit\u00e0 navali e le piattaforme per il comparto Oil [&hellip;]","protected":false},"author":1,"featured_media":0,"comment_status":"","ping_status":"","sticky":false,"template":"","format":"standard","meta":{"footnotes":""},"tags":[],"class_list":["post-2040","post","type-post","status-publish","format-standard","hentry"],"_links":{"self":[{"href":"https:\/\/amboslo.esteri.it\/it\/wp-json\/wp\/v2\/posts\/2040","targetHints":{"allow":["GET"]}}],"collection":[{"href":"https:\/\/amboslo.esteri.it\/it\/wp-json\/wp\/v2\/posts"}],"about":[{"href":"https:\/\/amboslo.esteri.it\/it\/wp-json\/wp\/v2\/types\/post"}],"author":[{"embeddable":true,"href":"https:\/\/amboslo.esteri.it\/it\/wp-json\/wp\/v2\/users\/1"}],"replies":[{"embeddable":true,"href":"https:\/\/amboslo.esteri.it\/it\/wp-json\/wp\/v2\/comments?post=2040"}],"version-history":[{"count":0,"href":"https:\/\/amboslo.esteri.it\/it\/wp-json\/wp\/v2\/posts\/2040\/revisions"}],"wp:attachment":[{"href":"https:\/\/amboslo.esteri.it\/it\/wp-json\/wp\/v2\/media?parent=2040"}],"wp:term":[{"taxonomy":"post_tag","embeddable":true,"href":"https:\/\/amboslo.esteri.it\/it\/wp-json\/wp\/v2\/tags?post=2040"}],"curies":[{"name":"wp","href":"https:\/\/api.w.org\/{rel}","templated":true}]}}