{"id":2045,"date":"2015-05-08T13:28:19","date_gmt":"2015-05-08T11:28:19","guid":{"rendered":"https:\/\/amboslo.esteri.it\/news\/dall_ambasciata\/2015\/05\/visitabodo\/"},"modified":"2015-05-08T13:28:19","modified_gmt":"2015-05-08T11:28:19","slug":"visitabodo","status":"publish","type":"post","link":"https:\/\/amboslo.esteri.it\/it\/news\/dall_ambasciata\/2015\/05\/visitabodo\/","title":{"rendered":"L&#8217;Ambasciatore Giorgio Novello in visita a Bod\u00f8."},"content":{"rendered":"<p><font color=\"#000000\" face=\"Times New Roman\"><\/font><\/p>\n<p class=\"MsoNormal\" style=\"margin: 0cm 0cm 10pt;\"><span lang=\"IT\" style='line-height: 115%; font-family: \"Verdana\",\"sans-serif\"; font-size: 8pt;'><font color=\"#000000\">L\u2019Ambasciatore Giorgio Novello ha visitato<br \/>\nla citt\u00e0 di Bod\u00f8 (\u201cla pi\u00f9 meridionale delle citt\u00e0 norvegesi al di l\u00e0 del<br \/>\nCircolo polare\u201d) per incontri con le Autorit\u00e0 locali ed approfondimenti su<br \/>\npossibili iniziative congiunte nei settori economico, culturale e sociale. <o:p><\/o:p><\/font><\/span><font color=\"#000000\" face=\"Times New Roman\"><\/p>\n<p><\/font><\/p>\n<p class=\"MsoNormal\" style=\"margin: 0cm 0cm 10pt;\"><span lang=\"IT\" style='line-height: 115%; font-family: \"Verdana\",\"sans-serif\"; font-size: 8pt;'><font color=\"#000000\">L\u2019Ambasciatore ha incontrato in particolare<br \/>\nil Presidente della Giunta Regionale di Nordland Tomas Norvoll ed il Sindaco di Bod\u00f8<br \/>\n<span style=\"mso-spacerun: yes;\">\u00a0<\/span>Ole Henrik Hjart\u00f8y. Egli ha inoltre<br \/>\nvisitato il museo civico cittadino che ospita preziosi reperti archeologici. Nel<br \/>\ncorso della visita all\u2019Ambasciatore \u00e8 stato illustrato il progetto del nuovo<br \/>\nmuseo di Bod\u00f8 destinato ad ospitare una tipica nave in legno dell\u2019Ottocento<br \/>\n\u201cJekt\u201d. <o:p><\/o:p><\/font><\/span><\/p>\n<p><font color=\"#000000\" face=\"Times New Roman\"><\/p>\n<p><\/font><\/p>\n<p class=\"MsoNormal\" style=\"margin: 0cm 0cm 10pt;\"><span lang=\"IT\" style='line-height: 115%; font-family: \"Verdana\",\"sans-serif\"; font-size: 8pt;'><font color=\"#000000\">Tra le varie tematiche approfondite figura<br \/>\nl\u2019iniziativa \u201cVia Querinissima\u201d, un itinerario cultural\u2013gastronomico realizzato<br \/>\nsulle orme del viaggio di ritorno dalla Norvegia a Venezia, attraverso la<br \/>\nScandinavia e l\u2019Europa centrale, del navigatore veneziano Pietro Querini, che<br \/>\nnel quindicesimo secolo import\u00f2 per la prima volta lo stoccafisso in Italia. <o:p><\/o:p><\/font><\/span><\/p>\n<p><font color=\"#000000\" face=\"Times New Roman\"><\/p>\n<p><\/font><\/p>\n<p class=\"MsoNormal\" style=\"margin: 0cm 0cm 10pt;\"><span lang=\"IT\" style='line-height: 115%; font-family: \"Verdana\",\"sans-serif\"; font-size: 8pt;'><font color=\"#000000\">Il progetto di Via Querinissima \u00e8 promosso<br \/>\ncongiuntamente dalla Contea di Nordland e dalla Regione Veneto. Tale iniziativa<br \/>\nverr\u00e0 valorizzata nei prossimi mesi sia ad Oslo che in Italia, anche con il<br \/>\nsostegno dell\u2019Ambasciata e dell\u2019Istituto di Cultura, in stretta collaborazione<br \/>\ncon le Autorit\u00e0 locali.<o:p><\/o:p><\/font><\/span><\/p>\n<p><font color=\"#000000\" face=\"Times New Roman\"><\/p>\n<p><\/font><\/p>\n<p class=\"MsoNormal\" style=\"margin: 0cm 0cm 10pt;\"><span lang=\"IT\" style='line-height: 115%; font-family: \"Verdana\",\"sans-serif\"; font-size: 8pt;'><font color=\"#000000\">Nei suoi colloqui l\u2019Ambasciatore si \u00e8<br \/>\ninoltre soffermato sul ruolo di Matera Capitale Europea della Cultura nel 2019,<br \/>\nesplorando eventuali sinergie con Bod\u00f8 interessata a valutare una sua possibile<br \/>\ncandidature in futuro.<\/p>\n<p><img loading=\"lazy\" decoding=\"async\" width=\"640\" height=\"479\" style=\"width: 556px; height: 404px;\" alt=\"Bodo1\" src=\"\/resource\/2015\/05\/41949_f_Bodo1.jpg\" border=\"0\"><\/font><\/span><\/p>\n<p class=\"MsoNormal\" style=\"margin: 0cm 0cm 10pt;\"><span lang=\"IT\" style='line-height: 115%; font-family: \"Verdana\",\"sans-serif\"; font-size: 8pt;'><font color=\"#000000\"><\/font><\/span>\u00a0<\/p>\n<p class=\"MsoNormal\" style=\"margin: 0cm 0cm 10pt;\"><span lang=\"IT\" style='line-height: 115%; font-family: \"Verdana\",\"sans-serif\"; font-size: 8pt;'><font color=\"#000000\"><o:p><img loading=\"lazy\" decoding=\"async\" width=\"317\" height=\"424\" style=\"width: 327px; height: 440px;\" alt=\"Bodo2\" src=\"\/resource\/2015\/05\/41950_f_Bodo2.jpg\" border=\"0\">\u00a0\u00a0 <\/o:p><\/font><\/span><span lang=\"IT\" style='line-height: 115%; font-family: \"Verdana\",\"sans-serif\"; font-size: 8pt;'><font color=\"#000000\"><o:p><img loading=\"lazy\" decoding=\"async\" width=\"633\" height=\"845\" style=\"width: 316px; height: 441px;\" alt=\"Bodo4\" src=\"\/resource\/2015\/05\/41952_f_Bodo4.jpg\" border=\"0\"><\/o:p><\/font><\/span><\/p>\n<p class=\"MsoNormal\" style=\"margin: 0cm 0cm 10pt;\"><span lang=\"IT\" style='line-height: 115%; font-family: \"Verdana\",\"sans-serif\"; font-size: 8pt;'><font color=\"#000000\"><o:p><img loading=\"lazy\" decoding=\"async\" width=\"633\" height=\"846\" style=\"width: 399px; height: 538px;\" alt=\"Bodo3\" src=\"\/resource\/2015\/05\/41951_f_Bodo3.jpg\" border=\"0\"><\/o:p><\/font><\/span><\/p>\n<p><font color=\"#000000\" face=\"Times New Roman\"><\/p>\n<p><\/font><\/p>\n","protected":false},"excerpt":{"rendered":"L\u2019Ambasciatore Giorgio Novello ha visitato la citt\u00e0 di Bod\u00f8 (\u201cla pi\u00f9 meridionale delle citt\u00e0 norvegesi al di l\u00e0 del Circolo polare\u201d) per incontri con le Autorit\u00e0 locali ed approfondimenti su possibili iniziative congiunte nei settori economico, culturale e sociale. L\u2019Ambasciatore ha incontrato in particolare il Presidente della Giunta Regionale di Nordland Tomas Norvoll ed il [&hellip;]","protected":false},"author":1,"featured_media":0,"comment_status":"","ping_status":"","sticky":false,"template":"","format":"standard","meta":{"footnotes":""},"tags":[],"class_list":["post-2045","post","type-post","status-publish","format-standard","hentry"],"_links":{"self":[{"href":"https:\/\/amboslo.esteri.it\/it\/wp-json\/wp\/v2\/posts\/2045","targetHints":{"allow":["GET"]}}],"collection":[{"href":"https:\/\/amboslo.esteri.it\/it\/wp-json\/wp\/v2\/posts"}],"about":[{"href":"https:\/\/amboslo.esteri.it\/it\/wp-json\/wp\/v2\/types\/post"}],"author":[{"embeddable":true,"href":"https:\/\/amboslo.esteri.it\/it\/wp-json\/wp\/v2\/users\/1"}],"replies":[{"embeddable":true,"href":"https:\/\/amboslo.esteri.it\/it\/wp-json\/wp\/v2\/comments?post=2045"}],"version-history":[{"count":0,"href":"https:\/\/amboslo.esteri.it\/it\/wp-json\/wp\/v2\/posts\/2045\/revisions"}],"wp:attachment":[{"href":"https:\/\/amboslo.esteri.it\/it\/wp-json\/wp\/v2\/media?parent=2045"}],"wp:term":[{"taxonomy":"post_tag","embeddable":true,"href":"https:\/\/amboslo.esteri.it\/it\/wp-json\/wp\/v2\/tags?post=2045"}],"curies":[{"name":"wp","href":"https:\/\/api.w.org\/{rel}","templated":true}]}}