{"id":2068,"date":"2015-01-15T10:44:12","date_gmt":"2015-01-15T09:44:12","guid":{"rendered":"https:\/\/amboslo.esteri.it\/news\/dall_ambasciata\/2015\/01\/heltene\/"},"modified":"2015-01-15T10:44:12","modified_gmt":"2015-01-15T09:44:12","slug":"heltene","status":"publish","type":"post","link":"https:\/\/amboslo.esteri.it\/it\/news\/dall_ambasciata\/2015\/01\/heltene\/","title":{"rendered":"Stampa norvegese sulla marina italiana: articolo dell&#8217;Aftenposten &#8220;&#8221;Eroi&#8221;."},"content":{"rendered":"<p><font color=\"#000000\" face=\"Times New Roman\"><br \/>\n<\/font><font color=\"#000000\" face=\"Times New Roman\"><\/p>\n<p><\/font><span lang=\"IT\" style='font-family: \"Verdana\",\"sans-serif\"; font-size: 8pt; mso-ansi-language: IT;'><font color=\"#000000\">L&#8217;ultima edizione del supplemento settimanale del quotidiano<br \/>\nnorvegese &#8220;Aftenposten&#8221; dedica un lungo articolo al ruolo, tra l\u2019altro,<br \/>\ndelle navi italiane nel porre in salvo i profughi che affrontano la traversata<br \/>\ndel Mediterraneo. L\u2019articolo porta l\u2019eloquente titolo: &#8220;Eroi&#8221;.<o:p><\/o:p><\/font><\/span><font color=\"#000000\" face=\"Times New Roman\"><\/p>\n<p><\/font><\/p>\n<p class=\"MsoNormal\" style=\"margin: 0cm 0cm 0pt;\"><span lang=\"IT\" style='font-family: \"Verdana\",\"sans-serif\"; font-size: 8pt; mso-ansi-language: IT;'><font color=\"#000000\">Il giornale sottolinea come nel 2014 oltre 200.000<br \/>\npersone (tre volte di pi\u00f9 che nel precedente anno record, il 2011) abbiano<br \/>\naffrontato la traversata in condizioni difficilissime. L&#8217;articolo riporta<br \/>\nun&#8217;intervista ad un capitano di corvetta italiano, che ricorda le<br \/>\n&#8220;innumerevoli operazioni di salvataggio in mare&#8221; alle quali egli ha<br \/>\npartecipato.<o:p><\/o:p><\/font><\/span><\/p>\n<p><font color=\"#000000\" face=\"Times New Roman\"><\/p>\n<p><\/font><\/p>\n<p class=\"MsoNormal\" style=\"margin: 0cm 0cm 0pt;\"><span lang=\"IT\" style='font-family: \"Verdana\",\"sans-serif\"; font-size: 8pt; mso-ansi-language: IT;'><font color=\"#000000\">Si tratta di un ulteriore apprezzamento da parte degli<br \/>\norgani di stampa norvegese per quanto l\u2019Italia ha fatto e sta facendo nella<br \/>\ngestione di una delle pi\u00f9 gravi crisi umanitari in Europa negli ultimi anni.\u00a0 <\/font><\/span><span lang=\"IT\" style='font-family: \"Verdana\",\"sans-serif\"; font-size: 8pt; mso-ansi-language: IT;'><font color=\"#000000\">Da parte sua, l&#8217;Ambasciata continua ad illustrare e<br \/>\nvalorizzare il ruolo della marina militare italiana e della guardia costiera<br \/>\nnelle operazioni di salvataggio in mare nel Mediterraneo.<\/p>\n<p><\/font><\/span><font color=\"#000000\" face=\"Times New Roman\"><span style='font-family: \"Verdana\",\"sans-serif\"; font-size: 9pt;'><a href=\"http:\/\/www.aftenposten.no\/amagasinet\/Heltene-i-flyktningedramaet-7848700.html\"><font color=\"#0000ff\">Heltene i flyktningedramaet<br \/><\/font><span style=\"color: windowtext;\">En telefonsamtale kan utgj\u00f8re forskjellen p\u00e5 liv og d\u00f8d.<\/span><\/a><o:p><\/o:p><\/span><br \/>\n<\/font><\/p>\n<p class=\"MsoNormal\" style=\"margin: 0cm 0cm 0pt;\"><span lang=\"IT\" style='font-family: \"Verdana\",\"sans-serif\"; font-size: 8pt; mso-ansi-language: IT;'><\/span>\u00a0<\/p>\n<p><span lang=\"IT\" style='font-family: \"Verdana\",\"sans-serif\"; font-size: 8pt; mso-ansi-language: IT;'><\/p>\n<p class=\"MsoNormal\" style=\"margin: 0cm 0cm 0pt;\">\u00a0<\/p>\n<p class=\"MsoNormal\" style=\"margin: 0cm 0cm 0pt;\">\u00a0<\/p>\n<p><\/span><\/p>\n<p class=\"MsoNormal\" style=\"margin: 0cm 0cm 0pt;\">\u00a0<\/p>\n<p class=\"MsoNormal\" style=\"margin: 0cm 0cm 0pt;\">\u00a0<\/p>\n<p><font color=\"#000000\" face=\"Times New Roman\"><\/p>\n<p><\/font><\/p>\n","protected":false},"excerpt":{"rendered":"L&#8217;ultima edizione del supplemento settimanale del quotidiano norvegese &#8220;Aftenposten&#8221; dedica un lungo articolo al ruolo, tra l\u2019altro, delle navi italiane nel porre in salvo i profughi che affrontano la traversata del Mediterraneo. L\u2019articolo porta l\u2019eloquente titolo: &#8220;Eroi&#8221;. Il giornale sottolinea come nel 2014 oltre 200.000 persone (tre volte di pi\u00f9 che nel precedente anno record, [&hellip;]","protected":false},"author":1,"featured_media":0,"comment_status":"","ping_status":"","sticky":false,"template":"","format":"standard","meta":{"footnotes":""},"tags":[],"class_list":["post-2068","post","type-post","status-publish","format-standard","hentry"],"_links":{"self":[{"href":"https:\/\/amboslo.esteri.it\/it\/wp-json\/wp\/v2\/posts\/2068","targetHints":{"allow":["GET"]}}],"collection":[{"href":"https:\/\/amboslo.esteri.it\/it\/wp-json\/wp\/v2\/posts"}],"about":[{"href":"https:\/\/amboslo.esteri.it\/it\/wp-json\/wp\/v2\/types\/post"}],"author":[{"embeddable":true,"href":"https:\/\/amboslo.esteri.it\/it\/wp-json\/wp\/v2\/users\/1"}],"replies":[{"embeddable":true,"href":"https:\/\/amboslo.esteri.it\/it\/wp-json\/wp\/v2\/comments?post=2068"}],"version-history":[{"count":0,"href":"https:\/\/amboslo.esteri.it\/it\/wp-json\/wp\/v2\/posts\/2068\/revisions"}],"wp:attachment":[{"href":"https:\/\/amboslo.esteri.it\/it\/wp-json\/wp\/v2\/media?parent=2068"}],"wp:term":[{"taxonomy":"post_tag","embeddable":true,"href":"https:\/\/amboslo.esteri.it\/it\/wp-json\/wp\/v2\/tags?post=2068"}],"curies":[{"name":"wp","href":"https:\/\/api.w.org\/{rel}","templated":true}]}}