{"id":2071,"date":"2015-01-12T14:58:33","date_gmt":"2015-01-12T13:58:33","guid":{"rendered":"https:\/\/amboslo.esteri.it\/news\/dall_ambasciata\/2015\/01\/presidenzauelettone\/"},"modified":"2015-01-12T14:58:33","modified_gmt":"2015-01-12T13:58:33","slug":"presidenzauelettone","status":"publish","type":"post","link":"https:\/\/amboslo.esteri.it\/it\/news\/dall_ambasciata\/2015\/01\/presidenzauelettone\/","title":{"rendered":"Conclusione della Presidenza italiana dell&#8217;Unione Europea ed inizio della Presidenza lettone: evento alla Litteraturhuset di Oslo."},"content":{"rendered":"<p><font color=\"#000000\" face=\"Times New Roman\"><br \/>\n<\/font><\/p>\n<p class=\"MsoNormal\" style=\"margin: 0cm 0cm 0pt;\"><span style='font-family: \"Verdana\",\"sans-serif\"; font-size: 8pt;'><o:p><font color=\"#000000\">H<\/font><\/o:p><\/span><span lang=\"IT\" style='font-family: \"Verdana\",\"sans-serif\"; font-size: 8pt; mso-ansi-language: IT;'><font color=\"#000000\">a avuto luogo stamane, presso la Litteraturhuset di<br \/>\nOslo, la presentazione del programma della nuova presidenza lettone dell\u2019Unione<br \/>\nEuropea, organizzata dal Movimento Europeo norvegese (Europabevegelsen).<br \/>\nRelatore principale \u00e8 stato l&#8217;Ambasciatore Indulis \u0100belis. \u00c8 intervenuta anche<br \/>\nla Vice Ministro norvegese per gli Affari Europei, Ingvild N\u00e6ss Stub.<o:p><\/o:p><\/font><\/span><font color=\"#000000\" face=\"Times New Roman\"><br \/>\n<br \/>\n<\/font><\/p>\n<p class=\"MsoNormal\" style=\"margin: 0cm 0cm 0pt;\"><span lang=\"IT\" style='font-family: \"Verdana\",\"sans-serif\"; font-size: 8pt; mso-ansi-language: IT;'><font color=\"#000000\">L&#8217;evento, oltre a presentare le priorit\u00e0 del prossimo<br \/>\nsemestre di attivit\u00e0 dell&#8217;Unione Europea, si \u00e9 anche sostanziato in un passaggio<br \/>\nideale di consegne tra la nuova tra la precedente presidenza italiana e la<br \/>\nnuova presidenza lettone. La Vice Ministro Stub in particolare ha avuto<br \/>\nespressioni di apprezzamento per la<span style=\"mso-spacerun: yes;\">\u00a0<br \/>\n<\/span>disponibilit\u00e0 del Governo italiano a coinvolgere la Norvegia in<br \/>\nsignificativi snodi del semestre, con specifico<span style=\"mso-spacerun: yes;\">\u00a0<br \/>\n<\/span>riferimento al vertice di Milano sull&#8217;impiego. La Vice Ministro ha anche<br \/>\nespresso vivo apprezzamento per l&#8217;attivit\u00e0 svolta dall&#8217;Ambasciata italiana ad<br \/>\nOslo sulle tematiche europee nel corso negli ultimi sei mesi.<\/p>\n<p>Domani a Strasburgo i discorso di conclusione del semestre del Presidente del Consiglio Matteo Renzi.<\/p>\n<p><a href=\"http:\/\/italia2014.eu\/it\/\"><img loading=\"lazy\" decoding=\"async\" width=\"774\" height=\"432\" style=\"width: 293px; height: 161px;\" alt=\"ItaliaUE2014\" src=\"\/resource\/2015\/01\/38755_f_italian_presidency_1.png\" border=\"0\"><\/a>\u00a0\u00a0\u00a0\u00a0\u00a0\u00a0\u00a0\u00a0\u00a0\u00a0\u00a0\u00a0\u00a0\u00a0\u00a0 <a href=\"https:\/\/eu2015.lv\/\"><img loading=\"lazy\" decoding=\"async\" width=\"268\" height=\"129\" style=\"width: 272px; height: 131px;\" alt=\"LatviaUE2015\" src=\"\/resource\/2015\/01\/38756_f_EULatvianPresidency.png\" border=\"0\"><o:p><\/o:p><\/a><\/font><\/span><\/p>\n<p><font color=\"#000000\" face=\"Times New Roman\"><\/p>\n<p><\/font><\/p>\n","protected":false},"excerpt":{"rendered":"Ha avuto luogo stamane, presso la Litteraturhuset di Oslo, la presentazione del programma della nuova presidenza lettone dell\u2019Unione Europea, organizzata dal Movimento Europeo norvegese (Europabevegelsen). Relatore principale \u00e8 stato l&#8217;Ambasciatore Indulis \u0100belis. \u00c8 intervenuta anche la Vice Ministro norvegese per gli Affari Europei, Ingvild N\u00e6ss Stub. L&#8217;evento, oltre a presentare le priorit\u00e0 del prossimo semestre [&hellip;]","protected":false},"author":1,"featured_media":0,"comment_status":"","ping_status":"","sticky":false,"template":"","format":"standard","meta":{"footnotes":""},"tags":[],"class_list":["post-2071","post","type-post","status-publish","format-standard","hentry"],"_links":{"self":[{"href":"https:\/\/amboslo.esteri.it\/it\/wp-json\/wp\/v2\/posts\/2071","targetHints":{"allow":["GET"]}}],"collection":[{"href":"https:\/\/amboslo.esteri.it\/it\/wp-json\/wp\/v2\/posts"}],"about":[{"href":"https:\/\/amboslo.esteri.it\/it\/wp-json\/wp\/v2\/types\/post"}],"author":[{"embeddable":true,"href":"https:\/\/amboslo.esteri.it\/it\/wp-json\/wp\/v2\/users\/1"}],"replies":[{"embeddable":true,"href":"https:\/\/amboslo.esteri.it\/it\/wp-json\/wp\/v2\/comments?post=2071"}],"version-history":[{"count":0,"href":"https:\/\/amboslo.esteri.it\/it\/wp-json\/wp\/v2\/posts\/2071\/revisions"}],"wp:attachment":[{"href":"https:\/\/amboslo.esteri.it\/it\/wp-json\/wp\/v2\/media?parent=2071"}],"wp:term":[{"taxonomy":"post_tag","embeddable":true,"href":"https:\/\/amboslo.esteri.it\/it\/wp-json\/wp\/v2\/tags?post=2071"}],"curies":[{"name":"wp","href":"https:\/\/api.w.org\/{rel}","templated":true}]}}