{"id":2086,"date":"2014-11-11T13:22:16","date_gmt":"2014-11-11T12:22:16","guid":{"rendered":"https:\/\/amboslo.esteri.it\/news\/dall_ambasciata\/2014\/11\/arctic-circle-2014\/"},"modified":"2014-11-11T13:22:16","modified_gmt":"2014-11-11T12:22:16","slug":"arctic-circle-2014","status":"publish","type":"post","link":"https:\/\/amboslo.esteri.it\/it\/news\/dall_ambasciata\/2014\/11\/arctic-circle-2014\/","title":{"rendered":"Arctic Circle 2014. L&#8217;Italia partecipa con ampia delegazione.\u00a0"},"content":{"rendered":"<p><font color=\"#000000\" face=\"Times New Roman\"><br \/>\n<\/font><\/p>\n<p class=\"MsoNormal\" style=\"margin: 0cm 0cm 0pt;\"><span style='font-family: \"Verdana\",\"sans-serif\"; font-size: 8pt;'><font color=\"#000000\">Una<br \/>\nampia delegazione italiana ha partecipato alla seconda edizione di Arctic<br \/>\nCircle, il foro sull\u2019Artico promosso dal Presidente islandese \u00d3lafur Ragnar<br \/>\nGr\u00edmsson, che ha avuto luogo dal 31 ottobre al 2 novembre 2014.\u00a0 <\/font><\/span><span style='font-family: \"Verdana\",\"sans-serif\"; font-size: 8pt;'><font color=\"#000000\">La<br \/>\ndelegazione, guidata dall\u2019Ambasciatore Giorgio Novello, comprendeva, oltre che<br \/>\nal Consigliere Tommaso Andria e al Console Generale Onorario Petur Bj\u00f6rnsson, rappresentanti<br \/>\ndi istituzioni (Ministero dello Sviluppo Economico), di enti di ricerca (CNR,<br \/>\nEMSO, Istituto Nazionale di Geofisica e Vulcanologia, Istituto Nazionale di Oceanografia e Geofisica<br \/>\nSperimentale,\u00a0Istituto Nazionale di Ricerca Metrologica) e di imprese ed associazioni di imprese (Becromal Islanda, Finmeccanica, Magma<br \/>\nEnergia Italia, Valvitalia, Rete Geotermica italiana). <\/p>\n<p> La partecipazione italiana si \u00e8 sostanziata in diverse occasioni di particolare visibilit\u00e0. <\/font><\/span><span style='font-family: \"Verdana\",\"sans-serif\"; font-size: 8pt;'><font color=\"#000000\">L&#8217;Ambasciatore Novello \u00e8\u00a0intervenuto in plenaria (&#8220;<em>Italy in the Arctic<\/em>&#8220;)\u00a0sul contributo all\u2019Artico della Presidenza italiana dell\u2019Unione Europea, sul<br \/>\nruolo dell\u2019Italia come paese osservatore permanente del Consiglio Artico e<br \/>\nsulle attivit\u00e0 condotte nella regione dai nostri enti di ricerca e dalle nostre<br \/>\nimprese. In una specifica breakout session (\u201c<em>A warm land in a cold place. Italy in the<br \/>\nArctic from A to Z: business, science, research, technology<\/em>\u201d)\u00a0ciascuno dei componenti la delegazione italiana ha presentato il proprio specifico settore di attivit\u00e0. Vi \u00e8 stato inoltre\u00a0un fitto calendario di incontri bilaterali<br \/>\nsia con altre delegazioni che individuali. <\/font><\/span><\/p>\n<p><span style='font-family: \"Verdana\",\"sans-serif\"; font-size: 8pt;'><\/p>\n<p class=\"MsoNormal\" style=\"margin: 0cm 0cm 0pt;\">\n<p><font color=\"#000000\"><\/p>\n<p class=\"MsoNormal\" style=\"margin: 0cm 0cm 0pt;\">Tra<br \/>\ni temi approfonditi con l\u2019occasione da parte italiana vi sono stati <span style=\"mso-spacerun: yes;\">\u00a0<\/span>la costellazione satellitare italiana COSMO<br \/>\nSkyMed e le immagini radar da essa fornite anche nella regione artica; le<br \/>\neccellenze italiane nella energia geotermica di cui l\u2019Italia \u00e8 il maggior produttore<br \/>\neuropeo; la rilevanza della metrologia anche nel coordinamento internazionale<br \/>\ndelle ricerche scientifiche nell\u2019Artico.<\/p>\n<p>Sempre a Reykjavik\u00a0l\u2019Ambasciatore Novello\u00a0ha avuto diversi incontri con interlocutori istituzionali, tra i quali\u00a0il nuovo Segretario permanente del Ministero degli Affari Esteri islandese Stef\u00e1n Haukur J\u00f3hannesson (si \u00e8 trattato del primo impegno ufficiale dall&#8217;assunzione del suo nuovo incarico), il Direttore Generale del Ministero dell&#8217;Industria Ingvi M\u00e1r P\u00e1lsson e il Senior Arctic Official islandese\u00a0 <span style='font-family: \"Verdana\",\"sans-serif\"; font-size: 8pt;'>J\u00f3nas Gunnar Allansson.<\/span><\/p>\n<p><span style='line-height: 115%; font-family: \"Verdana\",\"sans-serif\"; font-size: 8pt;'><\/p>\n<p class=\"MsoNormal\" style=\"margin: 0cm 0cm 0pt;\">\u00a0<\/p>\n<p><\/span><\/p>\n<p class=\"MsoNormal\" style=\"margin: 0cm 0cm 0pt;\">\u00a0<\/p>\n<p><\/font><\/p>\n<p class=\"MsoNormal\" style=\"margin: 0cm 0cm 0pt;\">\u00a0<img decoding=\"async\" alt=\"Arctic Circle logo\" src=\"\/resource\/2014\/11\/37356_f_Arcticcircle.jpg\" border=\"0\"><\/p>\n<p class=\"MsoNormal\" style=\"margin: 0cm 0cm 0pt;\">\u00a0<\/p>\n<p><\/span><\/p>\n<p class=\"MsoNormal\" style=\"margin: 0cm 0cm 0pt;\"><o:p><font color=\"#000000\" face=\"Calibri\">\u00a0\u00a0 <\/font><\/o:p><\/p>\n<p class=\"MsoNormal\" style=\"margin: 0cm 0cm 0pt;\"><o:p><font color=\"#000000\" face=\"Calibri\">\u00a0<font face=\"Verdana\" size=\"2\"><img decoding=\"async\" alt=\"Arctic Circle del italiana\" src=\"\/resource\/2014\/11\/37320_f_CAM02049res.jpg\" border=\"0\"><\/font><\/font><\/o:p><\/p>\n<p class=\"MsoNormal\" style=\"margin: 0cm 0cm 0pt;\"><o:p><font color=\"#000000\" size=\"2\">La delegazione italiana a Arctic Circle 2014<\/p>\n<p><\/font><\/o:p><\/p>\n<p class=\"MsoNormal\" style=\"margin: 0cm 0cm 0pt;\"><o:p><img decoding=\"async\" alt=\"Amb Novello Perm Secretary Iceland\" src=\"\/resource\/2014\/11\/37324_f_CAM02094res.jpg\" border=\"0\"><\/o:p><\/p>\n<p class=\"MsoNormal\" style=\"margin: 0cm 0cm 0pt;\"><o:p><\/o:p>\u00a0L&#8217;Ambasciatore Novello con il Segretario permanente del Ministero degli Affari Esteri islandese Stef\u00e1n Haukur J\u00f3hannesson <\/p>\n<p class=\"MsoNormal\" style=\"margin: 0cm 0cm 0pt;\"><o:p><img decoding=\"async\" alt=\"Ambasciatore Novello Console Bj\u00f8rnsson\" src=\"\/resource\/2014\/11\/37323_f_CAM02081res.jpg\" border=\"0\"><\/o:p><\/p>\n<p class=\"MsoNormal\" style=\"margin: 0cm 0cm 0pt;\"><o:p><\/o:p>L&#8217;Ambasciatore Novello con il Console Generale Onorario Petur Bj\u00f6rnsson\u00a0<\/p>\n<p><img decoding=\"async\" alt=\"Arctia Circle1\" src=\"\/resource\/2014\/11\/37321_f_CAM02054res.jpg\" border=\"0\"><br \/>L&#8217;Ambasciatore Novello con studenti italiani Erasmus+ presso l&#8217;Universit\u00e0 di Akureyri presenti ad Arctic Circle<\/p>\n<p class=\"MsoNormal\" style=\"margin: 0cm 0cm 0pt;\"><o:p><img decoding=\"async\" alt=\"Arctic Circle2\" src=\"\/resource\/2014\/11\/37322_f_CAM02083res.jpg\" border=\"0\"><br \/>L&#8217;Ambasciatore Novello e il Consigliere Andria in visita all&#8217;impianto geotermico HS Orka<\/o:p><\/p>\n<p><font color=\"#000000\" face=\"Times New Roman\"><\/p>\n<p><\/font><\/p>\n","protected":false},"excerpt":{"rendered":"Una ampia delegazione italiana ha partecipato alla seconda edizione di Arctic Circle, il foro sull\u2019Artico promosso dal Presidente islandese \u00d3lafur Ragnar Gr\u00edmsson, che ha avuto luogo dal 31 ottobre al 2 novembre 2014.\u00a0 La delegazione, guidata dall\u2019Ambasciatore Giorgio Novello, comprendeva, oltre che al Consigliere Tommaso Andria e al Console Generale Onorario Petur Bj\u00f6rnsson, rappresentanti di [&hellip;]","protected":false},"author":1,"featured_media":0,"comment_status":"","ping_status":"","sticky":false,"template":"","format":"standard","meta":{"footnotes":""},"tags":[],"class_list":["post-2086","post","type-post","status-publish","format-standard","hentry"],"_links":{"self":[{"href":"https:\/\/amboslo.esteri.it\/it\/wp-json\/wp\/v2\/posts\/2086","targetHints":{"allow":["GET"]}}],"collection":[{"href":"https:\/\/amboslo.esteri.it\/it\/wp-json\/wp\/v2\/posts"}],"about":[{"href":"https:\/\/amboslo.esteri.it\/it\/wp-json\/wp\/v2\/types\/post"}],"author":[{"embeddable":true,"href":"https:\/\/amboslo.esteri.it\/it\/wp-json\/wp\/v2\/users\/1"}],"replies":[{"embeddable":true,"href":"https:\/\/amboslo.esteri.it\/it\/wp-json\/wp\/v2\/comments?post=2086"}],"version-history":[{"count":0,"href":"https:\/\/amboslo.esteri.it\/it\/wp-json\/wp\/v2\/posts\/2086\/revisions"}],"wp:attachment":[{"href":"https:\/\/amboslo.esteri.it\/it\/wp-json\/wp\/v2\/media?parent=2086"}],"wp:term":[{"taxonomy":"post_tag","embeddable":true,"href":"https:\/\/amboslo.esteri.it\/it\/wp-json\/wp\/v2\/tags?post=2086"}],"curies":[{"name":"wp","href":"https:\/\/api.w.org\/{rel}","templated":true}]}}