{"id":2087,"date":"2014-11-11T13:05:23","date_gmt":"2014-11-11T12:05:23","guid":{"rendered":"https:\/\/amboslo.esteri.it\/news\/dall_ambasciata\/2014\/11\/comunita-islanda\/"},"modified":"2014-11-11T13:05:23","modified_gmt":"2014-11-11T12:05:23","slug":"comunita-islanda","status":"publish","type":"post","link":"https:\/\/amboslo.esteri.it\/it\/news\/dall_ambasciata\/2014\/11\/comunita-islanda\/","title":{"rendered":"Visita in Islanda dell\u2019Ambasciatore Giorgio Novello ed incontro con\u00a0esponenti della Comunit\u00e0 italiana\u00a0nel Paese.\u00a0"},"content":{"rendered":"<p><font color=\"#000000\" face=\"Times New Roman\"><br \/>\n<\/font><span style='font-family: \"Verdana\",\"sans-serif\"; font-size: 8pt;'><font color=\"#000000\">L\u2019Ambasciatore<br \/>\nGiorgio Novello e il Consigliere Tommaso Andria hanno incontrato diversi esponenti<br \/>\ndella Comunit\u00e0 italiana in Islanda durante la loro ultima visita a Reykjavik. In<br \/>\nparticolare, con l\u2019occasione, \u00e8 stato avviato per la prima volta il servizio<br \/>\ndella rilevazione dei dati biometrici per i connazionali l\u00e0 residenti, come era<br \/>\nstato auspicato dalla locale Associazione degli italiani.<\/p>\n<p>L\u2019Ambasciatore ed il Consigliere si sono intrattenuti a colloquio con\u00a0la Presidente R\u00f3sa Bj\u00f6rg J\u00f3nsd\u00f3ttir, con\u00a0il Vice<br \/>\nPresidente Michele Rebora e con altri esponenti<br \/>\ndella Comunit\u00e0 attivi, tra l\u2019altro, nei settore artistico e letterario. Tra i<br \/>\ntemi trattati, nuove iniziative relative ai servizi ai connazionali ed<br \/>\niniziative culturali.<\/p>\n<p>Durante la sua visita, l\u2019Ambasciatore ha anche incontrato il glottodidatta e<br \/>\npoeta islandese Baldur Ragnarsson, tra l\u2019altro traduttore di Leopardi e<br \/>\nUngaretti.<\/p>\n<p>Nel corso della visita l&#8217;Ambasciatore ha avuto altres\u00ec modo di incontrare alcuni studenti italiani che frequentano attualmente l&#8217;Universit\u00e0 di Akureyri nel quadro del programma Erasmus+.<o:p><\/o:p><\/font><\/span><font color=\"#000000\" face=\"Times New Roman\"><br \/>\n<br \/><\/font><\/p>\n<p><font color=\"#000000\" face=\"Times New Roman\"><img decoding=\"async\" alt=\"Associazione Italiani Islanda\" src=\"\/resource\/2014\/11\/37313_f_CAM02095res.jpg\" border=\"0\"><\/font><\/p>\n<p><font color=\"#000000\" face=\"Times New Roman\"><\/p>\n<p><span style='line-height: 115%; font-family: \"Verdana\",\"sans-serif\"; font-size: 8pt;'>L&#8217;Ambasciatore con la Presidente dell&#8217;Associazione\u00a0R\u00f3sa Bj\u00f6rg J\u00f3nsd\u00f3ttir e il il Vice Presidente Michele Rebora<\/span><\/p>\n<p><\/font><\/p>\n<p><img decoding=\"async\" alt=\"Baldur Ragnarsson\" src=\"\/resource\/2014\/11\/37311_f_CAM01945res.jpg\" border=\"0\"><br \/><span style='line-height: 115%; font-family: \"Verdana\",\"sans-serif\"; font-size: 8pt;'><br \/>L&#8217;Ambasciatore Giorgio Novello e\u00a0Baldur Ragnarsson<\/span><\/p>\n<p><font color=\"#000000\" face=\"Times New Roman\"><\/p>\n<p><\/font><\/p>\n<p><span style='font-family: \"Verdana\",\"sans-serif\"; font-size: 8pt;'><o:p><font color=\"#000000\">\u00a0<\/font><\/o:p><\/span><\/p>\n<p><font color=\"#000000\" face=\"Times New Roman\"><\/p>\n<p><\/font><\/p>\n<p class=\"MsoNormal\" style=\"margin: 0cm 0cm 0pt;\"><span style='font-family: \"Verdana\",\"sans-serif\"; font-size: 8pt;'><font color=\"#000000\"><a href=\"http:\/\/www.italiani.is\/\">Associazione<br \/>\nitaliani in Islanda<o:p><\/o:p><\/a>\u00a0<img decoding=\"async\" alt=\"Associazione italiani in Islanda\" src=\"\/resource\/2014\/11\/37272_f_associtalianiislanda.jpg\" border=\"0\"><\/font><\/span><\/p>\n<p><font color=\"#000000\" face=\"Times New Roman\"><\/p>\n<p><\/font><\/p>\n<p class=\"MsoNormal\" style=\"margin: 0cm 0cm 0pt;\"><span style='font-family: \"Verdana\",\"sans-serif\"; font-size: 8pt;'><o:p><\/o:p><\/span>\u00a0<\/p>\n<p><font color=\"#000000\" face=\"Times New Roman\"><\/p>\n<p><\/font><\/p>\n","protected":false},"excerpt":{"rendered":"L\u2019Ambasciatore Giorgio Novello e il Consigliere Tommaso Andria hanno incontrato diversi esponenti della Comunit\u00e0 italiana in Islanda durante la loro ultima visita a Reykjavik. In particolare, con l\u2019occasione, \u00e8 stato avviato per la prima volta il servizio della rilevazione dei dati biometrici per i connazionali l\u00e0 residenti, come era stato auspicato dalla locale Associazione degli [&hellip;]","protected":false},"author":1,"featured_media":0,"comment_status":"","ping_status":"","sticky":false,"template":"","format":"standard","meta":{"footnotes":""},"tags":[],"class_list":["post-2087","post","type-post","status-publish","format-standard","hentry"],"_links":{"self":[{"href":"https:\/\/amboslo.esteri.it\/it\/wp-json\/wp\/v2\/posts\/2087","targetHints":{"allow":["GET"]}}],"collection":[{"href":"https:\/\/amboslo.esteri.it\/it\/wp-json\/wp\/v2\/posts"}],"about":[{"href":"https:\/\/amboslo.esteri.it\/it\/wp-json\/wp\/v2\/types\/post"}],"author":[{"embeddable":true,"href":"https:\/\/amboslo.esteri.it\/it\/wp-json\/wp\/v2\/users\/1"}],"replies":[{"embeddable":true,"href":"https:\/\/amboslo.esteri.it\/it\/wp-json\/wp\/v2\/comments?post=2087"}],"version-history":[{"count":0,"href":"https:\/\/amboslo.esteri.it\/it\/wp-json\/wp\/v2\/posts\/2087\/revisions"}],"wp:attachment":[{"href":"https:\/\/amboslo.esteri.it\/it\/wp-json\/wp\/v2\/media?parent=2087"}],"wp:term":[{"taxonomy":"post_tag","embeddable":true,"href":"https:\/\/amboslo.esteri.it\/it\/wp-json\/wp\/v2\/tags?post=2087"}],"curies":[{"name":"wp","href":"https:\/\/api.w.org\/{rel}","templated":true}]}}