{"id":2097,"date":"2014-10-16T15:19:01","date_gmt":"2014-10-16T13:19:01","guid":{"rendered":"https:\/\/amboslo.esteri.it\/news\/dall_ambasciata\/2014\/10\/fritzroedskulpturpark\/"},"modified":"2014-10-16T15:19:01","modified_gmt":"2014-10-16T13:19:01","slug":"fritzroedskulpturpark","status":"publish","type":"post","link":"https:\/\/amboslo.esteri.it\/it\/news\/dall_ambasciata\/2014\/10\/fritzroedskulpturpark\/","title":{"rendered":"Visita dell&#8217;Ambasciatore Giorgio Novello a Bryne (Rogaland) in occasione del decimo anniversario del Parco di Sculture di Fritz R\u00f8ed."},"content":{"rendered":"<p><font color=\"#000000\" face=\"Times New Roman\"><br \/>\n<\/font><font color=\"#000000\"><font face=\"Calibri\"><span style=\"mso-ansi-language: IT;\"><span lang=\"IT\"><\/p>\n<p class=\"MsoNormal\" style=\"margin: 0cm 0cm 10pt;\"><span lang=\"IT\" style='line-height: 115%; font-family: \"Verdana\",\"sans-serif\"; font-size: 8pt; mso-ansi-language: IT;'>L\u2019Ambasciatore Giorgio<br \/>\nNovello si \u00e8 recato marted\u00ec 1 ottobre a Bryne per prendere parte alla<br \/>\ncelebrazione del decimo anniversario del Parco di Sculture di Fritz R\u00f8ed. Presente<br \/>\nall\u2019evento era anche Sindaco di Diano Marina, Giacomo Chiappori.\u00a0 Il 1<br \/>\nottobre 2004 \u00e8 stato infatti ufficialmente inaugurato, nella citt\u00e0 natale del<br \/>\nmaestro, il Parco Scultore denominato &#8220;Una canzone alla vita&#8221; e dove sono visibili 10 opere, di vario\u00a0stile e\u00a0dimensioni, collocate<br \/>\nlungo la riva del fiume che attraversa la citt\u00e0. L\u2019evento ha visto una grande<br \/>\naffluenza di pubblico che ha presenziato agli interventi ufficiali e alle<br \/>\nmanifestazioni culturali in programma.<o:p><\/o:p><\/span><font face=\"Times New Roman\"><\/p>\n<p><\/font><span lang=\"IT\" style='line-height: 115%; font-family: \"Verdana\",\"sans-serif\"; font-size: 8pt; mso-ansi-language: IT;'>Fritz R\u00f8ed, che \u00e8<br \/>\nsepolto a Villa Faraldi, <span style=\"mso-spacerun: yes;\">\u00a0<\/span>\u00e8 stato uno dei<br \/>\ngrandi scultori norvegesi con forti legami con l\u2019Italia. A partire dagli anni<br \/>\n70 fino alla sua morte nel 2002, egli ha vissuto per lunghi periodi in Liguria<br \/>\ndove ha concepito molte delle sue opere, poi fuse in bronzo da una impresa di<br \/>\nMilano.<\/p>\n<p>Nel corso della sua permanenza a Bryne l\u2019Ambasciatore Novello ha incontrato il Sindaco Chiappori ed il Vice Sindaco del Comune di Time Petter L. Stabel<span style='line-height: 115%; font-family: \"Verdana\",\"sans-serif\"; font-size: 8pt;'>.\u00a0 <\/span>Con quest\u2019ultimo ha visitato le ricche testimonianze storiche di Time compresa la casa natale del noto scrittore Arne Garborg; <span style=\"mso-spacerun: yes;\">\u00a0<\/span>ha reso omaggio alle tombe di quest\u2019ultimo e di sua moglie, situate nel giardino della loro casa di vacanze; ha visitato il parco eolico di J\u00e6ren, il pi\u00f9 grande in Norvegia.<\/p>\n<p>\n<img loading=\"lazy\" decoding=\"async\" width=\"400\" height=\"532\" style=\"width: 308px; height: 379px;\" alt=\"FritzR\u00f8ed2\" src=\"\/resource\/2014\/10\/36638_f_CAM01720resiz.jpg\" border=\"0\"><\/span><\/p>\n<p><span lang=\"IT\" style='line-height: 115%; font-family: \"Verdana\",\"sans-serif\"; font-size: 8pt; mso-ansi-language: IT;'><\/p>\n<p class=\"MsoNormal\" style=\"margin: 0cm 0cm 10pt;\"><span class=\" meta-field photo-title \">Il Vice Sindaco del Comune di Time Petter L. Stabel, l&#8217;Ambasciatore Giorgio Novello ed il Sindaco di Diano Marina Giacomo Chiappori<\/span><\/p>\n<p class=\"MsoNormal\" style=\"margin: 0cm 0cm 10pt;\">\n<p class=\"MsoNormal\" style=\"margin: 0cm 0cm 10pt;\">\u00a0\u00a0<span class=\" meta-field photo-title \"><img loading=\"lazy\" decoding=\"async\" width=\"398\" height=\"532\" style=\"width: 324px; height: 402px;\" alt=\"FritzR\u00f8ed1\" src=\"\/resource\/2014\/10\/36637_f_CAM01719resid.jpg\" border=\"0\"><\/span><\/p>\n<p><span class=\" meta-field photo-title \"><span lang=\"IT\" style='line-height: 115%; font-family: \"Verdana\",\"sans-serif\"; font-size: 8pt; mso-ansi-language: IT;'><\/p>\n<p class=\"MsoNormal\" style=\"margin: 0cm 0cm 10pt;\">L&#8217;Ambasciatore Novello ed il Sindaco Chiappori dinanzi a un&#8217;altra scultura del Parco<\/p>\n<p class=\"MsoNormal\" style=\"margin: 0cm 0cm 10pt;\">\u00a0<\/p>\n<p class=\"MsoNormal\" style=\"margin: 0cm 0cm 10pt;\"><img loading=\"lazy\" decoding=\"async\" width=\"1279\" height=\"851\" style=\"width: 412px; height: 288px;\" alt=\"r\u00f8ed4\" src=\"\/resource\/2014\/10\/36651_f_DSC_0098.JPG\" border=\"0\"><img loading=\"lazy\" decoding=\"async\" width=\"1281\" height=\"851\" style=\"width: 328px; height: 295px;\" alt=\"r\u00f8ed3\" src=\"\/resource\/2014\/10\/36650_f_DSC_01651.JPG\" border=\"0\"><\/p>\n<p class=\"MsoNormal\" style=\"margin: 0cm 0cm 10pt;\">\u00a0Alcune immagini della giornata (foto: Time Kommune)<\/p>\n<p class=\"MsoNormal\" style=\"margin: 0cm 0cm 10pt;\">\u00a0\u00a0\u00a0\u00a0\u00a0 <\/p>\n<p><\/p>\n<p><\/span><\/p>\n<p class=\"MsoNormal\" style=\"margin: 0cm 0cm 10pt;\">\u00a0<\/p>\n<p><\/span><\/p>\n<p class=\"MsoNormal\" style=\"margin: 0cm 0cm 10pt;\">\n<p>\u00a0<\/p>\n<p><\/span><font face=\"Times New Roman\"><\/p>\n<p><o:p><\/o:p><\/font><\/span><\/span><\/font><\/font><font color=\"#000000\" face=\"Times New Roman\"><\/p>\n<p><\/font><\/p>\n","protected":false},"excerpt":{"rendered":"L\u2019Ambasciatore Giorgio Novello si \u00e8 recato marted\u00ec 1 ottobre a Bryne per prendere parte alla celebrazione del decimo anniversario del Parco di Sculture di Fritz R\u00f8ed. Presente all\u2019evento era anche Sindaco di Diano Marina, Giacomo Chiappori.\u00a0 Il 1 ottobre 2004 \u00e8 stato infatti ufficialmente inaugurato, nella citt\u00e0 natale del maestro, il Parco Scultore denominato &#8220;Una [&hellip;]","protected":false},"author":1,"featured_media":0,"comment_status":"","ping_status":"","sticky":false,"template":"","format":"standard","meta":{"footnotes":""},"tags":[],"class_list":["post-2097","post","type-post","status-publish","format-standard","hentry"],"_links":{"self":[{"href":"https:\/\/amboslo.esteri.it\/it\/wp-json\/wp\/v2\/posts\/2097","targetHints":{"allow":["GET"]}}],"collection":[{"href":"https:\/\/amboslo.esteri.it\/it\/wp-json\/wp\/v2\/posts"}],"about":[{"href":"https:\/\/amboslo.esteri.it\/it\/wp-json\/wp\/v2\/types\/post"}],"author":[{"embeddable":true,"href":"https:\/\/amboslo.esteri.it\/it\/wp-json\/wp\/v2\/users\/1"}],"replies":[{"embeddable":true,"href":"https:\/\/amboslo.esteri.it\/it\/wp-json\/wp\/v2\/comments?post=2097"}],"version-history":[{"count":0,"href":"https:\/\/amboslo.esteri.it\/it\/wp-json\/wp\/v2\/posts\/2097\/revisions"}],"wp:attachment":[{"href":"https:\/\/amboslo.esteri.it\/it\/wp-json\/wp\/v2\/media?parent=2097"}],"wp:term":[{"taxonomy":"post_tag","embeddable":true,"href":"https:\/\/amboslo.esteri.it\/it\/wp-json\/wp\/v2\/tags?post=2097"}],"curies":[{"name":"wp","href":"https:\/\/api.w.org\/{rel}","templated":true}]}}