{"id":2104,"date":"2014-07-21T12:42:24","date_gmt":"2014-07-21T10:42:24","guid":{"rendered":"https:\/\/amboslo.esteri.it\/news\/dall_ambasciata\/2014\/07\/sindaco-rost\/"},"modified":"2014-07-21T12:42:24","modified_gmt":"2014-07-21T10:42:24","slug":"sindaco-rost","status":"publish","type":"post","link":"https:\/\/amboslo.esteri.it\/it\/news\/dall_ambasciata\/2014\/07\/sindaco-rost\/","title":{"rendered":"L&#8217;Ambasciatore Giorgio Novello\u00a0riceve\u00a0il Sindaco di R\u00f8st Tor-Arne Andreassen."},"content":{"rendered":"<p class=\"MsoNormal\" style=\"margin: 0cm 0cm 10pt;\"><span lang=\"IT\" style='line-height: 115%; font-family: \"Verdana\",\"sans-serif\"; font-size: 8pt; mso-ansi-language: IT;'><font color=\"#000000\">L\u2019Ambasciatore Giorgio Novello ha ricevuto,\u00a0venerd\u00ec 18\u00a0luglio, in Ambasciata, il sig. Tor-Arne Andreassen,\u00a0Sindaco di R\u00f8st -un&#8217;isola dell&#8217;arcipelago delle Lofoten, situata oltre il Circolo Polare Artico- per approfondire ulteriormente talune tematiche gi\u00e0 emerse durante la visita ivi compiuta dallo stesso Ambasciatore alcuni giorni fa. <\/p>\n<p>I due hanno approfondito in particolare possibili azioni congiunte per favorire la conoscenza di R\u00f8st e delle Lofoten in Italia e dell\u2019Italia in Norvegia, cogliendo le ampie opportunit\u00e0 derivanti dal commercio dello stoccafisso, dalle specialit\u00e0 culinarie che lo utilizzano, dal ricco filone culturale collegato a legami storici tra la stessa R\u00f8st e l\u2019Italia. L\u2019Ambasciata sar\u00e0 presente alla rappresentazione dell\u2019opera \u201cQuerini\u201d, dedicata alla vicende del navigatore veneziano in quelle terre, a fine luglio, allorch\u00e9 per alcuni giorni R\u00f8st diverr\u00e0 il punto di incontro anche per operatori turistici, culturali ed economici.<\/p>\n<p><img decoding=\"async\" alt=\"SindacoR\u00f8st\" src=\"\/resource\/2014\/07\/34421_f_SindacoRoest1.jpg\" border=\"0\"><!--?xml:namespace prefix = \"o\" ns = \"urn:schemas-microsoft-com:office:office\" \/--><o:p><\/o:p><\/font><\/span><\/p>\n","protected":false},"excerpt":{"rendered":"L\u2019Ambasciatore Giorgio Novello ha ricevuto,\u00a0venerd\u00ec 18\u00a0luglio, in Ambasciata, il sig. Tor-Arne Andreassen,\u00a0Sindaco di R\u00f8st -un&#8217;isola dell&#8217;arcipelago delle Lofoten, situata oltre il Circolo Polare Artico- per approfondire ulteriormente talune tematiche gi\u00e0 emerse durante la visita ivi compiuta dallo stesso Ambasciatore alcuni giorni fa. I due hanno approfondito in particolare possibili azioni congiunte per favorire la conoscenza [&hellip;]","protected":false},"author":1,"featured_media":0,"comment_status":"","ping_status":"","sticky":false,"template":"","format":"standard","meta":{"footnotes":""},"tags":[],"class_list":["post-2104","post","type-post","status-publish","format-standard","hentry"],"_links":{"self":[{"href":"https:\/\/amboslo.esteri.it\/it\/wp-json\/wp\/v2\/posts\/2104","targetHints":{"allow":["GET"]}}],"collection":[{"href":"https:\/\/amboslo.esteri.it\/it\/wp-json\/wp\/v2\/posts"}],"about":[{"href":"https:\/\/amboslo.esteri.it\/it\/wp-json\/wp\/v2\/types\/post"}],"author":[{"embeddable":true,"href":"https:\/\/amboslo.esteri.it\/it\/wp-json\/wp\/v2\/users\/1"}],"replies":[{"embeddable":true,"href":"https:\/\/amboslo.esteri.it\/it\/wp-json\/wp\/v2\/comments?post=2104"}],"version-history":[{"count":0,"href":"https:\/\/amboslo.esteri.it\/it\/wp-json\/wp\/v2\/posts\/2104\/revisions"}],"wp:attachment":[{"href":"https:\/\/amboslo.esteri.it\/it\/wp-json\/wp\/v2\/media?parent=2104"}],"wp:term":[{"taxonomy":"post_tag","embeddable":true,"href":"https:\/\/amboslo.esteri.it\/it\/wp-json\/wp\/v2\/tags?post=2104"}],"curies":[{"name":"wp","href":"https:\/\/api.w.org\/{rel}","templated":true}]}}