{"id":2105,"date":"2014-07-21T12:33:24","date_gmt":"2014-07-21T10:33:24","guid":{"rendered":"https:\/\/amboslo.esteri.it\/news\/dall_ambasciata\/2014\/07\/visita-roros\/"},"modified":"2014-07-21T12:33:24","modified_gmt":"2014-07-21T10:33:24","slug":"visita-roros","status":"publish","type":"post","link":"https:\/\/amboslo.esteri.it\/it\/news\/dall_ambasciata\/2014\/07\/visita-roros\/","title":{"rendered":"L&#8217;Ambasciatore Giorgio Novello visita R\u00f8ros. Incontro con Sindaco Hans Vintervold."},"content":{"rendered":"<p><P style=\"MARGIN: 0cm 0cm 10pt\" class=\"MsoNormal\"><SPAN style=\"LINE-HEIGHT: 115%; FONT-FAMILY: 'Verdana','sans-serif'; FONT-SIZE: 8pt; mso-ansi-language: IT\" lang=\"IT\"><FONT color=\"#000000\">L\u2019Ambasciatore Giorgio Novello ha visitato nei giorni\u00a016 e 17 luglio la citt\u00e0 di R\u00f8ros, dove ha incontrato il Sindaco Hans Vintervold. Nel corso del loro lungo e cordiale colloquio, essi hanno esplorato la possibilit\u00e0 di sinergie ed attivit\u00e0 aggiunte nel settore del turismo, turismo sostenibile, tutela del patrimonio culturale, ricerca storica, ed anche nel settore degli scambi commerciali.<?xml:namespace prefix = \"o\" ns = \"urn:schemas-microsoft-com:office:office\" \/><o:p><\/o:p><\/FONT><\/SPAN><\/P><P style=\"MARGIN: 0cm 0cm 10pt\" class=\"MsoNormal\"><SPAN style=\"LINE-HEIGHT: 115%; FONT-FAMILY: 'Verdana','sans-serif'; FONT-SIZE: 8pt; mso-ansi-language: IT\" lang=\"IT\"><FONT color=\"#000000\">L\u2019Ambasciatore ed il Sindaco hanno visitato la Chiesa (Bergstadens Ziir), il Museo minerario, le caratteristiche vie del centro storico, nonch\u00e9 alcuni nuovi insediamenti industriali e le testimonianze di archeologia industriale dell\u2019area circostante. R\u00f8ros sorse come centro minerario per lo sfruttamento dei giacimenti di rame nel XVII secolo, allorch\u00e9 ebbe inizio una attivit\u00e0 estrattiva conclusa solo nel 1977. Dopo la chiusura dell\u2019ultima miniera R\u00f8ros ha avviato una accurata e pregevole opera di valorizzazione della sua storia centenaria, culminata con l\u2019inserimento nella lista dei siti patrimonio mondiale dell\u2019umanit\u00e0.<o:p><\/o:p><\/FONT><\/SPAN><\/P><br \/>\n<P style=\"MARGIN: 0cm 0cm 10pt\" class=\"MsoNormal\"><SPAN style=\"LINE-HEIGHT: 115%; FONT-FAMILY: 'Verdana','sans-serif'; FONT-SIZE: 8pt; mso-ansi-language: IT\" lang=\"IT\"><FONT color=\"#000000\">Un settore specifico di collaborazione potrebbe essere costituito dalle testimonianze letterarie. L\u2019Ambasciatore ed il Sindaco hanno convenuto sul potenziale forte interesse di uno scambio di esperienze da un lato circa i Parchi letterari italiani (gestiti dalla Societ\u00e0 Dante Alighieri, che offrono ormai una ricca scelta di itinerari completi legati alla memoria di nostri grandi scrittori); e dall\u2019altro la valorizzazione da parte di R\u00f8ros della figura della figura e dell\u2019opera di Johan Falkberget (scrittore norvegese di fama internazionale, che da fanciullo lavor\u00f2 in miniera a R\u00f8ros alla quale dedic\u00f2 una lunga serie di fortunati romanzi storici, alcuni dei quali ripresi dal cinema, e che egli rappresent\u00f2 anche come deputato al Parlamento). <\/FONT><\/SPAN><\/P><br \/>\n<P style=\"MARGIN: 0cm 0cm 10pt\" class=\"MsoNormal\"><SPAN style=\"LINE-HEIGHT: 115%; FONT-FAMILY: 'Verdana','sans-serif'; FONT-SIZE: 8pt; mso-ansi-language: IT\" lang=\"IT\"><FONT color=\"#000000\"><IMG border=\"0\" alt=\"r\u00f8ros1\" src=\"\/resource\/2014\/07\/34418_f_Rros.jpg\"><\/FONT><\/SPAN><\/P><br \/>\n<P style=\"MARGIN: 0cm 0cm 10pt\" class=\"MsoNormal\"><SPAN style=\"LINE-HEIGHT: 115%; FONT-FAMILY: 'Verdana','sans-serif'; FONT-SIZE: 8pt; mso-ansi-language: IT\" lang=\"IT\"><\/SPAN>\u00a0<\/P><br \/>\n<P style=\"MARGIN: 0cm 0cm 10pt\" class=\"MsoNormal\"><SPAN style=\"LINE-HEIGHT: 115%; FONT-FAMILY: 'Verdana','sans-serif'; FONT-SIZE: 8pt; mso-ansi-language: IT\" lang=\"IT\"><FONT color=\"#000000\"><IMG border=\"0\" alt=\"r\u00f8ros3\" src=\"\/resource\/2014\/07\/34419_f_Rros3.jpg\"><o:p><\/o:p><\/FONT><\/SPAN><\/P><\/p>\n","protected":false},"excerpt":{"rendered":"L\u2019Ambasciatore Giorgio Novello ha visitato nei giorni\u00a016 e 17 luglio la citt\u00e0 di R\u00f8ros, dove ha incontrato il Sindaco Hans Vintervold. Nel corso del loro lungo e cordiale colloquio, essi hanno esplorato la possibilit\u00e0 di sinergie ed attivit\u00e0 aggiunte nel settore del turismo, turismo sostenibile, tutela del patrimonio culturale, ricerca storica, ed anche nel settore [&hellip;]","protected":false},"author":1,"featured_media":0,"comment_status":"","ping_status":"","sticky":false,"template":"","format":"standard","meta":{"footnotes":""},"tags":[],"class_list":["post-2105","post","type-post","status-publish","format-standard","hentry"],"_links":{"self":[{"href":"https:\/\/amboslo.esteri.it\/it\/wp-json\/wp\/v2\/posts\/2105","targetHints":{"allow":["GET"]}}],"collection":[{"href":"https:\/\/amboslo.esteri.it\/it\/wp-json\/wp\/v2\/posts"}],"about":[{"href":"https:\/\/amboslo.esteri.it\/it\/wp-json\/wp\/v2\/types\/post"}],"author":[{"embeddable":true,"href":"https:\/\/amboslo.esteri.it\/it\/wp-json\/wp\/v2\/users\/1"}],"replies":[{"embeddable":true,"href":"https:\/\/amboslo.esteri.it\/it\/wp-json\/wp\/v2\/comments?post=2105"}],"version-history":[{"count":0,"href":"https:\/\/amboslo.esteri.it\/it\/wp-json\/wp\/v2\/posts\/2105\/revisions"}],"wp:attachment":[{"href":"https:\/\/amboslo.esteri.it\/it\/wp-json\/wp\/v2\/media?parent=2105"}],"wp:term":[{"taxonomy":"post_tag","embeddable":true,"href":"https:\/\/amboslo.esteri.it\/it\/wp-json\/wp\/v2\/tags?post=2105"}],"curies":[{"name":"wp","href":"https:\/\/api.w.org\/{rel}","templated":true}]}}