{"id":2107,"date":"2014-07-17T10:04:11","date_gmt":"2014-07-17T08:04:11","guid":{"rendered":"https:\/\/amboslo.esteri.it\/news\/dall_ambasciata\/2014\/07\/viaggiolofoten\/"},"modified":"2014-07-17T10:04:11","modified_gmt":"2014-07-17T08:04:11","slug":"viaggiolofoten","status":"publish","type":"post","link":"https:\/\/amboslo.esteri.it\/it\/news\/dall_ambasciata\/2014\/07\/viaggiolofoten\/","title":{"rendered":"Viaggio nelle Lofoten. L\u2019Ambasciatore\u00a0visita l&#8217;isola di R\u00f8st e il capoluogo Svolv\u00e6r."},"content":{"rendered":"<p><SPAN style=\"LINE-HEIGHT: 115%; FONT-FAMILY: 'Verdana','sans-serif'; FONT-SIZE: 8pt\"><FONT color=\"#000000\"><SPAN style=\"LINE-HEIGHT: 115%; FONT-FAMILY: 'Verdana','sans-serif'; FONT-SIZE: 8pt; mso-fareast-font-family: Calibri; mso-bidi-font-family: Cambria; mso-ansi-language: EN-US; mso-fareast-language: EN-US; mso-bidi-language: AR-SA\"><P style=\"MARGIN: 0cm 0cm 10pt\" class=\"MsoNormal\"><SPAN style=\"LINE-HEIGHT: 115%; FONT-FAMILY: 'Verdana','sans-serif'; FONT-SIZE: 8pt\">L\u2019Ambasciatore Giorgio Novello ha effettuato negli scorsi giorni un viaggio alle isole Lofoten visitando l&#8217;isola di R\u00f8st e il capoluogo Svolv\u00e6r ove ha sede un\u2019Agenzia consolare onoraria italiana.\u00a0<\/SPAN><SPAN style=\"LINE-HEIGHT: 115%; FONT-FAMILY: 'Verdana','sans-serif'; FONT-SIZE: 8pt\">La visita a R\u00f8st ha coinciso con il riconoscimento formale del locale Comitato Dante Alighieri, mediante la consegna della lettera del Presidente dela Societ\u00e0 Dante Alighieri, Ambasciatore Bottai, al Presidente del Comitato Dante Alighieri di R\u00f8st, Kjell-Arne Helgebostad, da parte dell\u2019Ambasciatore Novello. Ci\u00f2 ha sancito la nascita del Comitato Dante pi\u00f9 settentrionale del mondo. I legami dell\u2019Italia con R\u00f8st sono antichi e i primi contatti con il nostro Paese risalgono almeno al 1432, anno in cui il mercante veneziano Pietro Querini, in navigazione da Creta verso Londra, venne sorpreso da una tempesta atlantica e, approdato in tali isole, venne soccorso dalla popolazione locale. Rientrato a Venezia dopo un soggiorno di parecchi mesi, introdusse in Italia lo stoccafisso (merluzzo essiccato) prodotto appunto a R\u00f8st.<SPAN style=\"mso-spacerun: yes\">\u00a0 <\/SPAN>All\u2019Ambasciatore \u00e8 stata offerta la possibilit\u00e0 di visitare l&#8217;isolotto di Sand\u00f8ya, al quale approdarono Querini e i suoi uomini dopo il naufragio, dove egli ha reso omaggio alla stele commemorativa ivi eretta nel 1932, quinto centenario dell&#8217;evento.<?xml:namespace prefix = \"o\" ns = \"urn:schemas-microsoft-com:office:office\" \/><o:p><\/o:p><\/SPAN><\/P><br \/>\n<P style=\"MARGIN: 0cm 0cm 10pt\" class=\"MsoNormal\"><SPAN style=\"LINE-HEIGHT: 115%; FONT-FAMILY: 'Verdana','sans-serif'; FONT-SIZE: 8pt\">Durante la sua visita l\u2019Ambasciatore ha tenuto una conferenza sulle relazioni tra Norvegia ed Italia e in particolare tra la regione artica e il nostro Paese, sottolineando i cruciali appuntamenti della Presidenza dell&#8217;Unione Europea e dell&#8217;Expo 2015. L\u2019Ambasciatore ha ricordato come<SPAN style=\"mso-spacerun: yes\">\u00a0 <\/SPAN>l&#8217;idea dell&#8217;istituzione di una Dante a Rost, che egli aveva proposto in occasione della visita a Oslo lo scorso dicembre del Segretario Generale della Dante Alighieri, prof. Alessandro Masi, si sia concretizzata in tempi particolarmente rapidi grazie all\u2019azione dello stesso Segretario Generale e del Presidente del Comitato di R\u00f8st Helgebostad e al sostegno fornito dal Presidente del Comitato Dante Alighieri di Oslo, arch. Roberta Luciani. L\u2019Ambasciatore ha altres\u00ec illustrato i Parchi Letterari italiani con l\u2019auspicio di poter approfondire in un&#8217;ottica simile anche il ruolo di R\u00f8st e delle Lofoten nella letteratura norvegese ed italiana.<o:p><\/o:p><\/SPAN><\/P><br \/>\n<P style=\"MARGIN: 0cm 0cm 10pt\" class=\"MsoNormal\"><SPAN style=\"LINE-HEIGHT: 115%; FONT-FAMILY: 'Verdana','sans-serif'; FONT-SIZE: 8pt\">Al Presidente Helgebostad e al Vice Sindaco Frode Hansen l\u2019Ambasciatore ha consegnato il tricolore italiano e un&#8217;opera del pittore ed incisore veneziano Gino Scarpa, cortesemente offerta dallo stesso artista, che e&#8217; residente da anni ad Oslo ed e&#8217; noto anche a livello internazionale tra l&#8217;altro per le sue esposizioni alla Biennale della sua citt\u00e0. <o:p><\/o:p><\/SPAN><\/P><br \/>\n<P style=\"MARGIN: 0cm 0cm 10pt\" class=\"MsoNormal\"><SPAN style=\"LINE-HEIGHT: 115%; FONT-FAMILY: 'Verdana','sans-serif'; FONT-SIZE: 8pt\">L\u2019Ambasciatore ha colto l\u2019occasione per rendersi personalmente conto della realt\u00e0 commerciale dell\u2019isola visitando alcuni impianti per la produzione di pesce. Rost produce quasi un terzo di tutto lo stoccafisso delle Lofoten, di cui circa il 90% viene esportato verso l&#8217;Italia, dove costituisce un ingrediente qualificante per numerosi nostri piatti tipici. <o:p><\/o:p><\/SPAN><\/P><br \/>\n<P style=\"MARGIN: 0cm 0cm 10pt\" class=\"MsoNormal\"><SPAN style=\"LINE-HEIGHT: 115%; FONT-FAMILY: 'Verdana','sans-serif'; FONT-SIZE: 8pt\">A conclusione della visita a R\u00f8st, l\u2019Ambasciatore ha rilasciato interviste alla stampa locale inquadrando i speciali rapporti tra l&#8217;Italia e Rost\/Lofoten nel contesto pi\u00f9 generale dell&#8217;ottimo andamento delle relazioni bilaterali tra Roma ed Oslo ed in vista di Expo 2015.<o:p><\/o:p><\/SPAN><\/P><br \/>\n<P style=\"MARGIN: 0cm 0cm 10pt\" class=\"MsoNormal\"><SPAN style=\"LINE-HEIGHT: 115%; FONT-FAMILY: 'Verdana','sans-serif'; FONT-SIZE: 8pt; mso-fareast-font-family: Calibri; mso-bidi-font-family: Cambria; mso-ansi-language: EN-US; mso-fareast-language: EN-US; mso-bidi-language: AR-SA\">A Svolv\u00e6r l\u2019Ambasciatore Novello ha incontrato l&#8217;Agente Consolare onorario italiano sig.ra Anniken Aarstein, in particolare per valutare possibili iniziative congiunte di valorizzazione del nostro Paese. <\/SPAN><\/P><br \/>\n<P style=\"MARGIN: 0cm 0cm 10pt\" class=\"MsoNormal\"><SPAN style=\"LINE-HEIGHT: 115%; FONT-FAMILY: 'Verdana','sans-serif'; FONT-SIZE: 8pt; mso-fareast-font-family: Calibri; mso-bidi-font-family: Cambria; mso-ansi-language: EN-US; mso-fareast-language: EN-US; mso-bidi-language: AR-SA\"><SPAN style=\"LINE-HEIGHT: 115%; FONT-FAMILY: 'Verdana','sans-serif'; FONT-SIZE: 8pt; mso-fareast-font-family: Calibri; mso-bidi-font-family: Cambria; mso-ansi-language: EN-US; mso-fareast-language: EN-US; mso-bidi-language: AR-SA\"><IMG border=\"0\" alt=\"fotoLofoten\" src=\"\/resource\/2014\/07\/34376_f_CAM01058bandiereridim.jpg\"><\/SPAN><\/SPAN><\/P><br \/>\n<P style=\"MARGIN: 0cm 0cm 10pt\" class=\"MsoNormal\"><SPAN style=\"LINE-HEIGHT: 115%; FONT-FAMILY: 'Verdana','sans-serif'; FONT-SIZE: 8pt; mso-fareast-font-family: Calibri; mso-bidi-font-family: Cambria; mso-ansi-language: EN-US; mso-fareast-language: EN-US; mso-bidi-language: AR-SA\"><SPAN style=\"LINE-HEIGHT: 115%; FONT-FAMILY: 'Verdana','sans-serif'; FONT-SIZE: 8pt; mso-fareast-font-family: Calibri; mso-bidi-font-family: Cambria; mso-ansi-language: EN-US; mso-fareast-language: EN-US; mso-bidi-language: AR-SA\">L&#8217;Ambasciatore Giorgio Novello e il Presidente del Comitato Dante Alighieri di R\u00f8st Kjell-Arne Helgebostad all&#8217;arrivo dell&#8217;Ambasciatore nell&#8217;isola<\/SPAN><\/SPAN><\/P><br \/>\n<P style=\"MARGIN: 0cm 0cm 10pt\" class=\"MsoNormal\"><SPAN style=\"LINE-HEIGHT: 115%; FONT-FAMILY: 'Verdana','sans-serif'; FONT-SIZE: 8pt; mso-fareast-font-family: Calibri; mso-bidi-font-family: Cambria; mso-ansi-language: EN-US; mso-fareast-language: EN-US; mso-bidi-language: AR-SA\"><SPAN style=\"LINE-HEIGHT: 115%; FONT-FAMILY: 'Verdana','sans-serif'; FONT-SIZE: 8pt; mso-fareast-font-family: Calibri; mso-bidi-font-family: Cambria; mso-ansi-language: EN-US; mso-fareast-language: EN-US; mso-bidi-language: AR-SA\"><IMG border=\"0\" alt=\"fotoLofoten\" src=\"\/resource\/2014\/07\/34379_f_IMG_20140708_145907gruppobandiereridim.jpg\"><BR><BR>da sinistra a destra: il Presidente Helegebostad, il Consigliere arch. Daniela Santori,\u00a0il socio Synn\u00f8ve\u00a0Ellingsen, l&#8217;Ambasciatore\u00a0e il Consigliere Arnfinn Torbj\u00f8rn Ellingsen<\/SPAN><BR style=\"mso-special-character: line-break\"><BR style=\"mso-special-character: line-break\"><\/P><\/SPAN><br \/>\n<P style=\"MARGIN: 0cm 0cm 10pt\" class=\"MsoNormal\"><SPAN style=\"LINE-HEIGHT: 115%; FONT-FAMILY: 'Verdana','sans-serif'; FONT-SIZE: 8pt; mso-fareast-font-family: Calibri; mso-bidi-font-family: Cambria; mso-ansi-language: EN-US; mso-fareast-language: EN-US; mso-bidi-language: AR-SA\"><IMG border=\"0\" alt=\"fotoLofoten\" src=\"\/resource\/2014\/07\/34373_f_AvisaNordland2.jpg\"><\/SPAN><\/P><br \/>\n<P style=\"MARGIN: 0cm 0cm 10pt\" class=\"MsoNormal\"><SPAN style=\"LINE-HEIGHT: 115%; FONT-FAMILY: 'Verdana','sans-serif'; FONT-SIZE: 8pt; mso-fareast-font-family: Calibri; mso-bidi-font-family: Cambria; mso-ansi-language: EN-US; mso-fareast-language: EN-US; mso-bidi-language: AR-SA\">Scambio di bandiere tra l&#8217;Ambasciatore e il Consigliere\u00a0Ellingsen<\/SPAN><\/P><br \/>\n<P style=\"MARGIN: 0cm 0cm 10pt\" class=\"MsoNormal\"><SPAN style=\"LINE-HEIGHT: 115%; FONT-FAMILY: 'Verdana','sans-serif'; FONT-SIZE: 8pt; mso-fareast-font-family: Calibri; mso-bidi-font-family: Cambria; mso-ansi-language: EN-US; mso-fareast-language: EN-US; mso-bidi-language: AR-SA\"><IMG style=\"WIDTH: 564px; HEIGHT: 365px\" alt=\"\" src=\"http:\/\/www.kystogfjord.no\/var\/ezwebin_site\/storage\/images\/nyheter\/forsiden\/storfint-besoek-paa-roest\/87675-1-nor-NO\/Storfint-besoek-paa-Roest_article_large.jpg\" width=\"581\" height=\"387\"><\/SPAN><\/P><br \/>\n<P style=\"MARGIN: 0cm 0cm 10pt\" class=\"MsoNormal\"><SPAN style=\"LINE-HEIGHT: 115%; FONT-FAMILY: 'Verdana','sans-serif'; FONT-SIZE: 8pt; mso-fareast-font-family: Calibri; mso-bidi-font-family: Cambria; mso-ansi-language: EN-US; mso-fareast-language: EN-US; mso-bidi-language: AR-SA\">L\u2019Ambasciatore consegna\u00a0al Presidente\u00a0Helgebostad la lettera di riconoscimento formale a firma del Presidente dela Societ\u00e0 Dante Alighieri, Ambasciatore Bottai (foto: Rune Ellingsen)<\/SPAN><\/P><br \/>\n<P style=\"MARGIN: 0cm 0cm 10pt\" class=\"MsoNormal\"><SPAN style=\"LINE-HEIGHT: 115%; FONT-FAMILY: 'Verdana','sans-serif'; FONT-SIZE: 8pt; mso-fareast-font-family: Calibri; mso-bidi-font-family: Cambria; mso-ansi-language: EN-US; mso-fareast-language: EN-US; mso-bidi-language: AR-SA\"><SPAN style=\"LINE-HEIGHT: 115%; FONT-FAMILY: 'Verdana','sans-serif'; FONT-SIZE: 8pt; mso-fareast-font-family: Calibri; mso-bidi-font-family: Cambria; mso-ansi-language: EN-US; mso-fareast-language: EN-US; mso-bidi-language: AR-SA\"><IMG border=\"0\" alt=\"fotoLofoten\" src=\"\/resource\/2014\/07\/34378_f_CAM01104grupporidim.jpg\"><\/SPAN><\/SPAN><\/P><br \/>\n<P style=\"MARGIN: 0cm 0cm 10pt\" class=\"MsoNormal\"><SPAN style=\"LINE-HEIGHT: 115%; FONT-FAMILY: 'Verdana','sans-serif'; FONT-SIZE: 8pt; mso-fareast-font-family: Calibri; mso-bidi-font-family: Cambria; mso-ansi-language: EN-US; mso-fareast-language: EN-US; mso-bidi-language: AR-SA\"><SPAN style=\"LINE-HEIGHT: 115%; FONT-FAMILY: 'Verdana','sans-serif'; FONT-SIZE: 8pt; mso-fareast-font-family: Calibri; mso-bidi-font-family: Cambria; mso-ansi-language: EN-US; mso-fareast-language: EN-US; mso-bidi-language: AR-SA\">da sinistra a destra: il Consigliere Ellingsen, il Presidente\u00a0Helgebostad, l&#8217;Ambasciatore e Olaf Pedersen dell&#8217;impresa Glea con la moglie del Sindaco sig.ra Tove\u00a0Andreassen dinanzi al Quirini Pub\u00a0<\/SPAN><\/SPAN><\/P><br \/>\n<P style=\"MARGIN: 0cm 0cm 10pt\" class=\"MsoNormal\"><SPAN style=\"LINE-HEIGHT: 115%; FONT-FAMILY: 'Verdana','sans-serif'; FONT-SIZE: 8pt; mso-fareast-font-family: Calibri; mso-bidi-font-family: Cambria; mso-ansi-language: EN-US; mso-fareast-language: EN-US; mso-bidi-language: AR-SA\"><\/SPAN><\/P><br \/>\n<P style=\"MARGIN: 0cm 0cm 10pt\" class=\"MsoNormal\"><SPAN style=\"LINE-HEIGHT: 115%; FONT-FAMILY: 'Verdana','sans-serif'; FONT-SIZE: 8pt; mso-fareast-font-family: Calibri; mso-bidi-font-family: Cambria; mso-ansi-language: EN-US; mso-fareast-language: EN-US; mso-bidi-language: AR-SA\"><\/SPAN><\/P><br \/>\n<P style=\"MARGIN: 0cm 0cm 10pt\" class=\"MsoNormal\"><SPAN style=\"LINE-HEIGHT: 115%; FONT-FAMILY: 'Verdana','sans-serif'; FONT-SIZE: 8pt; mso-fareast-font-family: Calibri; mso-bidi-font-family: Cambria; mso-ansi-language: EN-US; mso-fareast-language: EN-US; mso-bidi-language: AR-SA\"><\/SPAN>\u00a0<\/P><br \/>\n<P style=\"MARGIN: 0cm 0cm 10pt\" class=\"MsoNormal\"><SPAN style=\"LINE-HEIGHT: 115%; FONT-FAMILY: 'Verdana','sans-serif'; FONT-SIZE: 8pt; mso-fareast-font-family: Calibri; mso-bidi-font-family: Cambria; mso-ansi-language: EN-US; mso-fareast-language: EN-US; mso-bidi-language: AR-SA\"><\/SPAN><\/P><br \/>\n<P style=\"MARGIN: 0cm 0cm 10pt\" class=\"MsoNormal\"><SPAN style=\"LINE-HEIGHT: 115%; FONT-FAMILY: 'Verdana','sans-serif'; FONT-SIZE: 8pt; mso-fareast-font-family: Calibri; mso-bidi-font-family: Cambria; mso-ansi-language: EN-US; mso-fareast-language: EN-US; mso-bidi-language: AR-SA\"><IMG border=\"0\" alt=\"fotoLofoten\" src=\"\/resource\/2014\/07\/34377_f_CAM01066prodpesceridim.jpg\"><\/SPAN><\/P><br \/>\n<P style=\"MARGIN: 0cm 0cm 10pt\" class=\"MsoNormal\"><SPAN style=\"LINE-HEIGHT: 115%; FONT-FAMILY: 'Verdana','sans-serif'; FONT-SIZE: 8pt; mso-fareast-font-family: Calibri; mso-bidi-font-family: Cambria; mso-ansi-language: EN-US; mso-fareast-language: EN-US; mso-bidi-language: AR-SA\"><\/SPAN><\/P><br \/>\n<P style=\"MARGIN: 0cm 0cm 10pt\" class=\"MsoNormal\"><SPAN style=\"LINE-HEIGHT: 115%; FONT-FAMILY: 'Verdana','sans-serif'; FONT-SIZE: 8pt; mso-fareast-font-family: Calibri; mso-bidi-font-family: Cambria; mso-ansi-language: EN-US; mso-fareast-language: EN-US; mso-bidi-language: AR-SA\">L&#8217;Ambasciatore insieme al produttore di stoccafisso Arne Johansen dinanzi all&#8217;ingresso dell&#8217;impresa di quest&#8217;ultimo<\/SPAN><\/P><br \/>\n<P style=\"MARGIN: 0cm 0cm 10pt\" class=\"MsoNormal\"><SPAN style=\"LINE-HEIGHT: 115%; FONT-FAMILY: 'Verdana','sans-serif'; FONT-SIZE: 8pt; mso-fareast-font-family: Calibri; mso-bidi-font-family: Cambria; mso-ansi-language: EN-US; mso-fareast-language: EN-US; mso-bidi-language: AR-SA\"><\/SPAN><\/P><br \/>\n<P style=\"MARGIN: 0cm 0cm 10pt\" class=\"MsoNormal\"><SPAN style=\"LINE-HEIGHT: 115%; FONT-FAMILY: 'Verdana','sans-serif'; FONT-SIZE: 8pt; mso-fareast-font-family: Calibri; mso-bidi-font-family: Cambria; mso-ansi-language: EN-US; mso-fareast-language: EN-US; mso-bidi-language: AR-SA\"><\/SPAN><\/P><br \/>\n<P style=\"MARGIN: 0cm 0cm 10pt\" class=\"MsoNormal\"><SPAN style=\"LINE-HEIGHT: 115%; FONT-FAMILY: 'Verdana','sans-serif'; FONT-SIZE: 8pt; mso-fareast-font-family: Calibri; mso-bidi-font-family: Cambria; mso-ansi-language: EN-US; mso-fareast-language: EN-US; mso-bidi-language: AR-SA\"><IMG border=\"0\" alt=\"fotoLofoten\" src=\"\/resource\/2014\/07\/34380_f_IMG_20140708_150930steleridim.jpg\"><BR><BR><SPAN style=\"LINE-HEIGHT: 115%; FONT-FAMILY: 'Verdana','sans-serif'; FONT-SIZE: 8pt; mso-fareast-font-family: Calibri; mso-bidi-font-family: Cambria; mso-ansi-language: EN-US; mso-fareast-language: EN-US; mso-bidi-language: AR-SA\"><SPAN style=\"LINE-HEIGHT: 115%; FONT-FAMILY: 'Verdana','sans-serif'; FONT-SIZE: 8pt; mso-fareast-font-family: Calibri; mso-bidi-font-family: Cambria; mso-ansi-language: EN-US; mso-fareast-language: EN-US; mso-bidi-language: AR-SA\"><IMG border=\"0\" alt=\"fotoLofoten\" src=\"\/resource\/2014\/07\/34374_f_AvisaNordland3.jpg\"><\/SPAN><\/SPAN><\/SPAN><\/P><br \/>\n<P style=\"MARGIN: 0cm 0cm 10pt\" class=\"MsoNormal\"><SPAN style=\"LINE-HEIGHT: 115%; FONT-FAMILY: 'Verdana','sans-serif'; FONT-SIZE: 8pt; mso-fareast-font-family: Calibri; mso-bidi-font-family: Cambria; mso-ansi-language: EN-US; mso-fareast-language: EN-US; mso-bidi-language: AR-SA\"><SPAN style=\"LINE-HEIGHT: 115%; FONT-FAMILY: 'Verdana','sans-serif'; FONT-SIZE: 8pt; mso-fareast-font-family: Calibri; mso-bidi-font-family: Cambria; mso-ansi-language: EN-US; mso-fareast-language: EN-US; mso-bidi-language: AR-SA\">L&#8217;Ambasciatore con il Presidente\u00a0Helgebostad e\u00a0il Consigliere\u00a0Ellingsen\u00a0dinanzi alla stele commemorativa di Querini a Sand\u00f8ya<\/SPAN><\/SPAN><\/P><br \/>\n<P style=\"MARGIN: 0cm 0cm 10pt\" class=\"MsoNormal\"><SPAN style=\"LINE-HEIGHT: 115%; FONT-FAMILY: 'Verdana','sans-serif'; FONT-SIZE: 8pt; mso-fareast-font-family: Calibri; mso-bidi-font-family: Cambria; mso-ansi-language: EN-US; mso-fareast-language: EN-US; mso-bidi-language: AR-SA\"><SPAN style=\"LINE-HEIGHT: 115%; FONT-FAMILY: 'Verdana','sans-serif'; FONT-SIZE: 8pt; mso-fareast-font-family: Calibri; mso-bidi-font-family: Cambria; mso-ansi-language: EN-US; mso-fareast-language: EN-US; mso-bidi-language: AR-SA\"><SPAN style=\"LINE-HEIGHT: 115%; FONT-FAMILY: 'Verdana','sans-serif'; FONT-SIZE: 8pt; mso-fareast-font-family: Calibri; mso-bidi-font-family: Cambria; mso-ansi-language: EN-US; mso-fareast-language: EN-US; mso-bidi-language: AR-SA\"><IMG border=\"0\" alt=\"fotoLofoten\" src=\"\/resource\/2014\/07\/34375_f_CAM00974Scarparidmen.jpg\"><\/SPAN><\/SPAN><\/SPAN><\/P><br \/>\n<P style=\"MARGIN: 0cm 0cm 10pt\" class=\"MsoNormal\"><SPAN style=\"LINE-HEIGHT: 115%; FONT-FAMILY: 'Verdana','sans-serif'; FONT-SIZE: 8pt; mso-fareast-font-family: Calibri; mso-bidi-font-family: Cambria; mso-ansi-language: EN-US; mso-fareast-language: EN-US; mso-bidi-language: AR-SA\"><SPAN style=\"LINE-HEIGHT: 115%; FONT-FAMILY: 'Verdana','sans-serif'; FONT-SIZE: 8pt; mso-fareast-font-family: Calibri; mso-bidi-font-family: Cambria; mso-ansi-language: EN-US; mso-fareast-language: EN-US; mso-bidi-language: AR-SA\"><SPAN style=\"LINE-HEIGHT: 115%; FONT-FAMILY: 'Verdana','sans-serif'; FONT-SIZE: 8pt; mso-fareast-font-family: Calibri; mso-bidi-font-family: Cambria; mso-ansi-language: EN-US; mso-fareast-language: EN-US; mso-bidi-language: AR-SA\">L&#8217;Ambasciatore con il maestro Gino Scarpa e l&#8217;opera donata\u00a0<\/SPAN><\/SPAN><\/SPAN><\/P><\/SPAN><\/FONT><\/SPAN><\/p>\n","protected":false},"excerpt":{"rendered":"L\u2019Ambasciatore Giorgio Novello ha effettuato negli scorsi giorni un viaggio alle isole Lofoten visitando l&#8217;isola di R\u00f8st e il capoluogo Svolv\u00e6r ove ha sede un\u2019Agenzia consolare onoraria italiana.\u00a0La visita a R\u00f8st ha coinciso con il riconoscimento formale del locale Comitato Dante Alighieri, mediante la consegna della lettera del Presidente dela Societ\u00e0 Dante Alighieri, Ambasciatore Bottai, [&hellip;]","protected":false},"author":1,"featured_media":0,"comment_status":"","ping_status":"","sticky":false,"template":"","format":"standard","meta":{"footnotes":""},"tags":[],"class_list":["post-2107","post","type-post","status-publish","format-standard","hentry"],"_links":{"self":[{"href":"https:\/\/amboslo.esteri.it\/it\/wp-json\/wp\/v2\/posts\/2107","targetHints":{"allow":["GET"]}}],"collection":[{"href":"https:\/\/amboslo.esteri.it\/it\/wp-json\/wp\/v2\/posts"}],"about":[{"href":"https:\/\/amboslo.esteri.it\/it\/wp-json\/wp\/v2\/types\/post"}],"author":[{"embeddable":true,"href":"https:\/\/amboslo.esteri.it\/it\/wp-json\/wp\/v2\/users\/1"}],"replies":[{"embeddable":true,"href":"https:\/\/amboslo.esteri.it\/it\/wp-json\/wp\/v2\/comments?post=2107"}],"version-history":[{"count":0,"href":"https:\/\/amboslo.esteri.it\/it\/wp-json\/wp\/v2\/posts\/2107\/revisions"}],"wp:attachment":[{"href":"https:\/\/amboslo.esteri.it\/it\/wp-json\/wp\/v2\/media?parent=2107"}],"wp:term":[{"taxonomy":"post_tag","embeddable":true,"href":"https:\/\/amboslo.esteri.it\/it\/wp-json\/wp\/v2\/tags?post=2107"}],"curies":[{"name":"wp","href":"https:\/\/api.w.org\/{rel}","templated":true}]}}