{"id":2113,"date":"2014-06-12T15:28:53","date_gmt":"2014-06-12T13:28:53","guid":{"rendered":"https:\/\/amboslo.esteri.it\/news\/dall_ambasciata\/2014\/06\/italiandayintromso\/"},"modified":"2014-06-12T15:28:53","modified_gmt":"2014-06-12T13:28:53","slug":"italiandayintromso","status":"publish","type":"post","link":"https:\/\/amboslo.esteri.it\/it\/news\/dall_ambasciata\/2014\/06\/italiandayintromso\/","title":{"rendered":"Pieno successo della Giornata italiana a Troms\u00f8 (&#8220;Beyond the Arctic Circle -Italian day in Troms\u00f8\u201d).\u00a0\u00a0"},"content":{"rendered":"<p><P style=\"MARGIN: 0cm 0cm 10pt\" class=\"MsoNormal\"><SPAN style=\"LINE-HEIGHT: 115%; FONT-FAMILY: 'Verdana','sans-serif'; FONT-SIZE: 8pt\"><FONT color=\"#000000\">Si \u00e8 svolta ieri con pieno successo<SPAN style=\"mso-spacerun: yes\">\u00a0<\/SPAN>la Giornata italiana<SPAN style=\"mso-spacerun: yes\">\u00a0a <\/SPAN>Troms\u00f8 (\u201cBeyond the Arctic Circle -Italian day in Troms\u00f8\u201d), <SPAN style=\"mso-spacerun: yes\">\u00a0<\/SPAN>dedicata alla collaborazione tra Italia e Norvegia nella regione artica. L\u2019evento, ideato dall\u2019Ambasciata d\u2019Italia in Oslo, \u00e8 stato organizzato congiuntamente con l\u2019Universit\u00e0 artica di Troms\u00f8 ed \u00e8 stato posto sotto il patrocinio di\u00a0Akvaplan Niva, Arctic Frontiers, Cage ed il Comune di Troms\u00f8. L\u2019evento ha altres\u00ec usufruito dell\u2019importante sostegno dell\u2019Istituto Italiano di Cultura di Oslo. Costante e determinante il ruolo del Ministero degli Affari Esteri e del Ministero dello Sviluppo Economico nonch\u00e9 del Consiglio Nazionale delle Ricerche.<?xml:namespace prefix = \"o\" ns = \"urn:schemas-microsoft-com:office:office\" \/><o:p><\/o:p><\/FONT><\/SPAN><\/P><P style=\"MARGIN: 0cm 0cm 10pt\" class=\"MsoNormal\"><SPAN style=\"LINE-HEIGHT: 115%; FONT-FAMILY: 'Verdana','sans-serif'; FONT-SIZE: 8pt\"><FONT color=\"#000000\">I lavori si sono articolati in quattro sessioni: istituzionale-politica, scientifca, economica e di definizione di seguiti operativi.<o:p><\/o:p><\/FONT><\/SPAN><\/P><br \/>\n<P style=\"MARGIN: 0cm 0cm 10pt\" class=\"MsoNormal\"><SPAN style=\"LINE-HEIGHT: 115%; FONT-FAMILY: 'Verdana','sans-serif'; FONT-SIZE: 8pt\"><FONT color=\"#000000\">Il Consigliere Tommaso Andria ha sottolineato, in fase di apertura, la genesi e le finalit\u00e0 dell\u2019iniziativa, la quale \u00e8 stata aperta con i discorsi del Sindaco di Troms\u00f8 Jens Johan Hjort, della Rettore dell\u2019Universit\u00e0 Anne Husebekk e dell\u2019Ambasciatore d\u2019Italia Giorgio Novello. Ad essi sono seguiti i discorsi del rappresentante del Ministero dello Sviluppo Economico, Ing. Roberto Cianella, del Direttore di Akvaplan Niva, Salve Dahle, del Direttore del Segretariato del Consiglio Artico, Magnus Johannesson, e del Direttore di Arctic Frontiers, Ole \u00d8vretveit.<o:p><\/o:p><\/FONT><\/SPAN><\/P><br \/>\n<P style=\"MARGIN: 0cm 0cm 10pt\" class=\"MsoNormal\"><SPAN style=\"LINE-HEIGHT: 115%; FONT-FAMILY: 'Verdana','sans-serif'; FONT-SIZE: 8pt\"><FONT color=\"#000000\">Nella sessione scientifica sono state presentate le eccellenze della ricerca italiana nell\u2019Artico. Particolarmente apprezzato in questa sessione \u00e8 stato l\u2019intervento del dott. Enrico Brugnoli, Direttore del Dipartimento Scienze del Sistema Terra e Tecnologie per l\u2019Ambiente del Consiglio Nazionale delle Ricerche. <BR><BR>Il sistema paese Italia \u00e8 stato rappresentato, nella sua completezza da ENI, Edison, Fincantieri, ENIT, RINA, Valvitalia, Rebaioli e Enginsoft. Presenti anche importanti societ\u00e0 norvegesi con particolare attenzione all\u2019Italia quali DNV GL e Akers Solutions nonch\u00e8<SPAN style=\"mso-spacerun: yes\">\u00a0 <\/SPAN>AssoNorvegia.<o:p><\/o:p><\/FONT><\/SPAN><\/P><br \/>\n<P style=\"MARGIN: 0cm 0cm 10pt\" class=\"MsoNormal\"><SPAN style=\"LINE-HEIGHT: 115%; FONT-FAMILY: 'Verdana','sans-serif'; FONT-SIZE: 8pt\"><FONT color=\"#000000\">In fase conclusiva, la Rettore e l\u2019Ambasciatore hanno presentato un piano d\u2019azione in 12 punti il cui stato di attuazione verr\u00e0 sottoposto a regolare verifica.<\/FONT><\/SPAN><\/P><br \/>\n<P style=\"MARGIN: 0cm 0cm 10pt\" class=\"MsoNormal\"><SPAN style=\"LINE-HEIGHT: 115%; FONT-FAMILY: 'Verdana','sans-serif'; FONT-SIZE: 8pt\"><FONT color=\"#000000\"><\/FONT><\/SPAN>\u00a0<\/P><br \/>\n<P style=\"MARGIN: 0cm 0cm 10pt\" class=\"MsoNormal\"><SPAN style=\"LINE-HEIGHT: 115%; FONT-FAMILY: 'Verdana','sans-serif'; FONT-SIZE: 8pt\"><IMG border=\"0\" alt=\"ItalianDay1\" src=\"\/resource\/2014\/07\/34012_f_ItalianDayTroms1.jpg\" width=\"458\" height=\"316\"><\/SPAN><\/P><br \/>\n<P style=\"MARGIN: 0cm 0cm 10pt\" class=\"MsoNormal\"><SPAN style=\"LINE-HEIGHT: 115%; FONT-FAMILY: 'Verdana','sans-serif'; FONT-SIZE: 8pt\"><\/SPAN>\u00a0<\/P><br \/>\n<P style=\"MARGIN: 0cm 0cm 10pt\" class=\"MsoNormal\"><SPAN style=\"LINE-HEIGHT: 115%; FONT-FAMILY: 'Verdana','sans-serif'; FONT-SIZE: 8pt\">\u00a0\u00a0 <IMG style=\"WIDTH: 429px; HEIGHT: 328px\" border=\"0\" alt=\"ItalianDay2\" src=\"\/resource\/2014\/07\/34013_f_ItaliaDayTroms2.jpg\" width=\"410\" height=\"328\"><\/SPAN><\/P><br \/>\n<P style=\"MARGIN: 0cm 0cm 10pt\" class=\"MsoNormal\"><SPAN style=\"LINE-HEIGHT: 115%; FONT-FAMILY: 'Verdana','sans-serif'; FONT-SIZE: 8pt\">L&#8217;Ambasciatore Giorgio Novello con alcuni dei partecipanti<\/SPAN><\/P><br \/>\n<P style=\"MARGIN: 0cm 0cm 10pt\" class=\"MsoNormal\"><SPAN style=\"LINE-HEIGHT: 115%; FONT-FAMILY: 'Verdana','sans-serif'; FONT-SIZE: 8pt\"><IMG border=\"0\" alt=\"Italianday3\" src=\"\/resource\/2014\/07\/34014_f_ItaliandayTroms3.jpg\" width=\"366\" height=\"450\"><BR><BR>Il Sindaco di Troms\u00f8 Jens\u00a0Johan Hjort <\/SPAN><\/P><br \/>\n<P style=\"MARGIN: 0cm 0cm 10pt\" class=\"MsoNormal\"><SPAN style=\"LINE-HEIGHT: 115%; FONT-FAMILY: 'Verdana','sans-serif'; FONT-SIZE: 8pt\"><IMG border=\"0\" alt=\"ItalianDay4\" src=\"\/resource\/2014\/07\/34015_f_ItalianDayTroms4.jpg\" width=\"415\" height=\"318\"><\/SPAN><\/P><br \/>\n<P style=\"MARGIN: 0cm 0cm 10pt\" class=\"MsoNormal\"><SPAN style=\"LINE-HEIGHT: 115%; FONT-FAMILY: 'Verdana','sans-serif'; FONT-SIZE: 8pt\">L&#8217;Ambasciatore Giorgio Novello e il Rettore Anne Husebekk<\/SPAN><\/P><br \/>\n<P style=\"MARGIN: 0cm 0cm 10pt\" class=\"MsoNormal\"><SPAN style=\"LINE-HEIGHT: 115%; FONT-FAMILY: 'Verdana','sans-serif'; FONT-SIZE: 8pt\"><FONT color=\"#000000\"><IMG style=\"WIDTH: 222px; HEIGHT: 158px\" alt=\"amblogo\" src=\"\/resource\/2014\/06\/33485_f_PICCOLOLOGOEMBASSYOFITALYSCRITTAMIGLIORE.jpg\" height=\"155\"><FONT color=\"#222222\">\u00a0\u00a0\u00a0\u00a0\u00a0<IMG alt=\"uitlogo\" src=\"\/resource\/2014\/06\/33479_f_UiTeng.jpg\">\u00a0<BR><\/FONT><\/P><br \/>\n<P style=\"MARGIN: 0cm 0cm 10pt\" class=\"MsoNormal\">in collaborazione con <BR><BR><IMG style=\"WIDTH: 123px; HEIGHT: 57px\" alt=\"logo1\" src=\"\/resource\/2014\/06\/33480_f_Akvaplan.jpg\" height=\"82\">\u00a0\u00a0 \u00a0\u00a0 <IMG style=\"WIDTH: 132px; HEIGHT: 39px\" alt=\"logo2\" src=\"\/resource\/2014\/06\/33481_f_arcticfrontiers.jpg\" height=\"90\">\u00a0\u00a0 \u00a0\u00a0\u00a0 <IMG style=\"WIDTH: 75px; HEIGHT: 87px\" alt=\"logo3\" src=\"\/resource\/2014\/06\/33482_f_CAGE.png\" height=\"86\">\u00a0\u00a0\u00a0\u00a0\u00a0 \u00a0\u00a0 <IMG style=\"WIDTH: 96px; HEIGHT: 109px\" alt=\"logo4\" src=\"\/resource\/2014\/06\/33483_f_iic_logo.gif\" height=\"119\">\u00a0\u00a0 <IMG alt=\"logo5\" src=\"\/resource\/2014\/06\/33484_f_tromskommune.jpg\"><\/P><o:p><\/o:p><\/FONT><\/SPAN><\/p>\n","protected":false},"excerpt":{"rendered":"Si \u00e8 svolta ieri con pieno successo\u00a0la Giornata italiana\u00a0a Troms\u00f8 (\u201cBeyond the Arctic Circle -Italian day in Troms\u00f8\u201d), \u00a0dedicata alla collaborazione tra Italia e Norvegia nella regione artica. L\u2019evento, ideato dall\u2019Ambasciata d\u2019Italia in Oslo, \u00e8 stato organizzato congiuntamente con l\u2019Universit\u00e0 artica di Troms\u00f8 ed \u00e8 stato posto sotto il patrocinio di\u00a0Akvaplan Niva, Arctic Frontiers, Cage [&hellip;]","protected":false},"author":1,"featured_media":0,"comment_status":"","ping_status":"","sticky":false,"template":"","format":"standard","meta":{"footnotes":""},"tags":[],"class_list":["post-2113","post","type-post","status-publish","format-standard","hentry"],"_links":{"self":[{"href":"https:\/\/amboslo.esteri.it\/it\/wp-json\/wp\/v2\/posts\/2113","targetHints":{"allow":["GET"]}}],"collection":[{"href":"https:\/\/amboslo.esteri.it\/it\/wp-json\/wp\/v2\/posts"}],"about":[{"href":"https:\/\/amboslo.esteri.it\/it\/wp-json\/wp\/v2\/types\/post"}],"author":[{"embeddable":true,"href":"https:\/\/amboslo.esteri.it\/it\/wp-json\/wp\/v2\/users\/1"}],"replies":[{"embeddable":true,"href":"https:\/\/amboslo.esteri.it\/it\/wp-json\/wp\/v2\/comments?post=2113"}],"version-history":[{"count":0,"href":"https:\/\/amboslo.esteri.it\/it\/wp-json\/wp\/v2\/posts\/2113\/revisions"}],"wp:attachment":[{"href":"https:\/\/amboslo.esteri.it\/it\/wp-json\/wp\/v2\/media?parent=2113"}],"wp:term":[{"taxonomy":"post_tag","embeddable":true,"href":"https:\/\/amboslo.esteri.it\/it\/wp-json\/wp\/v2\/tags?post=2113"}],"curies":[{"name":"wp","href":"https:\/\/api.w.org\/{rel}","templated":true}]}}