{"id":2115,"date":"2014-06-06T09:28:21","date_gmt":"2014-06-06T07:28:21","guid":{"rendered":"https:\/\/amboslo.esteri.it\/news\/dall_ambasciata\/2014\/06\/italiandaytromso\/"},"modified":"2014-06-06T09:28:21","modified_gmt":"2014-06-06T07:28:21","slug":"italiandaytromso","status":"publish","type":"post","link":"https:\/\/amboslo.esteri.it\/it\/news\/dall_ambasciata\/2014\/06\/italiandaytromso\/","title":{"rendered":"Beyond the Arctic Circle: \u201cItalian day in Troms\u00f8\u201d &#8211;\u00a0Italian and Norwegian Co-operation in the Arctic Region (11 giugno 2014)."},"content":{"rendered":"<p><P style=\"MARGIN: 0cm 0cm 10pt\" class=\"MsoNormal\"><SPAN style=\"LINE-HEIGHT: 115%; FONT-FAMILY: 'Verdana','sans-serif'; FONT-SIZE: 8pt\"><FONT color=\"#000000\">E&#8217; in programma per mercoled\u00ec 11 giugno nella citt\u00e0 di Troms\u00f8 l\u2019evento: <STRONG><EM>Beyond the Arctic Circle \u201cItalian Day in Troms\u00f8\u201d Italian and Norwegian Co-operation in the Arctic Region<\/EM><\/STRONG>, c<\/FONT><\/SPAN><SPAN style=\"LINE-HEIGHT: 115%; FONT-FAMILY: 'Verdana','sans-serif'; FONT-SIZE: 8pt\"><FONT color=\"#000000\">o-organizzato dall\u2019Ambasciata d&#8217;Italia in Norvegia e dall\u2019Universita\u2019 Artica di Troms\u00f8.<\/FONT><\/SPAN><\/P><P style=\"MARGIN: 0cm 0cm 10pt\" class=\"MsoNormal\"><SPAN style=\"LINE-HEIGHT: 115%; FONT-FAMILY: 'Verdana','sans-serif'; FONT-SIZE: 8pt\"><FONT color=\"#000000\">L\u2019evento e\u2019 finalizzato a valorizzare <SPAN style=\"mso-spacerun: yes\">\u00a0<\/SPAN>il contributo italiano nella capitale artica della Norvegia. Ad esso parteciperanno rappresentanti del mondo scientifico (lato sensu), economico, politico-diplomatico e dei media <SPAN style=\"mso-spacerun: yes\">\u00a0<\/SPAN>interessati ai rapporti tra i due Paesi ed in particolare in quelli nella regione artica. <\/FONT><\/SPAN><SPAN style=\"LINE-HEIGHT: 115%; FONT-FAMILY: 'Verdana','sans-serif'; FONT-SIZE: 8pt\"><FONT color=\"#000000\">L\u2019evento \u00e8 costituito da un seminario suddiviso in tre sessioni:\u00a0politico-istituzionale,\u00a0accademico-scientifica ed economico-commerciale. <SPAN style=\"LINE-HEIGHT: 115%; FONT-FAMILY: 'Verdana','sans-serif'; FONT-SIZE: 8pt; mso-ansi-language: IT\"><FONT color=\"#000000\"><SPAN lang=\"IT\">L\u2019evento intende illustrare\u00a0e sistematizzare l\u2019apporto complessivo fornito dall\u2019Italia in termini di professionalita\u2019, tecnologie e know-how in differenti ambiti, dalla ricerca scientifica fino all\u2019economia ed al diritto, con un focus particolare sull\u2019Artico. <?xml:namespace prefix = \"o\" ns = \"urn:schemas-microsoft-com:office:office\" \/><o:p><\/o:p><\/SPAN><\/FONT><\/SPAN><\/P><br \/>\n<P style=\"MARGIN: 0cm 0cm 10pt\" class=\"MsoNormal\">A conclusione della giornata sono previste una visita guidata alla mostra &#8220;Ritratti di gente di Gaza\u201d (\u201cPortraits from Gaza\u201d) di Paolo Pellegrin, uno dei pi\u00f9 noti ed apprezzati fotogiornalisti al mondo, allestita presso il Perspektivet Museum. A seguire ci sar\u00e0 la proiezione del film di Paolo Sorrentino \u201cLa Grande Bellezza\u201d, vincitore del premio Oscar 2014 per il miglior film straniero.<o:p><\/o:p><\/FONT><\/SPAN><\/P><br \/>\n<P style=\"MARGIN: 0cm 0cm 10pt\" class=\"MsoNormal\"><SPAN style=\"LINE-HEIGHT: 115%; FONT-FAMILY: 'Verdana','sans-serif'; FONT-SIZE: 8pt; mso-ansi-language: IT\" lang=\"IT\"><FONT color=\"#000000\"><BR><A href=\"\/resource\/2014\/06\/33475_f_06_06_2014Italian_Day_in_TromsProgramENG.doc\">Programma<\/A><BR>Lingua di lavoro: inglese<BR><BR><BR><o:p><\/o:p><\/FONT><\/SPAN><\/P><br \/>\n<P style=\"MARGIN: 0cm 0cm 10pt\" class=\"MsoNormal\"><SPAN style=\"LINE-HEIGHT: 115%; FONT-FAMILY: 'Verdana','sans-serif'; FONT-SIZE: 8pt\"><FONT color=\"#000000\"><A href=\"\/resource\/2014\/06\/33474_f_06_06_2014Italian_Day_in_Tromsinvitationfinal.doc\">Invito<\/A><\/FONT><\/SPAN><\/P><SPAN style=\"LINE-HEIGHT: 115%; FONT-FAMILY: 'Verdana','sans-serif'; FONT-SIZE: 8pt\"><FONT color=\"#000000\"><br \/>\n<P style=\"MARGIN: 0cm 0cm 10pt\" class=\"MsoNormal\"><BR><BR><A href=\"http:\/\/uit.no\/tavla\/artikkel\/378173\/italian_day_at_uit_arctic_university_of_norway\">Pagine sull\u2019evento nel sito dell\u2019Universit\u00e0 di Troms\u00f8 (con link per la registrazione)<\/A><\/FONT><\/SPAN><\/P><br \/>\n<P style=\"MARGIN: 0cm 0cm 10pt\" class=\"MsoNormal\">\u00a0\u00a0<IMG style=\"WIDTH: 222px; HEIGHT: 158px\" border=\"0\" alt=\"amblogo\" src=\"\/resource\/2014\/06\/33485_f_PICCOLOLOGOEMBASSYOFITALYSCRITTAMIGLIORE.jpg\" width=\"256\" height=\"155\">\u00a0\u00a0\u00a0\u00a0\u00a0<IMG border=\"0\" alt=\"uitlogo\" src=\"\/resource\/2014\/06\/33479_f_UiTeng.jpg\">\u00a0<\/P><br \/>\n<P style=\"MARGIN: 0cm 0cm 10pt\" class=\"MsoNormal\">\u00a0<\/P><br \/>\n<P style=\"MARGIN: 0cm 0cm 10pt\" class=\"MsoNormal\">in collaborazione con <BR><BR><IMG style=\"WIDTH: 123px; HEIGHT: 57px\" border=\"0\" alt=\"logo1\" src=\"\/resource\/2014\/06\/33480_f_Akvaplan.jpg\" width=\"189\" height=\"82\">\u00a0\u00a0 \u00a0\u00a0 <IMG style=\"WIDTH: 132px; HEIGHT: 39px\" border=\"0\" alt=\"logo2\" src=\"\/resource\/2014\/06\/33481_f_arcticfrontiers.jpg\" width=\"235\" height=\"90\">\u00a0\u00a0 \u00a0\u00a0\u00a0 <IMG style=\"WIDTH: 75px; HEIGHT: 87px\" border=\"0\" alt=\"logo3\" src=\"\/resource\/2014\/06\/33482_f_CAGE.png\" width=\"53\" height=\"86\">\u00a0\u00a0\u00a0\u00a0\u00a0 \u00a0\u00a0 <IMG style=\"WIDTH: 96px; HEIGHT: 109px\" border=\"0\" alt=\"logo4\" src=\"\/resource\/2014\/06\/33483_f_iic_logo.gif\" width=\"80\" height=\"119\">\u00a0\u00a0 <IMG border=\"0\" alt=\"logo5\" src=\"\/resource\/2014\/06\/33484_f_tromskommune.jpg\"><\/P><\/p>\n","protected":false},"excerpt":{"rendered":"E&#8217; in programma per mercoled\u00ec 11 giugno nella citt\u00e0 di Troms\u00f8 l\u2019evento: Beyond the Arctic Circle \u201cItalian Day in Troms\u00f8\u201d Italian and Norwegian Co-operation in the Arctic Region, co-organizzato dall\u2019Ambasciata d&#8217;Italia in Norvegia e dall\u2019Universita\u2019 Artica di Troms\u00f8.L\u2019evento e\u2019 finalizzato a valorizzare \u00a0il contributo italiano nella capitale artica della Norvegia. Ad esso parteciperanno rappresentanti del [&hellip;]","protected":false},"author":1,"featured_media":0,"comment_status":"","ping_status":"","sticky":false,"template":"","format":"standard","meta":{"footnotes":""},"tags":[],"class_list":["post-2115","post","type-post","status-publish","format-standard","hentry"],"_links":{"self":[{"href":"https:\/\/amboslo.esteri.it\/it\/wp-json\/wp\/v2\/posts\/2115","targetHints":{"allow":["GET"]}}],"collection":[{"href":"https:\/\/amboslo.esteri.it\/it\/wp-json\/wp\/v2\/posts"}],"about":[{"href":"https:\/\/amboslo.esteri.it\/it\/wp-json\/wp\/v2\/types\/post"}],"author":[{"embeddable":true,"href":"https:\/\/amboslo.esteri.it\/it\/wp-json\/wp\/v2\/users\/1"}],"replies":[{"embeddable":true,"href":"https:\/\/amboslo.esteri.it\/it\/wp-json\/wp\/v2\/comments?post=2115"}],"version-history":[{"count":0,"href":"https:\/\/amboslo.esteri.it\/it\/wp-json\/wp\/v2\/posts\/2115\/revisions"}],"wp:attachment":[{"href":"https:\/\/amboslo.esteri.it\/it\/wp-json\/wp\/v2\/media?parent=2115"}],"wp:term":[{"taxonomy":"post_tag","embeddable":true,"href":"https:\/\/amboslo.esteri.it\/it\/wp-json\/wp\/v2\/tags?post=2115"}],"curies":[{"name":"wp","href":"https:\/\/api.w.org\/{rel}","templated":true}]}}