{"id":2118,"date":"2014-06-03T10:34:25","date_gmt":"2014-06-03T08:34:25","guid":{"rendered":"https:\/\/amboslo.esteri.it\/news\/dall_ambasciata\/2014\/06\/presdidenzaue1\/"},"modified":"2014-06-03T10:34:25","modified_gmt":"2014-06-03T08:34:25","slug":"presdidenzaue1","status":"publish","type":"post","link":"https:\/\/amboslo.esteri.it\/it\/news\/dall_ambasciata\/2014\/06\/presdidenzaue1\/","title":{"rendered":"Semestre della Presidenza italiana dell&#8217;Unione Europea\u00a0&#8211; l&#8217;Ambasciatore Novello presenta le priorit\u00e0."},"content":{"rendered":"<p><P style=\"MARGIN: 0cm 0cm 10pt\" class=\"MsoNormal\"><SPAN style=\"LINE-HEIGHT: 115%; FONT-FAMILY: 'Verdana','sans-serif'; FONT-SIZE: 8pt\"><FONT color=\"#000000\">L&#8217;Ambasciatore Giorgio Novello presenter\u00e0 il programma e priorit\u00e0 del semestre di Presidenza italiana dell&#8217;Unione Europea, che l\u2019Italia assume a partire dal 1 luglio, ad un evento organizzato dal Movimento Europeo Norvegese. La presentazione avr\u00e0 luogo venerd\u00ec 6 giugno alla Litteraturhuset di Oslo dalle ore 10 alle ore 12.00 (sala Nedjma 2. piano). Il Sottosegretario agli Affari Esteri Ingvild Stub illustrer\u00e0 lo stato attuale dei rapporti della Norvegia con l&#8217;Unione Europea.<BR>L&#8217;evento avr\u00e0 luogo in lingua inglese e verr\u00e0 trasmesso live online. <?xml:namespace prefix = \"o\" ns = \"urn:schemas-microsoft-com:office:office\" \/><o:p><\/o:p><\/FONT><\/SPAN><\/P><P style=\"MARGIN: 0cm 0cm 10pt\" class=\"MsoNormal\"><SPAN style=\"LINE-HEIGHT: 115%; FONT-FAMILY: 'Verdana','sans-serif'; FONT-SIZE: 8pt\"><FONT color=\"#000000\"><U><A href=\"http:\/\/www.europabevegelsen.no\/Nyhetsarkiv\/Europabevegelsen\/Live-stream-Italia-og-Norge-EU-politikk\">Maggiori informazioni nel sito del Movimento Europeo<\/A><\/U><BR><\/FONT><\/SPAN><\/P><br \/>\n<P style=\"MARGIN: 0cm 0cm 10pt\" class=\"MsoNormal\"><SPAN style=\"LINE-HEIGHT: 115%; FONT-FAMILY: 'Verdana','sans-serif'; FONT-SIZE: 8pt\"><FONT color=\"#000000\">Per seguire l\u2019evento on line cliccare <\/FONT><a href=\"https:\/\/new.livestream.com\/accounts\/3722443\/events\/3041009\/statuses\/52211433\" target=\"_self\" rel=\"noopener\">QUI<\/A><\/SPAN><\/P><br \/>\n<P style=\"MARGIN: 0cm 0cm 10pt\" class=\"MsoNormal\"><SPAN style=\"LINE-HEIGHT: 115%; FONT-FAMILY: 'Verdana','sans-serif'; FONT-SIZE: 8pt\"><\/SPAN>\u00a0<\/P><br \/>\n<P style=\"MARGIN: 0cm 0cm 10pt\" class=\"MsoNormal\"><SPAN style=\"LINE-HEIGHT: 115%; FONT-FAMILY: 'Verdana','sans-serif'; FONT-SIZE: 8pt\"><o:p><\/o:p><\/SPAN>\u00a0<\/P><\/p>\n","protected":false},"excerpt":{"rendered":"L&#8217;Ambasciatore Giorgio Novello presenter\u00e0 il programma e priorit\u00e0 del semestre di Presidenza italiana dell&#8217;Unione Europea, che l\u2019Italia assume a partire dal 1 luglio, ad un evento organizzato dal Movimento Europeo Norvegese. La presentazione avr\u00e0 luogo venerd\u00ec 6 giugno alla Litteraturhuset di Oslo dalle ore 10 alle ore 12.00 (sala Nedjma 2. piano). Il Sottosegretario agli [&hellip;]","protected":false},"author":1,"featured_media":0,"comment_status":"","ping_status":"","sticky":false,"template":"","format":"standard","meta":{"footnotes":""},"tags":[],"class_list":["post-2118","post","type-post","status-publish","format-standard","hentry"],"_links":{"self":[{"href":"https:\/\/amboslo.esteri.it\/it\/wp-json\/wp\/v2\/posts\/2118","targetHints":{"allow":["GET"]}}],"collection":[{"href":"https:\/\/amboslo.esteri.it\/it\/wp-json\/wp\/v2\/posts"}],"about":[{"href":"https:\/\/amboslo.esteri.it\/it\/wp-json\/wp\/v2\/types\/post"}],"author":[{"embeddable":true,"href":"https:\/\/amboslo.esteri.it\/it\/wp-json\/wp\/v2\/users\/1"}],"replies":[{"embeddable":true,"href":"https:\/\/amboslo.esteri.it\/it\/wp-json\/wp\/v2\/comments?post=2118"}],"version-history":[{"count":0,"href":"https:\/\/amboslo.esteri.it\/it\/wp-json\/wp\/v2\/posts\/2118\/revisions"}],"wp:attachment":[{"href":"https:\/\/amboslo.esteri.it\/it\/wp-json\/wp\/v2\/media?parent=2118"}],"wp:term":[{"taxonomy":"post_tag","embeddable":true,"href":"https:\/\/amboslo.esteri.it\/it\/wp-json\/wp\/v2\/tags?post=2118"}],"curies":[{"name":"wp","href":"https:\/\/api.w.org\/{rel}","templated":true}]}}