{"id":2124,"date":"2014-05-06T10:05:22","date_gmt":"2014-05-06T08:05:22","guid":{"rendered":"https:\/\/amboslo.esteri.it\/news\/dall_ambasciata\/2014\/05\/elezioni2014\/"},"modified":"2014-05-06T10:05:22","modified_gmt":"2014-05-06T08:05:22","slug":"elezioni2014","status":"publish","type":"post","link":"https:\/\/amboslo.esteri.it\/it\/news\/dall_ambasciata\/2014\/05\/elezioni2014\/","title":{"rendered":"Celebrazione della Festa della Repubblica a Stavanger.\u00a0"},"content":{"rendered":"<p class=\"MsoNormal\" style=\"margin: 0cm 0cm 10pt;\"><span lang=\"IT\" style='font-family: \"Verdana\",\"sans-serif\"; font-size: 8pt; mso-ansi-language: IT;'><font color=\"#000000\">La FestaNazionale \u00e8 stata celebrata anche a Stavanger, &#8220;capitale energetica&#8221;<br \/>\ndella Norvegia, il nove giugno scorso a bordo della nave Costa Fortuna. <o:p><\/o:p><\/font><\/span><\/p>\n<p class=\"MsoNormal\" style=\"margin: 0cm 0cm 10pt;\"><font color=\"#000000\" face=\"Times New Roman\"><\/p>\n<p><\/font><span style='font-family: \"Verdana\",\"sans-serif\"; font-size: 8pt;'><font color=\"#000000\">Un centinaio di ospiti norvegesi, italiani<br \/>\ne della comunit\u00e0 internazionale sia della citt\u00e0 che della contea di Rogaland<br \/>\nhanno usufruito della squisita ospitalit\u00e0 del capitano Giambattista Mancini,<br \/>\ndel suo equipaggio e della societ\u00e0 di navigazione genovese, particolarmente<br \/>\napprezzata da tutti gli intervenuti. Tra questi ultimi, particolarmente graditi<br \/>\nsono stati gli Alti Ufficiali italiani in servizio presso il Joint Warfare<br \/>\nCentre.<o:p><\/o:p><\/font><\/span><\/p>\n<p class=\"MsoNormal\" style=\"margin: 0cm 0cm 10pt;\"><font color=\"#000000\" face=\"Times New Roman\"><\/p>\n<p><\/font><span style='font-family: \"Verdana\",\"sans-serif\"; font-size: 8pt;'><font color=\"#000000\">Nel suo discorso di saluto, l&#8217;ambasciatore<br \/>\nGiorgio Novello ha sottolineato il ruolo crescente della comunit\u00e0 italiana a<br \/>\nStavanger, nel contesto pi\u00f9 generale delle eccellenti relazioni tra Norvegia ed<br \/>\nItalia. Ha ricordato le nostre eccellenze nazionali in settori che vanno dalla<br \/>\ncantieristica all&#8217;energia al turismo, proprio in ambiti nei quali si<br \/>\nriscontrano analoghe eccellenze norvegesi radicate in particolare a Stavanger e<br \/>\nche quindi sono particolarmente idonee a sinergie e collaborazioni. Il turismo,<br \/>\ndi cui Costa Crociere costituisce una pregevole realt\u00e0, ha anche una forte<br \/>\nconnotazione culturale e di avvicinamento internazionale, ha aggiunto.<o:p><\/o:p><\/font><\/span><\/p>\n<p class=\"MsoNormal\" style=\"margin: 0cm 0cm 10pt;\"><font color=\"#000000\" face=\"Times New Roman\"><\/p>\n<p><\/font><span lang=\"IT\" style='font-family: \"Verdana\",\"sans-serif\"; font-size: 8pt; mso-ansi-language: IT;'><font color=\"#000000\">A Stavanger \u00e8<br \/>\nmolto consolidato l&#8217;associazionismo italiano, in particolare attraverso la<br \/>\n&#8220;Italiensk Kulturforening i Stavanger &#8211; IKIS&#8221;, che riunisce norvegesi<br \/>\ned italiani e che l&#8217;Ambasciatore ha ringraziato per l&#8217;impegno profuso,<br \/>\naugurando nel contempo buon lavoro al COMITES appena eletto nel quale, ha<br \/>\nsottolineato, non manca la rappresentanza di Stavanger.<o:p><\/o:p><\/font><\/span><\/p>\n<p class=\"MsoNormal\" style=\"margin: 0cm 0cm 10pt;\"><font color=\"#000000\" face=\"Times New Roman\"><\/p>\n<p><\/font><span style='font-family: \"Verdana\",\"sans-serif\"; font-size: 8pt;'><font color=\"#000000\">Costa Fortuna, ha concluso, rappresenta<br \/>\nanche una eccellenza tecnologica italiana, costruita in Liguria, dove \u00e8 in<br \/>\ncorso anche la costruzione della nave Prins Haakon, che effettuer\u00e0 ricerche scientifiche<br \/>\npolari per conto del governo norvegese.<o:p><\/o:p><\/font><\/span><\/p>\n<p class=\"MsoNormal\" style=\"margin: 0cm 0cm 10pt;\"><font color=\"#000000\" face=\"Times New Roman\"><\/p>\n<p><\/font><span style='font-family: \"Verdana\",\"sans-serif\"; font-size: 8pt;'><font color=\"#000000\">Al termine della cerimonia, gli ospiti<br \/>\n(rappresentanti di comune, contea, camera di commercio, associazione degli<br \/>\nimprenditori, istituzioni culturali, autorit\u00e0 portuale, corpo consolare, oltre<br \/>\nal board dell&#8217;IKIS, rappresentanza del COMITES e il management di grandi gruppi<br \/>\nitaliani) hanno visitato la nave.<\/p>\n<p><img loading=\"lazy\" decoding=\"async\" width=\"633\" height=\"845\" style=\"width: 537px; height: 699px;\" alt=\"Stavanger1\" src=\"\/resource\/2015\/06\/42849_f_CAM03591.jpg\" border=\"0\"><\/font><\/span><span style='font-family: \"Verdana\",\"sans-serif\"; font-size: 8pt;'><font color=\"#000000\"><o:p><img loading=\"lazy\" decoding=\"async\" width=\"641\" height=\"479\" style=\"width: 632px; height: 467px;\" alt=\"Stavanger2\" src=\"\/resource\/2015\/06\/42850_f_CAM03594.jpg\" border=\"0\"><\/o:p><\/font><\/span>\u00a0<img loading=\"lazy\" decoding=\"async\" width=\"640\" height=\"479\" style=\"width: 632px; height: 468px;\" alt=\"Stavanger5\" src=\"\/resource\/2015\/06\/42858_f_CAM03609.jpg\" border=\"0\"><img decoding=\"async\" alt=\"Stavanger4\" src=\"\/resource\/2015\/06\/42857_f_CAM03608.jpg\" border=\"0\"><\/p>\n<p class=\"MsoNormal\" style=\"margin: 0cm 0cm 10pt;\"><font color=\"#000000\" face=\"Times New Roman\"><\/p>\n<p><\/font><\/p>\n<p class=\"MsoNormal\" style=\"margin: 0cm 0cm 0pt; text-align: justify;\"><span style='font-family: \"Verdana\",\"sans-serif\"; font-size: 8pt;'><o:p><font color=\"#000000\">\u00a0<\/font><\/o:p><\/span><\/p>\n<p class=\"MsoNormal\" style=\"margin: 0cm 0cm 10pt;\"><font color=\"#000000\" face=\"Times New Roman\"><\/p>\n<p><\/font><\/p>\n","protected":false},"excerpt":{"rendered":"La FestaNazionale \u00e8 stata celebrata anche a Stavanger, &#8220;capitale energetica&#8221; della Norvegia, il nove giugno scorso a bordo della nave Costa Fortuna. Un centinaio di ospiti norvegesi, italiani e della comunit\u00e0 internazionale sia della citt\u00e0 che della contea di Rogaland hanno usufruito della squisita ospitalit\u00e0 del capitano Giambattista Mancini, del suo equipaggio e della societ\u00e0 [&hellip;]","protected":false},"author":1,"featured_media":0,"comment_status":"","ping_status":"","sticky":false,"template":"","format":"standard","meta":{"footnotes":""},"tags":[],"class_list":["post-2124","post","type-post","status-publish","format-standard","hentry"],"_links":{"self":[{"href":"https:\/\/amboslo.esteri.it\/it\/wp-json\/wp\/v2\/posts\/2124","targetHints":{"allow":["GET"]}}],"collection":[{"href":"https:\/\/amboslo.esteri.it\/it\/wp-json\/wp\/v2\/posts"}],"about":[{"href":"https:\/\/amboslo.esteri.it\/it\/wp-json\/wp\/v2\/types\/post"}],"author":[{"embeddable":true,"href":"https:\/\/amboslo.esteri.it\/it\/wp-json\/wp\/v2\/users\/1"}],"replies":[{"embeddable":true,"href":"https:\/\/amboslo.esteri.it\/it\/wp-json\/wp\/v2\/comments?post=2124"}],"version-history":[{"count":0,"href":"https:\/\/amboslo.esteri.it\/it\/wp-json\/wp\/v2\/posts\/2124\/revisions"}],"wp:attachment":[{"href":"https:\/\/amboslo.esteri.it\/it\/wp-json\/wp\/v2\/media?parent=2124"}],"wp:term":[{"taxonomy":"post_tag","embeddable":true,"href":"https:\/\/amboslo.esteri.it\/it\/wp-json\/wp\/v2\/tags?post=2124"}],"curies":[{"name":"wp","href":"https:\/\/api.w.org\/{rel}","templated":true}]}}