{"id":2125,"date":"2014-04-14T15:20:24","date_gmt":"2014-04-14T13:20:24","guid":{"rendered":"https:\/\/amboslo.esteri.it\/news\/dall_ambasciata\/2014\/04\/centerteam\/"},"modified":"2014-04-14T15:20:24","modified_gmt":"2014-04-14T13:20:24","slug":"centerteam","status":"publish","type":"post","link":"https:\/\/amboslo.esteri.it\/it\/news\/dall_ambasciata\/2014\/04\/centerteam\/","title":{"rendered":"Expo 2015 \u2013 presentazione dell\u2019Ambasciatore Giorgio Novello all\u2019agenzia Centerteam."},"content":{"rendered":"<p class=\"MsoNormal\" style=\"margin: 0cm 0cm 10pt;\"><span lang=\"IT\" style='line-height: 115%; font-family: \"Verdana\",\"sans-serif\"; font-size: 8pt; mso-ansi-language: IT;'><font color=\"#000000\">Gioved\u00ec 3 aprile l&#8217;Ambasciatore Giorgio Novello ha incontrato la societ\u00e0 norvegese di pubbliche relazioni Centerteam per una presentazione dell\u2019Expo Milano 2015. Su richiesta della societ\u00e0, che \u00e8 basata a Oslo e Trondhiem, l\u2019Ambasciatore ha tenuto una relazione aprendo brevemente sulla storia delle esposizioni universali ed in particolare sull&#8217;edizione del 1906, tenuta proprio a Milano sul tema \u201ctrasporto\u201d per celebrare l&#8217;apertura del traforo transalpino del Sempione, che, completato proprio nel 1906, aveva reso possibile il primo collegamento ferroviarioa diretto tra Milano e Parigi. <\/p>\n<p>L\u2019Ambasciatore Novello si \u00e8 soffermato sul tema dell\u2019Expo 2015 \u201c<i style=\"mso-bidi-font-style: normal;\">Nutrire il pianeta energia per la vita<\/i>\u201d, e la sua <\/font><\/span><font color=\"#000000\"><span lang=\"IT\" style='line-height: 115%; font-family: \"Tahoma\",\"sans-serif\"; font-size: 8pt; mso-ansi-language: IT;'>rilevanza <\/span><span lang=\"IT\" style='line-height: 115%; font-family: \"Verdana\",\"sans-serif\"; font-size: 8pt; mso-ansi-language: IT;'>anche alla Norvegia, nonch\u00e8 sugli aspetti logistici e la configurazione del sito, che occupa un\u2019area di oltre un milione di kmq e comprende strutture caratteristiche come il canale, il cardo e decumano, il lago, gli edifici per uffici, l\u2019auditorium, il teatro. All<\/span><span lang=\"IT\" style='line-height: 115%; font-family: \"Tahoma\",\"sans-serif\"; font-size: 8pt; mso-ansi-language: IT;'>\u2019Expo 2015, che si svolge in una delle grandi citta\u2019 europee, ben collegata anche con la Norvegia,<\/span><\/font><span lang=\"IT\" style='line-height: 115%; font-family: \"Verdana\",\"sans-serif\"; font-size: 8pt; mso-ansi-language: IT;'><font color=\"#000000\"> hanno aderito, ad oggi, 147 paesi e si prevede una vasta affluenza di pubblico. L\u2019Ambasciatore ha sottolineato in particolare la novit\u00e0 dei cluster tematici, che sostituiscono le vecchie aggregazioni meramente geografiche, i seguiti tramite programmi di ricerca scientifica e la vasta platea di cibervisitatori che potr\u00e0 raggiungere un miliardo di persone. L\u2019Ambasciatore ha infine invitato a visitare anche la sezione di Venezia dell&#8217;Expo al Parco Vega di Marghera, mettendo in rilievo anche come la Biennale 2015 si terr\u00e0 in contemporanea all&#8217;EXPO e consentir\u00e0 di completare la visita in Italia con uno sguardo all&#8217;arte contemporanea, inclusa quella nordica che sar\u00e0 presente nel padiglione dei Paesi nordici, uno dei pi\u00f9 belli visitabili ai Giardini della Biennale.<br \/>La Centerteam ha in programma di visitare l\u2019EXPO nel corso del prossimo anno.<\/font><\/span><\/p>\n<p class=\"MsoNormal\" style=\"margin: 0cm 0cm 10pt;\"><span lang=\"IT\" style='line-height: 115%; font-family: \"Verdana\",\"sans-serif\"; font-size: 8pt; mso-ansi-language: IT;'><font color=\"#000000\"><\/font><\/span>\u00a0<\/p>\n<p><a href=\"http:\/\/www.expo2015.org\/it\"><br \/>\n<\/a><\/p>\n<p class=\"MsoNormal\" style=\"margin: 0cm 0cm 10pt;\"><span lang=\"IT\" style='line-height: 115%; font-family: \"Verdana\",\"sans-serif\"; font-size: 8pt; mso-ansi-language: IT;'><font color=\"#000000\"><a href=\"http:\/\/www.expo2015.org\/it\"><img decoding=\"async\" alt=\"Expo2015\" src=\"\/resource\/2015\/01\/38679_f_LOGOeXPO.jpg\" border=\"0\"><!--?xml:namespace prefix = \"o\" ns = \"urn:schemas-microsoft-com:office:office\" \/--><o:p><\/o:p><\/a><\/font><\/span><\/p>\n","protected":false},"excerpt":{"rendered":"Gioved\u00ec 3 aprile l&#8217;Ambasciatore Giorgio Novello ha incontrato la societ\u00e0 norvegese di pubbliche relazioni Centerteam per una presentazione dell\u2019Expo Milano 2015. Su richiesta della societ\u00e0, che \u00e8 basata a Oslo e Trondhiem, l\u2019Ambasciatore ha tenuto una relazione aprendo brevemente sulla storia delle esposizioni universali ed in particolare sull&#8217;edizione del 1906, tenuta proprio a Milano sul [&hellip;]","protected":false},"author":1,"featured_media":0,"comment_status":"","ping_status":"","sticky":false,"template":"","format":"standard","meta":{"footnotes":""},"tags":[],"class_list":["post-2125","post","type-post","status-publish","format-standard","hentry"],"_links":{"self":[{"href":"https:\/\/amboslo.esteri.it\/it\/wp-json\/wp\/v2\/posts\/2125","targetHints":{"allow":["GET"]}}],"collection":[{"href":"https:\/\/amboslo.esteri.it\/it\/wp-json\/wp\/v2\/posts"}],"about":[{"href":"https:\/\/amboslo.esteri.it\/it\/wp-json\/wp\/v2\/types\/post"}],"author":[{"embeddable":true,"href":"https:\/\/amboslo.esteri.it\/it\/wp-json\/wp\/v2\/users\/1"}],"replies":[{"embeddable":true,"href":"https:\/\/amboslo.esteri.it\/it\/wp-json\/wp\/v2\/comments?post=2125"}],"version-history":[{"count":0,"href":"https:\/\/amboslo.esteri.it\/it\/wp-json\/wp\/v2\/posts\/2125\/revisions"}],"wp:attachment":[{"href":"https:\/\/amboslo.esteri.it\/it\/wp-json\/wp\/v2\/media?parent=2125"}],"wp:term":[{"taxonomy":"post_tag","embeddable":true,"href":"https:\/\/amboslo.esteri.it\/it\/wp-json\/wp\/v2\/tags?post=2125"}],"curies":[{"name":"wp","href":"https:\/\/api.w.org\/{rel}","templated":true}]}}