{"id":2148,"date":"2014-01-27T10:07:38","date_gmt":"2014-01-27T09:07:38","guid":{"rendered":"https:\/\/amboslo.esteri.it\/news\/dall_ambasciata\/2014\/01\/credenziali-islanda\/"},"modified":"2014-01-27T10:07:38","modified_gmt":"2014-01-27T09:07:38","slug":"credenziali-islanda","status":"publish","type":"post","link":"https:\/\/amboslo.esteri.it\/it\/news\/dall_ambasciata\/2014\/01\/credenziali-islanda\/","title":{"rendered":"L&#8217;Ambasciatore Giorgio Novello ha assunto le proprie funzioni di Ambasciatore d\u2019Italia anche presso la Repubblica d\u2019Islanda."},"content":{"rendered":"<p><P style=\"MARGIN: 0cm 0cm 10pt\" class=\"MsoNormal\"><SPAN style=\"LINE-HEIGHT: 115%; FONT-FAMILY: 'Verdana','sans-serif'; FONT-SIZE: 8pt; mso-bidi-font-family: Arial\"><FONT color=\"#000000\">Il 15 gennaio l\u2019Ambasciatore Giorgio Novello ha assunto le proprie funzioni di Ambasciatore d\u2019Italia anche presso la Repubblica d\u2019Islanda, presentando le proprie credenziali al Presidente \u00a0\u00d3lafur Ragnar Gr\u00edmsson in una cerimonia svoltasi presso a <SPAN style=\"LINE-HEIGHT: 115%; FONT-FAMILY: 'Verdana','sans-serif'; FONT-SIZE: 8pt\">Bessasta\u00f0ir. la Residenza Ufficiale del Presidente e sede\u00a0del<\/SPAN>la Presidenza della Repubblica, a Reykjavik e culminata in un lungo e cordiale colloquio sulle relazioni tra i due Paesi. <?xml:namespace prefix = \"o\" ns = \"urn:schemas-microsoft-com:office:office\" \/><o:p><\/o:p><\/FONT><\/SPAN><\/P><P style=\"MARGIN: 0cm 0cm 10pt\" class=\"MsoNormal\"><SPAN style=\"LINE-HEIGHT: 115%; FONT-FAMILY: 'Verdana','sans-serif'; FONT-SIZE: 8pt; mso-bidi-font-family: Arial\"><FONT color=\"#000000\">Durante il suo soggiorno islandese, l\u2019Ambasciatore Novello ha incontrato i vertici del Ministero degli Affari Esteri islandese; la Guardia Costiera; il Rettore, il ViceRettore e il lettore di ruolo italiano all\u2019Universita\u2019 d\u2019Islanda; rappresentanti della comunita\u2019 italiana di Reykjavik; esponenti della comunita\u2019 diplomatica; ed ha visitato la camera iperbarica operativa da oltre vent\u2019anni presso il maggior ospedale cittadino grazie ad una collaborazione italo-islandese. <o:p><\/o:p><\/FONT><\/SPAN><\/P><br \/>\n<P style=\"MARGIN: 0cm 0cm 10pt\" class=\"MsoNormal\"><SPAN style=\"LINE-HEIGHT: 115%; FONT-FAMILY: 'Verdana','sans-serif'; FONT-SIZE: 8pt; mso-bidi-font-family: Arial\"><FONT color=\"#000000\">Egli ha inoltre visitato il Consolato Generale onorario retto dal Console Generale onorario Petur Bj\u00f6rnsson. Quest&#8217;ultimo ha assistito l\u2019Ambasciatore durante tutta la sua visita ed ha esaminato con lui possibili modi di rafforzare ulteriormente l\u2019assistenza ai connazionali. <o:p><\/o:p><\/FONT><\/SPAN><\/P><br \/>\n<P style=\"MARGIN: 0cm 0cm 10pt\" class=\"MsoNormal\"><SPAN style=\"LINE-HEIGHT: 115%; FONT-FAMILY: 'Verdana','sans-serif'; FONT-SIZE: 8pt; mso-bidi-font-family: Arial\"><FONT color=\"#000000\">Nel corso dei suoi colloqui, l\u2019Ambasciatore Novello ha sottolineato gli stretti rapporti tra i due Paesi nei settori politico, economico, culturale, scientifico e sociale, sottolineando in particolare la rilevanza del contributo della comunita\u2019 italiana e il crescente nostro interesse all\u2019Artico, che ha condotto recentemente all&#8217;entrata dell&#8217;Italia nel Consiglio Artico come Osservatore Permanente.<\/FONT><\/SPAN><\/P><br \/>\n<P style=\"MARGIN: 0cm 0cm 10pt\" class=\"MsoNormal\"><SPAN style=\"LINE-HEIGHT: 115%; FONT-FAMILY: 'Verdana','sans-serif'; FONT-SIZE: 8pt; mso-bidi-font-family: Arial\"><FONT color=\"#000000\"><IMG style=\"WIDTH: 220px; HEIGHT: 156px\" border=\"0\" hspace=\"6\" vspace=\"6\" align=\"left\" src=\"http:\/\/english.forseti.is\/media\/orginal\/8e17b383c7f49b6.jpg\"><\/FONT><\/SPAN><\/P><br \/>\n<P style=\"MARGIN: 0cm 0cm 10pt\" class=\"MsoNormal\"><SPAN style=\"LINE-HEIGHT: 115%; FONT-FAMILY: 'Verdana','sans-serif'; FONT-SIZE: 8pt; mso-bidi-font-family: Arial\"><SPAN style=\"LINE-HEIGHT: 115%; FONT-FAMILY: 'Verdana','sans-serif'; FONT-SIZE: 8pt; mso-bidi-font-family: Arial\"><FONT color=\"#000000\"><A title=\"Sito della Presidenza della Repubblica d'Islanda \" href=\"http:\/\/english.forseti.is\/\">Sito della Presidenza della Repubblica d&#8217;Islanda<\/A>\u00a0<BR><\/FONT><\/SPAN><\/SPAN><\/P><br \/>\n<P style=\"MARGIN: 0cm 0cm 10pt\" class=\"MsoNormal\">\u00a0<\/P><br \/>\n<P style=\"MARGIN: 0cm 0cm 10pt\" class=\"MsoNormal\"><SPAN style=\"LINE-HEIGHT: 115%; FONT-FAMILY: 'Verdana','sans-serif'; FONT-SIZE: 8pt; mso-bidi-font-family: Arial\"><SPAN style=\"LINE-HEIGHT: 115%; FONT-FAMILY: 'Verdana','sans-serif'; FONT-SIZE: 8pt; mso-bidi-font-family: Arial\"><FONT color=\"#000000\"><\/FONT><\/SPAN><\/SPAN><\/P><br \/>\n<P style=\"MARGIN: 0cm 0cm 10pt\" class=\"MsoNormal\"><SPAN style=\"LINE-HEIGHT: 115%; FONT-FAMILY: 'Verdana','sans-serif'; FONT-SIZE: 8pt; mso-bidi-font-family: Arial\"><SPAN style=\"LINE-HEIGHT: 115%; FONT-FAMILY: 'Verdana','sans-serif'; FONT-SIZE: 8pt; mso-bidi-font-family: Arial\"><FONT color=\"#000000\"><IMG border=\"0\" alt=\"AmbNovelloBj\u00f6rnsson\" src=\"\/resource\/2014\/02\/30844_f_AmbNovelloBjrnssonridimens1.jpg\"><BR>L&#8217;Ambasciatore Novello con il Console Generale Onorario Sig. Petur Bj\u00f6rnsson nella sede del Consolato<BR><BR><\/FONT><\/SPAN><\/SPAN><\/P><br \/>\n<P style=\"MARGIN: 0cm 0cm 10pt\" class=\"MsoNormal\"><SPAN style=\"LINE-HEIGHT: 115%; FONT-FAMILY: 'Verdana','sans-serif'; FONT-SIZE: 8pt; mso-bidi-font-family: Arial\"><SPAN style=\"LINE-HEIGHT: 115%; FONT-FAMILY: 'Verdana','sans-serif'; FONT-SIZE: 8pt; mso-bidi-font-family: Arial\"><\/SPAN><\/SPAN>\u00a0<\/P><SPAN style=\"LINE-HEIGHT: 115%; FONT-FAMILY: 'Verdana','sans-serif'; FONT-SIZE: 8pt; mso-bidi-font-family: Arial\"><FONT color=\"#000000\"><\/FONT><\/SPAN><br \/>\n<P style=\"MARGIN: 0cm 0cm 10pt\" class=\"MsoNormal\"><SPAN style=\"LINE-HEIGHT: 115%; FONT-FAMILY: 'Verdana','sans-serif'; FONT-SIZE: 8pt; mso-bidi-font-family: Arial\"><FONT color=\"#000000\"><\/FONT><\/SPAN>\u00a0<\/P><br \/>\n<P style=\"MARGIN: 0cm 0cm 10pt\" class=\"MsoNormal\"><SPAN style=\"LINE-HEIGHT: 115%; FONT-FAMILY: 'Verdana','sans-serif'; FONT-SIZE: 8pt; mso-bidi-font-family: Arial\"><FONT color=\"#000000\"><\/FONT><\/SPAN>\u00a0<\/P><br \/>\n<P style=\"MARGIN: 0cm 0cm 10pt\" class=\"MsoNormal\"><SPAN style=\"LINE-HEIGHT: 115%; FONT-FAMILY: 'Verdana','sans-serif'; FONT-SIZE: 8pt; mso-bidi-font-family: Arial\"><FONT color=\"#000000\"><\/FONT><\/SPAN>\u00a0<\/P><br \/>\n<P style=\"MARGIN: 0cm 0cm 10pt\" class=\"MsoNormal\"><SPAN style=\"LINE-HEIGHT: 115%; FONT-FAMILY: 'Verdana','sans-serif'; FONT-SIZE: 8pt; mso-bidi-font-family: Arial\"><FONT color=\"#000000\"><\/FONT><\/SPAN>\u00a0<\/P><br \/>\n<P style=\"MARGIN: 0cm 0cm 10pt\" class=\"MsoNormal\"><SPAN style=\"LINE-HEIGHT: 115%; FONT-FAMILY: 'Verdana','sans-serif'; FONT-SIZE: 8pt; mso-bidi-font-family: Arial\"><FONT color=\"#000000\"><o:p><\/o:p><\/FONT><\/SPAN>\u00a0<\/P><\/p>\n","protected":false},"excerpt":{"rendered":"Il 15 gennaio l\u2019Ambasciatore Giorgio Novello ha assunto le proprie funzioni di Ambasciatore d\u2019Italia anche presso la Repubblica d\u2019Islanda, presentando le proprie credenziali al Presidente \u00a0\u00d3lafur Ragnar Gr\u00edmsson in una cerimonia svoltasi presso a Bessasta\u00f0ir. la Residenza Ufficiale del Presidente e sede\u00a0della Presidenza della Repubblica, a Reykjavik e culminata in un lungo e cordiale colloquio [&hellip;]","protected":false},"author":1,"featured_media":0,"comment_status":"","ping_status":"","sticky":false,"template":"","format":"standard","meta":{"footnotes":""},"tags":[],"class_list":["post-2148","post","type-post","status-publish","format-standard","hentry"],"_links":{"self":[{"href":"https:\/\/amboslo.esteri.it\/it\/wp-json\/wp\/v2\/posts\/2148","targetHints":{"allow":["GET"]}}],"collection":[{"href":"https:\/\/amboslo.esteri.it\/it\/wp-json\/wp\/v2\/posts"}],"about":[{"href":"https:\/\/amboslo.esteri.it\/it\/wp-json\/wp\/v2\/types\/post"}],"author":[{"embeddable":true,"href":"https:\/\/amboslo.esteri.it\/it\/wp-json\/wp\/v2\/users\/1"}],"replies":[{"embeddable":true,"href":"https:\/\/amboslo.esteri.it\/it\/wp-json\/wp\/v2\/comments?post=2148"}],"version-history":[{"count":0,"href":"https:\/\/amboslo.esteri.it\/it\/wp-json\/wp\/v2\/posts\/2148\/revisions"}],"wp:attachment":[{"href":"https:\/\/amboslo.esteri.it\/it\/wp-json\/wp\/v2\/media?parent=2148"}],"wp:term":[{"taxonomy":"post_tag","embeddable":true,"href":"https:\/\/amboslo.esteri.it\/it\/wp-json\/wp\/v2\/tags?post=2148"}],"curies":[{"name":"wp","href":"https:\/\/api.w.org\/{rel}","templated":true}]}}