{"id":2156,"date":"2013-12-04T11:00:30","date_gmt":"2013-12-04T10:00:30","guid":{"rendered":"https:\/\/amboslo.esteri.it\/news\/dall_ambasciata\/2013\/12\/fincantieri\/"},"modified":"2013-12-04T11:00:30","modified_gmt":"2013-12-04T10:00:30","slug":"fincantieri","status":"publish","type":"post","link":"https:\/\/amboslo.esteri.it\/it\/news\/dall_ambasciata\/2013\/12\/fincantieri\/","title":{"rendered":"Sar\u00e0 Fincantieri a costruire la nuova nave di ricerca polare per la Norvegia."},"content":{"rendered":"<p><P style=\"TEXT-ALIGN: justify; MARGIN: 0cm 0cm 0pt\" class=\"MsoNormal\"><SPAN style=\"FONT-FAMILY: 'Verdana','sans-serif'; FONT-SIZE: 8pt; mso-bidi-font-family: Tahoma; mso-ansi-language: IT\" lang=\"IT\"><?xml:namespace prefix = \"o\" ns = \"urn:schemas-microsoft-com:office:office\" \/><o:p><FONT color=\"#000000\"><\/FONT><\/o:p><\/SPAN><\/P><P style=\"TEXT-ALIGN: justify; MARGIN: 0cm 0cm 0pt\" class=\"MsoNormal\"><FONT color=\"#000000\"><SPAN style=\"FONT-FAMILY: 'Verdana','sans-serif'; FONT-SIZE: 8pt; mso-bidi-font-family: Tahoma; mso-ansi-language: IT\" lang=\"IT\">Il 29 novembre scorso, alla presenza dell\u2019Ambasciatore d\u2019Italia Giorgio Novello, della Ministro della Pesca norvegese Elisabeth Aspaker e della Ministra norvegese dell&#8217;Ambiente Tine Sundtoft,<SPAN style=\"mso-spacerun: yes\">\u00a0 <\/SPAN>il Direttore Navi Italia\u00a0di Fincantieri Angelo Fusco e il Direttore dell&#8217;Istituto di Ricerca Marina norvegese Tore Nepstad hanno firmato un contratto in base al quale Fincantieri costruira&#8217; una avanzatissima nave di ricerca polare denominata &#8220;Prince Haakon&#8221; (in onore del Principe ereditario di Norvegia). L\u2019evento ha<SPAN style=\"mso-spacerun: yes\">\u00a0 <\/SPAN>significativamente avuto luogo nella tolda della nave Fram, simbolo della storia norvegese e dell&#8217;epopea delle spedizioni polari di Nansen e Amundsen, oggi custodita nell&#8217;omonimo museo ad Oslo. La commessa rappresenta un&#8217;eccellente affermazione italiana. <SPAN style=\"mso-spacerun: yes\">\u00a0<\/SPAN>Fincantieri vede infatti <SPAN style=\"mso-spacerun: yes\">\u00a0<\/SPAN>premiata l&#8217;eccellenza della sua offerta e la sua capacita&#8217; di rispondere alle impegnative e specifiche richieste della controparte. In questa competizione altamente selettiva l\u2019azienda italiana ha superato una qualificata concorrenza internazionale e consolidato il suo ruolo di fornitore di riferimento nel segmento di mercato ad elevato valore aggiunto delle navi-ricerca, destinato ad espandersi nel medio termine. La nave stazzera&#8217; novemila tonnellate, sara&#8217; lunga <?xml:namespace prefix = \"st1\" ns = \"urn:schemas-microsoft-com:office:smarttags\" \/><st1:metricconverter w:st=\"on\" ProductID=\"100 metri\">100 metri<\/st1:metricconverter>, larga 21, potra&#8217; essere dotata di due elicotteri, sara&#8217; ecocompatibile e silenziosa. <o:p><\/o:p><\/SPAN><\/FONT><\/P><br \/>\n<P style=\"TEXT-ALIGN: justify; MARGIN: 0cm 0cm 0pt\" class=\"MsoNormal\"><SPAN style=\"FONT-FAMILY: 'Verdana','sans-serif'; FONT-SIZE: 8pt; mso-bidi-font-family: Tahoma; mso-ansi-language: IT\" lang=\"IT\"><o:p><FONT color=\"#000000\">\u00a0<\/FONT><\/o:p><\/SPAN><\/P><br \/>\n<P style=\"TEXT-ALIGN: justify; MARGIN: 0cm 0cm 0pt\" class=\"MsoNormal\"><SPAN style=\"FONT-FAMILY: 'Verdana','sans-serif'; FONT-SIZE: 8pt; mso-bidi-font-family: Tahoma; mso-ansi-language: IT\" lang=\"IT\"><FONT color=\"#000000\">La notizia del contratto ha beneficiato di un\u2019ampia copertura da parte della stampa locale. La stessa<SPAN style=\"mso-spacerun: yes\">\u00a0 <\/SPAN>Ministro della Pesca Aspaker ha infatti ribadito che il contributo della nuova nave sara&#8217; di grande rilevanza non solo per la Norvegia ma per tutta la comunita&#8217; scientifica internazionale. <o:p><\/o:p><\/FONT><\/SPAN><\/P><br \/>\n<P style=\"TEXT-ALIGN: justify; MARGIN: 0cm 0cm 0pt\" class=\"MsoNormal\"><SPAN style=\"FONT-FAMILY: 'Verdana','sans-serif'; FONT-SIZE: 8pt; mso-bidi-font-family: Tahoma; mso-ansi-language: IT\" lang=\"IT\"><o:p><FONT color=\"#000000\">\u00a0<\/FONT><\/o:p><\/SPAN><\/P><br \/>\n<P style=\"TEXT-ALIGN: justify; MARGIN: 0cm 0cm 0pt\" class=\"MsoNormal\"><SPAN style=\"FONT-FAMILY: 'Verdana','sans-serif'; FONT-SIZE: 8pt; mso-bidi-font-family: Tahoma; mso-ansi-language: IT\" lang=\"IT\"><o:p><FONT color=\"#000000\">\u00a0<IMG border=\"0\" alt=\"fincantieri1\" src=\"\/resource\/2013\/12\/29491_f_Kontraktsignering2_wide_large.jpg\"><\/FONT><\/o:p><\/SPAN><\/P><SPAN style=\"FONT-FAMILY: 'Verdana','sans-serif'; FONT-SIZE: 8pt; mso-bidi-font-family: Tahoma; mso-ansi-language: IT\" lang=\"IT\"><o:p><FONT color=\"#000000\"><br \/>\n<P style=\"MARGIN: 0cm 0cm 0pt\" class=\"MsoNormal\"><SPAN style=\"FONT-FAMILY: 'Verdana','sans-serif'; FONT-SIZE: 8pt\"><BR>da sinistra nella foto: Tore Nepstad, Direttore\u00a0dell&#8217;Istituto di Ricerca Marina norvegese, Jan Gunnar Winther, Direttore dell&#8217;Istituto Polare norvegese, la Ministro della pesca Elisabeth Aspaker, la Ministro dell&#8217;Ambiente Tine Sundtoft, l&#8217;Ambasciatore d&#8217;Italia Giorgio Novello,\u00a0il Direttore Navi Italia\u00a0di Fincantieri Angelo Fusco\u00a0e Terje Aspen, Decano della Facolt\u00e0 di scienze biologiche, pesca e economia dell&#8217;Universit\u00e0 di Troms\u00f8.<o:p><\/o:p><\/SPAN><\/P><br \/>\n<P style=\"MARGIN: 0cm 0cm 0pt\" class=\"MsoNormal\"><SPAN style=\"FONT-FAMILY: 'Verdana','sans-serif'; FONT-SIZE: 8pt\"><o:p><\/o:p><\/SPAN><\/P><br \/>\n<P style=\"MARGIN: 0cm 0cm 0pt\" class=\"MsoNormal\"><SPAN style=\"FONT-FAMILY: 'Verdana','sans-serif'; FONT-SIZE: 8pt\"><o:p><\/o:p><\/SPAN><\/P><br \/>\n<P style=\"LINE-HEIGHT: normal; MARGIN: 0cm 0cm 0pt\" class=\"MsoNormal\"><SPAN style=\"FONT-FAMILY: 'Verdana','sans-serif'; FONT-SIZE: 8pt; mso-bidi-font-family: 'Times New Roman'; mso-ansi-language: NO-BOK; mso-fareast-font-family: 'Times New Roman'\" lang=\"NO-BOK\">Foto: Espen Bierud \/ Havforskingsinstituttet<o:p><\/o:p><\/SPAN><\/P><\/FONT><\/o:p><\/SPAN><br \/>\n<P style=\"TEXT-ALIGN: justify; MARGIN: 0cm 0cm 0pt\" class=\"MsoNormal\">\u00a0<\/P><br \/>\n<P style=\"TEXT-ALIGN: justify; MARGIN: 0cm 0cm 0pt\" class=\"MsoNormal\">\u00a0<\/P><br \/>\n<P style=\"TEXT-ALIGN: justify; MARGIN: 0cm 0cm 0pt\" class=\"MsoNormal\"><STRONG><U><A href=\"http:\/\/www.fincantieri.it\/cms\/data\/browse\/news\/000534.aspx\">Comunicato stampa di Fincantieri<BR><\/A><\/U><\/STRONG>\u00a0<\/P><\/p>\n","protected":false},"excerpt":{"rendered":"Il 29 novembre scorso, alla presenza dell\u2019Ambasciatore d\u2019Italia Giorgio Novello, della Ministro della Pesca norvegese Elisabeth Aspaker e della Ministra norvegese dell&#8217;Ambiente Tine Sundtoft,\u00a0 il Direttore Navi Italia\u00a0di Fincantieri Angelo Fusco e il Direttore dell&#8217;Istituto di Ricerca Marina norvegese Tore Nepstad hanno firmato un contratto in base al quale Fincantieri costruira&#8217; una avanzatissima nave di [&hellip;]","protected":false},"author":1,"featured_media":0,"comment_status":"","ping_status":"","sticky":false,"template":"","format":"standard","meta":{"footnotes":""},"tags":[],"class_list":["post-2156","post","type-post","status-publish","format-standard","hentry"],"_links":{"self":[{"href":"https:\/\/amboslo.esteri.it\/it\/wp-json\/wp\/v2\/posts\/2156","targetHints":{"allow":["GET"]}}],"collection":[{"href":"https:\/\/amboslo.esteri.it\/it\/wp-json\/wp\/v2\/posts"}],"about":[{"href":"https:\/\/amboslo.esteri.it\/it\/wp-json\/wp\/v2\/types\/post"}],"author":[{"embeddable":true,"href":"https:\/\/amboslo.esteri.it\/it\/wp-json\/wp\/v2\/users\/1"}],"replies":[{"embeddable":true,"href":"https:\/\/amboslo.esteri.it\/it\/wp-json\/wp\/v2\/comments?post=2156"}],"version-history":[{"count":0,"href":"https:\/\/amboslo.esteri.it\/it\/wp-json\/wp\/v2\/posts\/2156\/revisions"}],"wp:attachment":[{"href":"https:\/\/amboslo.esteri.it\/it\/wp-json\/wp\/v2\/media?parent=2156"}],"wp:term":[{"taxonomy":"post_tag","embeddable":true,"href":"https:\/\/amboslo.esteri.it\/it\/wp-json\/wp\/v2\/tags?post=2156"}],"curies":[{"name":"wp","href":"https:\/\/api.w.org\/{rel}","templated":true}]}}