{"id":2935,"date":"2024-02-02T10:20:22","date_gmt":"2024-02-02T09:20:22","guid":{"rendered":"https:\/\/amboslo.esteri.it\/?p=2935"},"modified":"2024-02-20T09:19:43","modified_gmt":"2024-02-20T08:19:43","slug":"il-3-febbraio-bodo-diventa-capitale-europea-della-cultura-2024","status":"publish","type":"post","link":"https:\/\/amboslo.esteri.it\/it\/news\/dall_ambasciata\/2024\/02\/il-3-febbraio-bodo-diventa-capitale-europea-della-cultura-2024\/","title":{"rendered":"Bod\u00f8 \u00e8 Capitale Europea della Cultura 2024"},"content":{"rendered":"<p>Il lancio ufficiale di Bod\u00f8 Capitale Europea della Cultura, per la prima volta oltre il Circolo Polare Artico, \u00e8 avvenuto il <strong>3 febbraio<\/strong> alla presenza di S.M. la Regina Sonja di Norvegia, con uno <strong>spettacolo all\u2019aperto<\/strong>.<\/p>\n<p>Tra gli eventi di grande interesse vi \u00e8 il percorso storico <strong>Via Querinissima<\/strong>, candidato ad essere riconosciuto dal Consiglio d\u2019Europa quale percorso storico di interesse europeo. <a href=\"https:\/\/viaquerinissima.net\/\" target=\"_blank\" rel=\"noopener\">Via Querinissima<\/a> scaturisce dalla memoria del viaggio del mercante veneziano <strong>Pietro Querini<\/strong> che naufrag\u00f2 nel 1431 nella remota isola di R\u00f8st, nelle isole Lofoten, redigendo un prezioso diario sugli usi e costumi delle popolazioni locali e dando inizio al tradizionale commercio dello <strong>stoccafisso<\/strong> fra la Serenissima e quelle isole.<\/p>\n<p><img loading=\"lazy\" decoding=\"async\" class=\"alignnone size-medium wp-image-2963 img-fluid\" src=\"https:\/\/amboslo.esteri.it\/wp-content\/uploads\/2024\/02\/Via-Querinissima-300x249.png\" alt=\"\" width=\"300\" height=\"249\" srcset=\"https:\/\/amboslo.esteri.it\/wp-content\/uploads\/2024\/02\/Via-Querinissima-300x249.png 300w, https:\/\/amboslo.esteri.it\/wp-content\/uploads\/2024\/02\/Via-Querinissima-768x637.png 768w, https:\/\/amboslo.esteri.it\/wp-content\/uploads\/2024\/02\/Via-Querinissima.png 950w\" sizes=\"auto, (max-width: 300px) 100vw, 300px\" \/><\/p>\n<p>Il lungo itinerario via terra che Querini percorse, attraverso vari Paesi europei, per far ritorno a Venezia, qualora riconosciuto nei prossimi mesi dal Consiglio d\u2019Europa, potr\u00e0 essere opportunamente valorizzato nel corso degli eventi culturali previsti a Bod\u00f8 nel corso del 2024.<\/p>\n<p>Bod\u00f82024 ospiter\u00e0 il prossimo 9 marzo la prima edizione della Marcialonga Arctic Ski Race, che entra a far parte delle gare del <strong>Ski Classics<\/strong> assieme alla Marcialonga, alla norvegese Birkebeinerrennet e alla svedese Vasaloppet. La <a href=\"https:\/\/www.arcticmarcialonga.no\/\" target=\"_blank\" rel=\"noopener\">Marcialonga Arctic Ski Race<\/a> si annuncia, secondo gli organizzatori, particolarmente spettacolare, con un percorso che si snoda tra montagne innevate e scogliere a picco e con la possibilit\u00e0 che faccia capolino anche l&#8217;aurora boreale.<\/p>\n<p><img loading=\"lazy\" decoding=\"async\" class=\"alignnone size-medium wp-image-2966 img-fluid\" src=\"https:\/\/amboslo.esteri.it\/wp-content\/uploads\/2024\/02\/Marcialonga-300x249.png\" alt=\"\" width=\"300\" height=\"249\" srcset=\"https:\/\/amboslo.esteri.it\/wp-content\/uploads\/2024\/02\/Marcialonga-300x249.png 300w, https:\/\/amboslo.esteri.it\/wp-content\/uploads\/2024\/02\/Marcialonga-768x637.png 768w, https:\/\/amboslo.esteri.it\/wp-content\/uploads\/2024\/02\/Marcialonga.png 950w\" sizes=\"auto, (max-width: 300px) 100vw, 300px\" \/><\/p>\n<p>Per il programma completo degli eventi: <a href=\"https:\/\/www.bodo2024.no\/\" target=\"_blank\" rel=\"noopener\">Bod\u00f82024<\/a><\/p>\n<p>&nbsp;<\/p>\n","protected":false},"excerpt":{"rendered":"Il lancio ufficiale di Bod\u00f8 Capitale Europea della Cultura, per la prima volta oltre il Circolo Polare Artico, \u00e8 avvenuto il 3 febbraio alla presenza di S.M. la Regina Sonja di Norvegia, con uno spettacolo all\u2019aperto. Tra gli eventi di grande interesse vi \u00e8 il percorso storico Via Querinissima, candidato ad essere riconosciuto dal Consiglio [&hellip;]","protected":false},"author":4,"featured_media":2941,"comment_status":"closed","ping_status":"closed","sticky":false,"template":"","format":"standard","meta":{"footnotes":""},"tags":[7,14,15],"class_list":["post-2935","post","type-post","status-publish","format-standard","has-post-thumbnail","hentry","tag-diplomazia-culturale","tag-politica-estera","tag-unione-europea"],"_links":{"self":[{"href":"https:\/\/amboslo.esteri.it\/it\/wp-json\/wp\/v2\/posts\/2935","targetHints":{"allow":["GET"]}}],"collection":[{"href":"https:\/\/amboslo.esteri.it\/it\/wp-json\/wp\/v2\/posts"}],"about":[{"href":"https:\/\/amboslo.esteri.it\/it\/wp-json\/wp\/v2\/types\/post"}],"author":[{"embeddable":true,"href":"https:\/\/amboslo.esteri.it\/it\/wp-json\/wp\/v2\/users\/4"}],"replies":[{"embeddable":true,"href":"https:\/\/amboslo.esteri.it\/it\/wp-json\/wp\/v2\/comments?post=2935"}],"version-history":[{"count":6,"href":"https:\/\/amboslo.esteri.it\/it\/wp-json\/wp\/v2\/posts\/2935\/revisions"}],"predecessor-version":[{"id":3057,"href":"https:\/\/amboslo.esteri.it\/it\/wp-json\/wp\/v2\/posts\/2935\/revisions\/3057"}],"wp:featuredmedia":[{"embeddable":true,"href":"https:\/\/amboslo.esteri.it\/it\/wp-json\/wp\/v2\/media\/2941"}],"wp:attachment":[{"href":"https:\/\/amboslo.esteri.it\/it\/wp-json\/wp\/v2\/media?parent=2935"}],"wp:term":[{"taxonomy":"post_tag","embeddable":true,"href":"https:\/\/amboslo.esteri.it\/it\/wp-json\/wp\/v2\/tags?post=2935"}],"curies":[{"name":"wp","href":"https:\/\/api.w.org\/{rel}","templated":true}]}}