{"id":3222,"date":"2024-03-12T12:16:51","date_gmt":"2024-03-12T11:16:51","guid":{"rendered":"https:\/\/amboslo.esteri.it\/?p=3222"},"modified":"2024-03-13T14:05:16","modified_gmt":"2024-03-13T13:05:16","slug":"riunione-di-coordinamento-consolare-presso-lambasciata-ditalia-a-oslo","status":"publish","type":"post","link":"https:\/\/amboslo.esteri.it\/it\/news\/dall_ambasciata\/2024\/03\/riunione-di-coordinamento-consolare-presso-lambasciata-ditalia-a-oslo\/","title":{"rendered":"Riunione di coordinamento consolare presso l\u2019Ambasciata d\u2019Italia a Oslo"},"content":{"rendered":"<p>Si \u00e8 svolta in Ambasciata la riunione di coordinamento dei Consoli Onorari di Norvegia e Islanda, presieduta dall\u2019Ambasciatore Stefano Nicoletti, in cui hanno reso la loro promessa solenne il nuovo Vice Console Onorario di Troms\u00f8, Alessandro Belleli e la nuova Agente consolare Onorario di \u00c5lesund, Nina Helene Otterlei, che cominciano oggi il loro incarico di servizio alle rispettive collettivit\u00e0.<\/p>\n<p><img loading=\"lazy\" decoding=\"async\" class=\"alignnone size-medium wp-image-3228 img-fluid\" src=\"https:\/\/amboslo.esteri.it\/wp-content\/uploads\/2024\/03\/Riunione-consolare-1-300x249.png\" alt=\"\" width=\"300\" height=\"249\" srcset=\"https:\/\/amboslo.esteri.it\/wp-content\/uploads\/2024\/03\/Riunione-consolare-1-300x249.png 300w, https:\/\/amboslo.esteri.it\/wp-content\/uploads\/2024\/03\/Riunione-consolare-1-768x637.png 768w, https:\/\/amboslo.esteri.it\/wp-content\/uploads\/2024\/03\/Riunione-consolare-1.png 950w\" sizes=\"auto, (max-width: 300px) 100vw, 300px\" \/><\/p>\n<p>Alla riunione hanno preso parte anche il Console Onorario a Stavanger, Alessia Galfano, il Console Onorario a Trondheim, Giuseppe Marinelli oltre al Console Generale Onorario a Reykjav\u00edk, Rosa Bj\u00f6rg J\u00f3nsd\u00f3ttir.<\/p>\n<p>Durante l\u2019incontro, l\u2019Ambasciatore Nicoletti ha conferito l\u2019onorificenza dell\u2019Ordine della Stella d\u2019Italia alla Console Generale Onoraria a Reykjav\u00edk, Rosa Bj\u00f6rg J\u00f3nsd\u00f3ttir per il suo lavoro volontario &#8211; oltre che a servizio della collettivit\u00e0 nel suo incarico istituzionale &#8211; anche come fondatrice della biblioteca dell\u2019Associazione islandese dei bambini bilingui, dove rende disponibili numerosi testi in italiano (circa 2.500) e in altre lingue straniere. La biblioteca \u00e8 ormai da anni un punto di riferimento per la nostra comunit\u00e0 in Islanda, anche grazie alle molteplici iniziative di aggregazione tra famiglie italiane, islandesi e di altri espatriati. L\u2019Ambasciatore Nicoletti, nel suo indirizzo di conferimento dell\u2019onorificenza ha evidenziato che: \u201cIn tal modo la nostra Console Generale Onoraria svolge, senza fini di lucro, un\u2019opera meritoria che contribuisce alla diffusione e al mantenimento della nostra lingua e dei legami con l\u2019Italia all\u2019interno della comunit\u00e0 italiana ivi residente ed in costante crescita\u201d.<\/p>\n<p>Nel corso dell\u2019incontro di coordinamento sono inoltre stati discussi una serie di aspetti riguardanti l\u2019erogazione di servizi consolari sul territorio, volti a soddisfare le crescenti richieste della comunit\u00e0 italiana in Norvegia e in Islanda, oltrech\u00e9 l\u2019opportunit\u00e0 di iniziative future di promozione integrata dell\u2019Ambasciata e dell\u2019Istituto Italiano di Cultura sul territorio.<\/p>\n","protected":false},"excerpt":{"rendered":"Si \u00e8 svolta in Ambasciata la riunione di coordinamento dei Consoli Onorari di Norvegia e Islanda, presieduta dall\u2019Ambasciatore Stefano Nicoletti, in cui hanno reso la loro promessa solenne il nuovo Vice Console Onorario di Troms\u00f8, Alessandro Belleli e la nuova Agente consolare Onorario di \u00c5lesund, Nina Helene Otterlei, che cominciano oggi il loro incarico di [&hellip;]","protected":false},"author":4,"featured_media":3228,"comment_status":"closed","ping_status":"closed","sticky":false,"template":"","format":"standard","meta":{"footnotes":""},"tags":[],"class_list":["post-3222","post","type-post","status-publish","format-standard","has-post-thumbnail","hentry"],"_links":{"self":[{"href":"https:\/\/amboslo.esteri.it\/it\/wp-json\/wp\/v2\/posts\/3222","targetHints":{"allow":["GET"]}}],"collection":[{"href":"https:\/\/amboslo.esteri.it\/it\/wp-json\/wp\/v2\/posts"}],"about":[{"href":"https:\/\/amboslo.esteri.it\/it\/wp-json\/wp\/v2\/types\/post"}],"author":[{"embeddable":true,"href":"https:\/\/amboslo.esteri.it\/it\/wp-json\/wp\/v2\/users\/4"}],"replies":[{"embeddable":true,"href":"https:\/\/amboslo.esteri.it\/it\/wp-json\/wp\/v2\/comments?post=3222"}],"version-history":[{"count":2,"href":"https:\/\/amboslo.esteri.it\/it\/wp-json\/wp\/v2\/posts\/3222\/revisions"}],"predecessor-version":[{"id":3230,"href":"https:\/\/amboslo.esteri.it\/it\/wp-json\/wp\/v2\/posts\/3222\/revisions\/3230"}],"wp:featuredmedia":[{"embeddable":true,"href":"https:\/\/amboslo.esteri.it\/it\/wp-json\/wp\/v2\/media\/3228"}],"wp:attachment":[{"href":"https:\/\/amboslo.esteri.it\/it\/wp-json\/wp\/v2\/media?parent=3222"}],"wp:term":[{"taxonomy":"post_tag","embeddable":true,"href":"https:\/\/amboslo.esteri.it\/it\/wp-json\/wp\/v2\/tags?post=3222"}],"curies":[{"name":"wp","href":"https:\/\/api.w.org\/{rel}","templated":true}]}}