{"id":3242,"date":"2024-03-13T14:07:20","date_gmt":"2024-03-13T13:07:20","guid":{"rendered":"https:\/\/amboslo.esteri.it\/?p=3242"},"modified":"2024-03-13T14:10:17","modified_gmt":"2024-03-13T13:10:17","slug":"la-console-generale-onoraria-a-reykjavik-rosa-bjorg-jonsdottir-e-stata-insignita-del-cavalierato-della-stella-ditalia","status":"publish","type":"post","link":"https:\/\/amboslo.esteri.it\/it\/news\/dall_ambasciata\/2024\/03\/la-console-generale-onoraria-a-reykjavik-rosa-bjorg-jonsdottir-e-stata-insignita-del-cavalierato-della-stella-ditalia\/","title":{"rendered":"La Console Generale Onoraria a Reykjav\u00edk, Rosa Bj\u00f6rg J\u00f3nsd\u00f3ttir, \u00e8 stata insignita del Cavalierato della Stella d\u2019Italia"},"content":{"rendered":"<p>Durante la riunione di coordinamento dei Consoli Onorari di Norvegia e Islanda, l\u2019Ambasciatore Nicoletti ha conferito l\u2019onorificenza dell\u2019Ordine della Stella d\u2019Italia alla Console Generale Onoraria a Reykjav\u00edk, Rosa Bj\u00f6rg J\u00f3nsd\u00f3ttir per il suo lavoro volontario \u2013 oltre che a servizio della collettivit\u00e0 nel suo incarico istituzionale \u2013 anche come fondatrice della biblioteca dell\u2019Associazione islandese dei bambini bilingui, dove rende disponibili numerosi testi in italiano (circa 2.500) e in altre lingue straniere. La biblioteca \u00e8 ormai da anni un punto di riferimento per la nostra comunit\u00e0 in Islanda, anche grazie alle molteplici iniziative di aggregazione tra famiglie italiane, islandesi e di altri espatriati. L\u2019Ambasciatore Nicoletti, nel suo indirizzo di conferimento dell\u2019onorificenza ha evidenziato che: \u201cIn tal modo la nostra Console Generale Onoraria svolge, senza fini di lucro, un\u2019opera meritoria che contribuisce alla diffusione e al mantenimento della nostra lingua e dei legami con l\u2019Italia all\u2019interno della comunit\u00e0 italiana ivi residente ed in costante crescita\u201d.<\/p>\n<p>Nel suo ruolo di Console Generale onoraria, la Dott.ssa J\u00f3nsd\u00f3ttir fornisce un supporto costante ai connazionali presenti in Islanda con assoluta dedizione, altissimo senso del dovere e comprovata empatia, come testimoniano gli attestati di stima ed i ringraziamenti che vengono espressi da numerosi italiani rispetto al suo operato.<br \/>\nLa Dott.ssa J\u00f3nsd\u00f3ttir , con la sua attivit\u00e0 fornisce un contributo di primissimo piano e di elevata rilevanza alla promozione e alla conoscenza del nostro Paese in Islanda, nonch\u00e9 nel mantenere saldo il legame della stessa comunit\u00e0 con il nostro Paese.<\/p>\n","protected":false},"excerpt":{"rendered":"Durante la riunione di coordinamento dei Consoli Onorari di Norvegia e Islanda, l\u2019Ambasciatore Nicoletti ha conferito l\u2019onorificenza dell\u2019Ordine della Stella d\u2019Italia alla Console Generale Onoraria a Reykjav\u00edk, Rosa Bj\u00f6rg J\u00f3nsd\u00f3ttir per il suo lavoro volontario \u2013 oltre che a servizio della collettivit\u00e0 nel suo incarico istituzionale \u2013 anche come fondatrice della biblioteca dell\u2019Associazione islandese dei [&hellip;]","protected":false},"author":4,"featured_media":3224,"comment_status":"closed","ping_status":"closed","sticky":false,"template":"","format":"standard","meta":{"footnotes":""},"tags":[],"class_list":["post-3242","post","type-post","status-publish","format-standard","has-post-thumbnail","hentry"],"_links":{"self":[{"href":"https:\/\/amboslo.esteri.it\/it\/wp-json\/wp\/v2\/posts\/3242","targetHints":{"allow":["GET"]}}],"collection":[{"href":"https:\/\/amboslo.esteri.it\/it\/wp-json\/wp\/v2\/posts"}],"about":[{"href":"https:\/\/amboslo.esteri.it\/it\/wp-json\/wp\/v2\/types\/post"}],"author":[{"embeddable":true,"href":"https:\/\/amboslo.esteri.it\/it\/wp-json\/wp\/v2\/users\/4"}],"replies":[{"embeddable":true,"href":"https:\/\/amboslo.esteri.it\/it\/wp-json\/wp\/v2\/comments?post=3242"}],"version-history":[{"count":3,"href":"https:\/\/amboslo.esteri.it\/it\/wp-json\/wp\/v2\/posts\/3242\/revisions"}],"predecessor-version":[{"id":3249,"href":"https:\/\/amboslo.esteri.it\/it\/wp-json\/wp\/v2\/posts\/3242\/revisions\/3249"}],"wp:featuredmedia":[{"embeddable":true,"href":"https:\/\/amboslo.esteri.it\/it\/wp-json\/wp\/v2\/media\/3224"}],"wp:attachment":[{"href":"https:\/\/amboslo.esteri.it\/it\/wp-json\/wp\/v2\/media?parent=3242"}],"wp:term":[{"taxonomy":"post_tag","embeddable":true,"href":"https:\/\/amboslo.esteri.it\/it\/wp-json\/wp\/v2\/tags?post=3242"}],"curies":[{"name":"wp","href":"https:\/\/api.w.org\/{rel}","templated":true}]}}