{"id":4114,"date":"2024-11-01T15:14:47","date_gmt":"2024-11-01T14:14:47","guid":{"rendered":"https:\/\/amboslo.esteri.it\/?p=4114"},"modified":"2024-11-01T15:20:37","modified_gmt":"2024-11-01T14:20:37","slug":"visita-della-fregata-della-marina-militare-italiana-carabiniere-a-oslo","status":"publish","type":"post","link":"https:\/\/amboslo.esteri.it\/it\/news\/dall_ambasciata\/2024\/11\/visita-della-fregata-della-marina-militare-italiana-carabiniere-a-oslo\/","title":{"rendered":"Visita la fregata della Marina Militare Italiana &#8220;Carabiniere&#8221; a Oslo"},"content":{"rendered":"<p>Da non perdere questo fine settimana: visita guidata alla fregata &#8220;Carabiniere&#8221; al molo di Vippetangen, a Oslo, sabato 2 e domenica 3 novembre 2024, negli orari: 09:00-12:00 e 14:00-16:00. Ingresso libero.<\/p>\n<p>La \u201cCarabiniere\u201d \u00e8 una fregata missilistica specializzata nella lotta antisommergibile. L&#8217;unit\u00e0 \u00e8 intitolata all&#8217;Arma dei Carabinieri ed \u00e8 stata varata a La Spezia nel 2015 presso gli stabilimenti Fincantieri di Muggiano.<\/p>\n<p>Durante la permanenza a Oslo, la \u201cCarabiniere\u201d \u00e8 impegnata in varie attivit\u00e0 volte a promuovere le relazioni bilaterali, tra cui esercitazioni di addestramento congiunte e incontri con le autorit\u00e0 locali e la Marina Militare Norvegese volti a rafforzare la collaborazione nelle operazioni navali e nelle questioni di sicurezza. Nei giorni 2 e 3 novembre sara&#8217; possibile per il grande pubblico visitare la fregata, essendo ancorata in porto, non lontano dalla Fortezza di Akershus.<\/p>\n<p>&nbsp;<\/p>\n","protected":false},"excerpt":{"rendered":"Da non perdere questo fine settimana: visita guidata alla fregata &#8220;Carabiniere&#8221; al molo di Vippetangen, a Oslo, sabato 2 e domenica 3 novembre 2024, negli orari: 09:00-12:00 e 14:00-16:00. Ingresso libero. La \u201cCarabiniere\u201d \u00e8 una fregata missilistica specializzata nella lotta antisommergibile. L&#8217;unit\u00e0 \u00e8 intitolata all&#8217;Arma dei Carabinieri ed \u00e8 stata varata a La Spezia nel [&hellip;]","protected":false},"author":4,"featured_media":4128,"comment_status":"closed","ping_status":"closed","sticky":false,"template":"","format":"standard","meta":{"footnotes":""},"tags":[],"class_list":["post-4114","post","type-post","status-publish","format-standard","has-post-thumbnail","hentry"],"_links":{"self":[{"href":"https:\/\/amboslo.esteri.it\/it\/wp-json\/wp\/v2\/posts\/4114","targetHints":{"allow":["GET"]}}],"collection":[{"href":"https:\/\/amboslo.esteri.it\/it\/wp-json\/wp\/v2\/posts"}],"about":[{"href":"https:\/\/amboslo.esteri.it\/it\/wp-json\/wp\/v2\/types\/post"}],"author":[{"embeddable":true,"href":"https:\/\/amboslo.esteri.it\/it\/wp-json\/wp\/v2\/users\/4"}],"replies":[{"embeddable":true,"href":"https:\/\/amboslo.esteri.it\/it\/wp-json\/wp\/v2\/comments?post=4114"}],"version-history":[{"count":5,"href":"https:\/\/amboslo.esteri.it\/it\/wp-json\/wp\/v2\/posts\/4114\/revisions"}],"predecessor-version":[{"id":4125,"href":"https:\/\/amboslo.esteri.it\/it\/wp-json\/wp\/v2\/posts\/4114\/revisions\/4125"}],"wp:featuredmedia":[{"embeddable":true,"href":"https:\/\/amboslo.esteri.it\/it\/wp-json\/wp\/v2\/media\/4128"}],"wp:attachment":[{"href":"https:\/\/amboslo.esteri.it\/it\/wp-json\/wp\/v2\/media?parent=4114"}],"wp:term":[{"taxonomy":"post_tag","embeddable":true,"href":"https:\/\/amboslo.esteri.it\/it\/wp-json\/wp\/v2\/tags?post=4114"}],"curies":[{"name":"wp","href":"https:\/\/api.w.org\/{rel}","templated":true}]}}