{"id":4432,"date":"2024-12-30T12:20:35","date_gmt":"2024-12-30T11:20:35","guid":{"rendered":"https:\/\/amboslo.esteri.it\/?p=4432"},"modified":"2025-02-07T09:59:26","modified_gmt":"2025-02-07T08:59:26","slug":"condizioni-climatiche-avverse-nel-nord-della-norvegia","status":"publish","type":"post","link":"https:\/\/amboslo.esteri.it\/it\/news\/dall_ambasciata\/2024\/12\/condizioni-climatiche-avverse-nel-nord-della-norvegia\/","title":{"rendered":"Condizioni climatiche avverse e pericolo valanghe nelle zone a ovest e nord-ovest della Norvegia. Rischio di valanghe, inondazioni e eruzioni vulcaniche in Islanda"},"content":{"rendered":"<p><strong>NORVEGIA:<\/strong><\/p>\n<p>Le Autorit\u00e0 locali hanno emesso allerta arancione per il <strong>rischio di valanghe<\/strong> nelle zone a ovest e a\u00a0 nord-ovest della Norvegia.<\/p>\n<p>A causa dell&#8217;aumento delle temperature, della neve e del vento esiste il rischio di <strong>frane, inondazioni e smottamenti,<\/strong> lungo tutta la costa occidentale e nordoccidentale del Paese.<\/p>\n<p>Si raccomanda, a tutti i connazionali eventualmente presenti in quelle aree, di esercitare la massima prudenza e di controllare i bollettini meteo, prima di effettuare qualunque tipo di escursione, attivit\u00e0 di sci alpinismo o spostamento, visitando il sito \u201cVarsom\u201d <a href=\"https:\/\/www.varsom.no\/en\/\" target=\"_blank\" rel=\"noopener\">https:\/\/www.varsom.no\/en\/<\/a>, disponibile anche come applicazione su App Store e Google Play, che fornisce indicazioni e consigli sui comportamenti pi\u00f9 corretti da osservare, in tema di sicurezza in montagna.<\/p>\n<p>Per informazioni sulla viabilit\u00e0 stradale\/ informazioni sul traffico ed eventuali segnalazioni di interruzioni per la tratta scelta, si veda <a href=\"https:\/\/www.vegvesen.no\/trafikk\">https:\/\/www.vegvesen.no\/trafikk#<\/a>; \u00a0<a href=\"https:\/\/www.banenor.no\/reise-og-trafikk\/trafikkmeldinger\/\" target=\"_blank\" rel=\"noopener\">https:\/\/www.banenor.no\/reise-og-trafikk\/trafikkmeldinger\/<\/a> per informazioni sulla viabilit\u00e0 ferroviaria.<\/p>\n<p>Per informazioni sulla operativit\u00e0 dei voli (alcuni dei quali stanno subendo ritardi e\/o cancellazioni), si consiglia di verificare con la Compagnia Aerea e sul sito degli aeroporti in Norvegia: <a href=\"https:\/\/avinor.no\/en\/\" target=\"_blank\" rel=\"noopener\">https:\/\/avinor.no\/en\/<\/a><\/p>\n<p><strong>ISLANDA:<\/strong><\/p>\n<p>Dopo l\u2019ultima eruzione, iniziata il 20 novembre 2024 a sud di St\u00f3ra-sk\u00f3gafell, considerata conclusa dalle Autorit\u00e0 islandesi, continua il regolare e costante monitoraggio da parte degli enti competenti, in particolare rispetto al sollevamento del terreno nell\u2019area di Svartsengi e all\u2019accumulo di magma, il cui aumento, qualora significativo, potrebbe portare a nuovi <strong>fenomeni eruttivi<\/strong>.<\/p>\n<p><strong>Dighe di ghiaccio<\/strong> si sono formate nei fiumi un po\u2019 su tutto il territorio dell\u2019Islanda, con possibili inondazioni.<\/p>\n<p>Rischio elevato di <strong>valanghe<\/strong> viene segnalato per la zona nord dei fiordi dell\u2019ovest.<\/p>\n<p>Si raccomanda di evitare le zone interdette e di effettuare un costante monitoraggio delle informazioni fornite dalle Autorit\u00e0 locali sul sito\/App <a href=\"http:\/\/www.safetravel.is\" target=\"_blank\" rel=\"noopener\">www.safetravel.is<\/a>, sul sito della Protezione Civile islandese <a href=\"http:\/\/www.almannavarnir.is\/english\/\" target=\"_blank\" rel=\"noopener\">http:\/\/www.almannavarnir.is\/english\/<\/a> e sul sito dedicato al monitoraggio dei vulcani <a href=\"https:\/\/icelandicvolcanos.is\/\" target=\"_blank\" rel=\"noopener\">https:\/\/icelandicvolcanos.is\/<\/a><\/p>\n<p>Si consiglia, inoltre, di tenersi sempre informati, anche attraverso i media, sulle condizioni meteo (<a href=\"http:\/\/en.vedur.is\/\" target=\"_blank\" rel=\"noopener\">http:\/\/en.vedur.is\/<\/a>) e stradali (<a href=\"https:\/\/www.vegagerdin.is\/en\" target=\"_blank\" rel=\"noopener\">https:\/\/www.vegagerdin.is\/en<\/a>; <a href=\"https:\/\/umferdin.is\/en\">https:\/\/umferdin.is\/en<\/a>) e di attenersi, durante la propria permanenza, alle misure impartite dalle Autorit\u00e0 locali.<\/p>\n<p>Per eventuali informazioni sullo stato del proprio volo, si invita a verificare con le Compagnie Aeree di riferimento: gli aggiornamenti sono disponibili anche sul sito dell\u2019Aeroporto internazionale di Keflavik: <a href=\"https:\/\/www.isavia.is\/en\/keflavik-airport\" target=\"_blank\" rel=\"noopener\">https:\/\/www.isavia.is\/en\/keflavik-airport<\/a><\/p>\n<p>Si raccomanda, a tutti i connazionali, di segnalare il proprio viaggio, registandosi \u00a0sul sito Dove Siamo nel mondo <a href=\"https:\/\/www.dovesiamonelmondo.it\/home.html\" target=\"_blank\" rel=\"noopener\">https:\/\/www.dovesiamonelmondo.it\/home.html<\/a> o scaricando la App &#8220;ViaggiareSicuri&#8221;.<\/p>\n","protected":false},"excerpt":{"rendered":"NORVEGIA: Le Autorit\u00e0 locali hanno emesso allerta arancione per il rischio di valanghe nelle zone a ovest e a\u00a0 nord-ovest della Norvegia. A causa dell&#8217;aumento delle temperature, della neve e del vento esiste il rischio di frane, inondazioni e smottamenti, lungo tutta la costa occidentale e nordoccidentale del Paese. Si raccomanda, a tutti i connazionali [&hellip;]","protected":false},"author":4,"featured_media":4617,"comment_status":"closed","ping_status":"closed","sticky":false,"template":"","format":"standard","meta":{"footnotes":""},"tags":[],"class_list":["post-4432","post","type-post","status-publish","format-standard","has-post-thumbnail","hentry"],"_links":{"self":[{"href":"https:\/\/amboslo.esteri.it\/it\/wp-json\/wp\/v2\/posts\/4432","targetHints":{"allow":["GET"]}}],"collection":[{"href":"https:\/\/amboslo.esteri.it\/it\/wp-json\/wp\/v2\/posts"}],"about":[{"href":"https:\/\/amboslo.esteri.it\/it\/wp-json\/wp\/v2\/types\/post"}],"author":[{"embeddable":true,"href":"https:\/\/amboslo.esteri.it\/it\/wp-json\/wp\/v2\/users\/4"}],"replies":[{"embeddable":true,"href":"https:\/\/amboslo.esteri.it\/it\/wp-json\/wp\/v2\/comments?post=4432"}],"version-history":[{"count":6,"href":"https:\/\/amboslo.esteri.it\/it\/wp-json\/wp\/v2\/posts\/4432\/revisions"}],"predecessor-version":[{"id":4619,"href":"https:\/\/amboslo.esteri.it\/it\/wp-json\/wp\/v2\/posts\/4432\/revisions\/4619"}],"wp:featuredmedia":[{"embeddable":true,"href":"https:\/\/amboslo.esteri.it\/it\/wp-json\/wp\/v2\/media\/4617"}],"wp:attachment":[{"href":"https:\/\/amboslo.esteri.it\/it\/wp-json\/wp\/v2\/media?parent=4432"}],"wp:term":[{"taxonomy":"post_tag","embeddable":true,"href":"https:\/\/amboslo.esteri.it\/it\/wp-json\/wp\/v2\/tags?post=4432"}],"curies":[{"name":"wp","href":"https:\/\/api.w.org\/{rel}","templated":true}]}}