{"id":4866,"date":"2025-04-01T15:40:37","date_gmt":"2025-04-01T13:40:37","guid":{"rendered":"https:\/\/amboslo.esteri.it\/?p=4866"},"modified":"2025-04-11T10:53:24","modified_gmt":"2025-04-11T08:53:24","slug":"islanda-eruzione-vulcanica-nella-penisola-di-reykjanes","status":"publish","type":"post","link":"https:\/\/amboslo.esteri.it\/it\/news\/dall_ambasciata\/2025\/04\/islanda-eruzione-vulcanica-nella-penisola-di-reykjanes\/","title":{"rendered":"ISLANDA: eruzione vulcanica nella penisola di Reykjanes"},"content":{"rendered":"<p>Una nuova eruzione vulcanica \u00e9 in corso nella zona intorno al cratere di Sundhn\u00faks nella penisola di Reykjanes, vicino alla citt\u00e0 Grindav\u00edk, nell\u2019area gi\u00e0 interessata dai fenomeni eruttivi dei mesi scorsi. La fessura eruttiva si sta muovendo in direzione sud verso Grindav\u00edk, dove \u00e8 in corso l\u2019evacuazione degli abitanti.<\/p>\n<p>La citt\u00e0 di Grindav\u00edk,\u00a0la zona e le strade limitrofe sono state chiuse. Il sito turistico della Blue Lagoon \u00e8 stato evacuato e chiuso temporaneamente in via precauzionale.<br \/>\nA causa del vento, i gas inquinanti generati dall\u2019eruzione potrebbero diffondersi anche nella capitale Reykjav\u00edk.<\/p>\n<p>Si raccomanda di evitare le zone interdette e di effettuare un costante monitoraggio delle informazioni disponibili ai viaggiatori e residenti fornite dalle Autorit\u00e0 locali sul sito\/app\u00a0<a href=\"http:\/\/www.safetravel.is\/\" target=\"_blank\" rel=\"noopener\">www.safetravel.is<\/a>, sul sito della Protezione Civile islandese\u00a0<a href=\"http:\/\/www.almannavarnir.is\/english\/\" target=\"_blank\" rel=\"noopener\">http:\/\/www.almannavarnir.is\/english\/<\/a>\u00a0e sul sito dedicato al monitoraggio dei vulcani:\u00a0<a href=\"https:\/\/icelandicvolcanos.is\/\" target=\"_blank\" rel=\"noopener\">https:\/\/icelandicvolcanos.is\/<\/a><br \/>\nSi consiglia inoltre di tenersi sempre informati, anche attraverso i media, sulla situazione meteorologica (<a href=\"http:\/\/en.vedur.is\/\" target=\"_blank\" rel=\"noopener\">http:\/\/en.vedur.is\/<\/a>) e stradale (<a href=\"https:\/\/www.vegagerdin.is\/en\" target=\"_blank\" rel=\"noopener\">https:\/\/www.vegagerdin.is\/en<\/a>;\u00a0<a href=\"https:\/\/umferdin.is\/en\">https:\/\/umferdin.is\/en<\/a>) e di attenersi alle misure impartite dalle Autorit\u00e0 locali.<br \/>\nPer eventuali informazioni sullo stato del proprio volo, si invita a verificare con le Compagnie Aeree di riferimento. Aggiornamenti sono disponibili anche sul sito dell\u2019Aeroporto internazionale di Keflavik:\u00a0<a href=\"https:\/\/www.isavia.is\/en\/keflavik-airport\" target=\"_blank\" rel=\"noopener\">https:\/\/www.isavia.is\/en\/keflavik-airport<\/a><br \/>\nSi raccomanda a tutti i connazionali di segnalare il proprio viaggio in Islanda registrandosi sul sito Dove Siamo nel mondo\u00a0<a href=\"https:\/\/www.dovesiamonelmondo.it\/home.html\" target=\"_blank\" rel=\"noopener\">https:\/\/www.dovesiamonelmondo.it\/home.html<\/a>\u00a0oppure scaricando la App Viaggiare Sicuri con geo-localizzazione attiva.<\/p>\n","protected":false},"excerpt":{"rendered":"Una nuova eruzione vulcanica \u00e9 in corso nella zona intorno al cratere di Sundhn\u00faks nella penisola di Reykjanes, vicino alla citt\u00e0 Grindav\u00edk, nell\u2019area gi\u00e0 interessata dai fenomeni eruttivi dei mesi scorsi. La fessura eruttiva si sta muovendo in direzione sud verso Grindav\u00edk, dove \u00e8 in corso l\u2019evacuazione degli abitanti. La citt\u00e0 di Grindav\u00edk,\u00a0la zona e [&hellip;]","protected":false},"author":4,"featured_media":4868,"comment_status":"closed","ping_status":"closed","sticky":false,"template":"","format":"standard","meta":{"footnotes":""},"tags":[],"class_list":["post-4866","post","type-post","status-publish","format-standard","has-post-thumbnail","hentry"],"_links":{"self":[{"href":"https:\/\/amboslo.esteri.it\/it\/wp-json\/wp\/v2\/posts\/4866","targetHints":{"allow":["GET"]}}],"collection":[{"href":"https:\/\/amboslo.esteri.it\/it\/wp-json\/wp\/v2\/posts"}],"about":[{"href":"https:\/\/amboslo.esteri.it\/it\/wp-json\/wp\/v2\/types\/post"}],"author":[{"embeddable":true,"href":"https:\/\/amboslo.esteri.it\/it\/wp-json\/wp\/v2\/users\/4"}],"replies":[{"embeddable":true,"href":"https:\/\/amboslo.esteri.it\/it\/wp-json\/wp\/v2\/comments?post=4866"}],"version-history":[{"count":3,"href":"https:\/\/amboslo.esteri.it\/it\/wp-json\/wp\/v2\/posts\/4866\/revisions"}],"predecessor-version":[{"id":4914,"href":"https:\/\/amboslo.esteri.it\/it\/wp-json\/wp\/v2\/posts\/4866\/revisions\/4914"}],"wp:featuredmedia":[{"embeddable":true,"href":"https:\/\/amboslo.esteri.it\/it\/wp-json\/wp\/v2\/media\/4868"}],"wp:attachment":[{"href":"https:\/\/amboslo.esteri.it\/it\/wp-json\/wp\/v2\/media?parent=4866"}],"wp:term":[{"taxonomy":"post_tag","embeddable":true,"href":"https:\/\/amboslo.esteri.it\/it\/wp-json\/wp\/v2\/tags?post=4866"}],"curies":[{"name":"wp","href":"https:\/\/api.w.org\/{rel}","templated":true}]}}