{"id":5198,"date":"2025-05-23T15:41:30","date_gmt":"2025-05-23T13:41:30","guid":{"rendered":"https:\/\/amboslo.esteri.it\/?p=5198"},"modified":"2025-05-23T15:47:10","modified_gmt":"2025-05-23T13:47:10","slug":"missione-dellambasciatore-nicoletti-a-bergen-e-sotra","status":"publish","type":"post","link":"https:\/\/amboslo.esteri.it\/it\/news\/dall_ambasciata\/2025\/05\/missione-dellambasciatore-nicoletti-a-bergen-e-sotra\/","title":{"rendered":"Missione dell&#8217;Ambasciatore Nicoletti a Bergen e Sotra"},"content":{"rendered":"<div dir=\"auto\">L&#8217;Ambasciatore d&#8217;Italia a Oslo, Stefano Nicoletti, era presente il 22 maggio al Festival Internazionale della Musica di Bergen, il pi\u00f9 grande festival di musica e arti performative della Scandinavia <span class=\"html-span xexx8yu x4uap5 x18d9i69 xkhd6sd x1hl2dhg x16tdsg8 x1vvkbs x3nfvp2 x1j61x8r x1fcty0u xdj266r xat24cr xgzva0m xhhsvwb xxymvpz xlup9mm x1kky2od\"><img loading=\"lazy\" decoding=\"async\" class=\"xz74otr x168nmei x13lgxp2 x5pf9jr xo71vjh\" src=\"https:\/\/static.xx.fbcdn.net\/images\/emoji.php\/v9\/tcc\/1\/16\/1f3bc.png\" alt=\"\ud83c\udfbc\" width=\"16\" height=\"16\" \/><\/span>. In programma vi era anche un brano del compositore italiano Luciano Berio. Anche un pianista italiano, Francesco Piemontesi, si esibir\u00e0 al Festival il 30 maggio <span class=\"html-span xexx8yu x4uap5 x18d9i69 xkhd6sd x1hl2dhg x16tdsg8 x1vvkbs x3nfvp2 x1j61x8r x1fcty0u xdj266r xat24cr xgzva0m xhhsvwb xxymvpz xlup9mm x1kky2od\"><img loading=\"lazy\" decoding=\"async\" class=\"xz74otr x168nmei x13lgxp2 x5pf9jr xo71vjh\" src=\"https:\/\/static.xx.fbcdn.net\/images\/emoji.php\/v9\/ta2\/1\/16\/1f3b9.png\" alt=\"\ud83c\udfb9\" width=\"16\" height=\"16\" \/><\/span> .<\/div>\n<div dir=\"auto\"><\/div>\n<div dir=\"auto\">L&#8217;Ambasciatore Nicoletti ha partecipato inoltre ad un incontro alla Camera di Commercio di Bergen con la Sindaca di Bergen Marit Warncke e il Direttore Artistico dei Festpillene i Bergen, Lars Petter Hagen. Il Bergen N\u00e6ringsr\u00e5d raggruppa circa 1500 aziende della regione che impiegano circa 150.000 addetti. Il Vestland \u00e8 la contea con il pi\u00f9 ampio export in Norvegia. Importanti per la regione sono il progetto Northern Lights per lo stoccaggio della CO2 e la decarbonizzazione del traffico marittimo e l&#8217;elettrificazione del porto di Bergen. <span class=\"html-span xexx8yu x4uap5 x18d9i69 xkhd6sd x1hl2dhg x16tdsg8 x1vvkbs x3nfvp2 x1j61x8r x1fcty0u xdj266r xat24cr xgzva0m xhhsvwb xxymvpz xlup9mm x1kky2od\"><img loading=\"lazy\" decoding=\"async\" class=\"xz74otr x168nmei x13lgxp2 x5pf9jr xo71vjh\" src=\"https:\/\/static.xx.fbcdn.net\/images\/emoji.php\/v9\/tdb\/1\/16\/1f6f3.png\" alt=\"\ud83d\udef3\" width=\"16\" height=\"16\" \/><\/span><\/div>\n<div dir=\"auto\">\n<p>L&#8217;Ambasciatore Nicoletti ha inoltre fatto visita al cantiere del progetto Sotra Link in cui \u00e8 impegnato un consorzio costituito fra l&#8217;italiana Webuild Group,sul fiordo fra Bergen e Sotra. Il progetto sar\u00e0 terminato nel 2027. Il completamento del progetto consentir\u00e0 di migliorare la viabilit\u00e0 fra Bergen e i centri limitrofi.<\/p>\n<\/div>\n<div dir=\"auto\"><img loading=\"lazy\" decoding=\"async\" class=\"alignnone size-medium wp-image-5213 img-fluid\" src=\"https:\/\/amboslo.esteri.it\/wp-content\/uploads\/2025\/05\/Sindaca-di-Bergen-Warncke-169x300.jpg\" alt=\"\" width=\"169\" height=\"300\" srcset=\"https:\/\/amboslo.esteri.it\/wp-content\/uploads\/2025\/05\/Sindaca-di-Bergen-Warncke-169x300.jpg 169w, https:\/\/amboslo.esteri.it\/wp-content\/uploads\/2025\/05\/Sindaca-di-Bergen-Warncke-577x1024.jpg 577w, https:\/\/amboslo.esteri.it\/wp-content\/uploads\/2025\/05\/Sindaca-di-Bergen-Warncke-768x1364.jpg 768w, https:\/\/amboslo.esteri.it\/wp-content\/uploads\/2025\/05\/Sindaca-di-Bergen-Warncke.jpg 1153w\" sizes=\"auto, (max-width: 169px) 100vw, 169px\" \/><\/p>\n<\/div>\n<div dir=\"auto\"><img loading=\"lazy\" decoding=\"async\" class=\"alignnone size-medium wp-image-5221 img-fluid\" src=\"https:\/\/amboslo.esteri.it\/wp-content\/uploads\/2025\/05\/SotraLink3-300x171.jpg\" alt=\"\" width=\"300\" height=\"171\" srcset=\"https:\/\/amboslo.esteri.it\/wp-content\/uploads\/2025\/05\/SotraLink3-300x171.jpg 300w, https:\/\/amboslo.esteri.it\/wp-content\/uploads\/2025\/05\/SotraLink3-1024x583.jpg 1024w, https:\/\/amboslo.esteri.it\/wp-content\/uploads\/2025\/05\/SotraLink3-768x437.jpg 768w, https:\/\/amboslo.esteri.it\/wp-content\/uploads\/2025\/05\/SotraLink3.jpg 1920w\" sizes=\"auto, (max-width: 300px) 100vw, 300px\" \/><\/p>\n<\/div>\n<div dir=\"auto\"><img loading=\"lazy\" decoding=\"async\" class=\"alignnone size-medium wp-image-5214 img-fluid\" src=\"https:\/\/amboslo.esteri.it\/wp-content\/uploads\/2025\/05\/Sotra1-174x300.jpg\" alt=\"\" width=\"174\" height=\"300\" srcset=\"https:\/\/amboslo.esteri.it\/wp-content\/uploads\/2025\/05\/Sotra1-174x300.jpg 174w, https:\/\/amboslo.esteri.it\/wp-content\/uploads\/2025\/05\/Sotra1-595x1024.jpg 595w, https:\/\/amboslo.esteri.it\/wp-content\/uploads\/2025\/05\/Sotra1-768x1322.jpg 768w, https:\/\/amboslo.esteri.it\/wp-content\/uploads\/2025\/05\/Sotra1.jpg 1190w\" sizes=\"auto, (max-width: 174px) 100vw, 174px\" \/><\/p>\n<\/div>\n<div dir=\"auto\"><\/div>\n<div dir=\"auto\"><\/div>\n<div dir=\"auto\"><img loading=\"lazy\" decoding=\"async\" class=\"alignnone size-medium wp-image-5215 img-fluid\" src=\"https:\/\/amboslo.esteri.it\/wp-content\/uploads\/2025\/05\/Sotra2-224x300.jpg\" alt=\"\" width=\"224\" height=\"300\" srcset=\"https:\/\/amboslo.esteri.it\/wp-content\/uploads\/2025\/05\/Sotra2-224x300.jpg 224w, https:\/\/amboslo.esteri.it\/wp-content\/uploads\/2025\/05\/Sotra2-763x1024.jpg 763w, https:\/\/amboslo.esteri.it\/wp-content\/uploads\/2025\/05\/Sotra2-768x1031.jpg 768w, https:\/\/amboslo.esteri.it\/wp-content\/uploads\/2025\/05\/Sotra2.jpg 1526w\" sizes=\"auto, (max-width: 224px) 100vw, 224px\" \/><\/p>\n<\/div>\n<div dir=\"auto\"><\/div>\n<div dir=\"auto\"><\/div>\n<div dir=\"auto\"><\/div>\n<div dir=\"auto\">\u00a0 \u00a0<img loading=\"lazy\" decoding=\"async\" class=\"alignnone size-medium wp-image-5201 img-fluid\" src=\"https:\/\/amboslo.esteri.it\/wp-content\/uploads\/2025\/05\/SotraLink6-300x169.jpg\" alt=\"\" width=\"300\" height=\"169\" srcset=\"https:\/\/amboslo.esteri.it\/wp-content\/uploads\/2025\/05\/SotraLink6-300x169.jpg 300w, https:\/\/amboslo.esteri.it\/wp-content\/uploads\/2025\/05\/SotraLink6-1024x576.jpg 1024w, https:\/\/amboslo.esteri.it\/wp-content\/uploads\/2025\/05\/SotraLink6-768x432.jpg 768w, https:\/\/amboslo.esteri.it\/wp-content\/uploads\/2025\/05\/SotraLink6.jpg 1920w\" sizes=\"auto, (max-width: 300px) 100vw, 300px\" \/><\/p>\n<\/div>\n","protected":false},"excerpt":{"rendered":"L&#8217;Ambasciatore d&#8217;Italia a Oslo, Stefano Nicoletti, era presente il 22 maggio al Festival Internazionale della Musica di Bergen, il pi\u00f9 grande festival di musica e arti performative della Scandinavia . In programma vi era anche un brano del compositore italiano Luciano Berio. Anche un pianista italiano, Francesco Piemontesi, si esibir\u00e0 al Festival il 30 maggio [&hellip;]","protected":false},"author":4,"featured_media":5203,"comment_status":"closed","ping_status":"closed","sticky":false,"template":"","format":"standard","meta":{"footnotes":""},"tags":[],"class_list":["post-5198","post","type-post","status-publish","format-standard","has-post-thumbnail","hentry"],"_links":{"self":[{"href":"https:\/\/amboslo.esteri.it\/it\/wp-json\/wp\/v2\/posts\/5198","targetHints":{"allow":["GET"]}}],"collection":[{"href":"https:\/\/amboslo.esteri.it\/it\/wp-json\/wp\/v2\/posts"}],"about":[{"href":"https:\/\/amboslo.esteri.it\/it\/wp-json\/wp\/v2\/types\/post"}],"author":[{"embeddable":true,"href":"https:\/\/amboslo.esteri.it\/it\/wp-json\/wp\/v2\/users\/4"}],"replies":[{"embeddable":true,"href":"https:\/\/amboslo.esteri.it\/it\/wp-json\/wp\/v2\/comments?post=5198"}],"version-history":[{"count":6,"href":"https:\/\/amboslo.esteri.it\/it\/wp-json\/wp\/v2\/posts\/5198\/revisions"}],"predecessor-version":[{"id":5233,"href":"https:\/\/amboslo.esteri.it\/it\/wp-json\/wp\/v2\/posts\/5198\/revisions\/5233"}],"wp:featuredmedia":[{"embeddable":true,"href":"https:\/\/amboslo.esteri.it\/it\/wp-json\/wp\/v2\/media\/5203"}],"wp:attachment":[{"href":"https:\/\/amboslo.esteri.it\/it\/wp-json\/wp\/v2\/media?parent=5198"}],"wp:term":[{"taxonomy":"post_tag","embeddable":true,"href":"https:\/\/amboslo.esteri.it\/it\/wp-json\/wp\/v2\/tags?post=5198"}],"curies":[{"name":"wp","href":"https:\/\/api.w.org\/{rel}","templated":true}]}}