{"id":5484,"date":"2025-07-15T09:54:05","date_gmt":"2025-07-15T07:54:05","guid":{"rendered":"https:\/\/amboslo.esteri.it\/?p=5484"},"modified":"2025-07-15T09:54:51","modified_gmt":"2025-07-15T07:54:51","slug":"segui-lambasciata-sui-social-media","status":"publish","type":"post","link":"https:\/\/amboslo.esteri.it\/it\/news\/dall_ambasciata\/2025\/07\/segui-lambasciata-sui-social-media\/","title":{"rendered":"Segui l&#8217;Ambasciata sui social media!"},"content":{"rendered":"<p>L&#8217;Ambasciata d&#8217;Italia a Oslo \u00e8 molto attiva sui social media, promuovendo eventi, opportunit\u00e0 formative, gastronomia, imprenditorialit\u00e0, ricerca, bellezze naturali, cultura, arte, sport e tante altre interessanti iniziative in Italia.<\/p>\n<p>Seguici su<\/p>\n<p>Facebook: <a href=\"https:\/\/www.facebook.com\/ItalyinNORISL\" target=\"_blank\" rel=\"noopener\">@ItalyinNORISL<\/a>\u00a0\u2013 Twitter\/X:\u00a0<a href=\"https:\/\/twitter.com\/ItalyinNOR_ISL\" target=\"_blank\" rel=\"noopener\">@ItalyinNOR_ISL<\/a>\u00a0\u2013 Instagram:\u00a0<a href=\"https:\/\/www.instagram.com\/italyinnorway\/\" target=\"_blank\" rel=\"noopener\">@italyinnorway<\/a>\u00a0\u2013 Linkedin:\u00a0<a href=\"https:\/\/www.linkedin.com\/company\/71493228\/\" target=\"_blank\" rel=\"noopener\">Ambasciata d\u2019Italia a Oslo<\/a><\/p>\n","protected":false},"excerpt":{"rendered":"L&#8217;Ambasciata d&#8217;Italia a Oslo \u00e8 molto attiva sui social media, promuovendo eventi, opportunit\u00e0 formative, gastronomia, imprenditorialit\u00e0, ricerca, bellezze naturali, cultura, arte, sport e tante altre interessanti iniziative in Italia. Seguici su Facebook: @ItalyinNORISL\u00a0\u2013 Twitter\/X:\u00a0@ItalyinNOR_ISL\u00a0\u2013 Instagram:\u00a0@italyinnorway\u00a0\u2013 Linkedin:\u00a0Ambasciata d\u2019Italia a Oslo","protected":false},"author":4,"featured_media":5485,"comment_status":"closed","ping_status":"closed","sticky":false,"template":"","format":"standard","meta":{"footnotes":""},"tags":[],"class_list":["post-5484","post","type-post","status-publish","format-standard","has-post-thumbnail","hentry"],"_links":{"self":[{"href":"https:\/\/amboslo.esteri.it\/it\/wp-json\/wp\/v2\/posts\/5484","targetHints":{"allow":["GET"]}}],"collection":[{"href":"https:\/\/amboslo.esteri.it\/it\/wp-json\/wp\/v2\/posts"}],"about":[{"href":"https:\/\/amboslo.esteri.it\/it\/wp-json\/wp\/v2\/types\/post"}],"author":[{"embeddable":true,"href":"https:\/\/amboslo.esteri.it\/it\/wp-json\/wp\/v2\/users\/4"}],"replies":[{"embeddable":true,"href":"https:\/\/amboslo.esteri.it\/it\/wp-json\/wp\/v2\/comments?post=5484"}],"version-history":[{"count":1,"href":"https:\/\/amboslo.esteri.it\/it\/wp-json\/wp\/v2\/posts\/5484\/revisions"}],"predecessor-version":[{"id":5486,"href":"https:\/\/amboslo.esteri.it\/it\/wp-json\/wp\/v2\/posts\/5484\/revisions\/5486"}],"wp:featuredmedia":[{"embeddable":true,"href":"https:\/\/amboslo.esteri.it\/it\/wp-json\/wp\/v2\/media\/5485"}],"wp:attachment":[{"href":"https:\/\/amboslo.esteri.it\/it\/wp-json\/wp\/v2\/media?parent=5484"}],"wp:term":[{"taxonomy":"post_tag","embeddable":true,"href":"https:\/\/amboslo.esteri.it\/it\/wp-json\/wp\/v2\/tags?post=5484"}],"curies":[{"name":"wp","href":"https:\/\/api.w.org\/{rel}","templated":true}]}}