{"id":5522,"date":"2025-07-16T12:56:43","date_gmt":"2025-07-16T10:56:43","guid":{"rendered":"https:\/\/amboslo.esteri.it\/?p=5522"},"modified":"2025-08-11T10:54:05","modified_gmt":"2025-08-11T08:54:05","slug":"islanda-eruzione-vulcanica-e-innalzamento-del-livello-dei-fiumi","status":"publish","type":"post","link":"https:\/\/amboslo.esteri.it\/it\/news\/dall_ambasciata\/2025\/07\/islanda-eruzione-vulcanica-e-innalzamento-del-livello-dei-fiumi\/","title":{"rendered":"Islanda: Eruzione vulcanica e innalzamento del livello dei fiumi"},"content":{"rendered":"<p>Una <strong>nuova eruzione<\/strong> (la nona dall\u2019inizio dal dicembre 2023) \u00e8 in corso nella zona intorno al cratere di Sundhn\u00fakar <strong>nella penisola di Reykjanes<\/strong>, vicino alla citt\u00e0 Grindav\u00edk. La fessura \u00e8 lunga circa 700 metri e la lava si muove principalmente in direzione sud-est.<\/p>\n<p>I siti turistici della <strong>Blue Lagoon e del campeggio di Grindav\u00edk<\/strong> sono stati evacuati a titolo precauzionale.<\/p>\n<p>A causa del vento, i <strong>gas inquinanti<\/strong> generati dall\u2019eruzione potrebbero diffondersi a Reykjanesb\u00e6r, Vogar, Sandger\u00f0i and Gar\u00f0ur.<\/p>\n<p>Le Autorit\u00e0 islandesi hanno inoltre segnalato che le elevate temperature degli ultimi giorni hanno causato un aumento della portata dei corsi d\u2019acqua, in particolare nelle zone degli altopiani. Consigliano, pertanto, di <strong>prestare attenzione alle condizioni delle strade prima di mettersi in viaggio<\/strong>.<\/p>\n<p>Si raccomanda di evitare le zone interdette e di <strong>effettuare un costante monitoraggio delle informazioni disponibili ai viaggiatori e residenti<\/strong> fornite dalle Autorit\u00e0 locali sul sito\/app <a href=\"http:\/\/www.safetravel.is\">www.safetravel.is<\/a>, sul sito della Protezione Civile islandese <a href=\"http:\/\/www.almannavarnir.is\/english\/\" target=\"_blank\" rel=\"noopener\">http:\/\/www.almannavarnir.is\/english\/<\/a> e sul sito dedicato al monitoraggio dei vulcani: <a href=\"https:\/\/icelandicvolcanos.is\/\" target=\"_blank\" rel=\"noopener\">https:\/\/icelandicvolcanos.is\/<\/a> Si consiglia inoltre di <strong>tenersi sempre informati, anche attraverso i media, sulla situazione meteorologica<\/strong> (<a href=\"http:\/\/en.vedur.is\/\" target=\"_blank\" rel=\"noopener\">http:\/\/en.vedur.is\/<\/a>) e stradale (<a href=\"https:\/\/www.vegagerdin.is\/en\" target=\"_blank\" rel=\"noopener\">https:\/\/www.vegagerdin.is\/en<\/a>; <a href=\"https:\/\/umferdin.is\/en\" target=\"_blank\" rel=\"noopener\">https:\/\/umferdin.is\/en<\/a>) e di attenersi sempre, durante la propria permanenza, alle misure impartite dalle Autorit\u00e0 locali.<\/p>\n<p>Per eventuali informazioni sullo stato del proprio volo, si invita a <strong>verificare con le Compagnie Aeree di riferimento<\/strong>. Aggiornamenti sono disponibili anche sul sito dell\u2019Aeroporto internazionale di Keflavik: <a href=\"https:\/\/www.isavia.is\/en\/keflavik-airport\" target=\"_blank\" rel=\"noopener\">https:\/\/www.isavia.is\/en\/keflavik-airport<\/a><\/p>\n<p>Si raccomanda a tutti i connazionali di segnalare il proprio viaggio in Islanda registrandosi sul sito <strong>Dove Siamo nel mondo<\/strong>: <a href=\"https:\/\/www.dovesiamonelmondo.it\/home.html\" target=\"_blank\" rel=\"noopener\">https:\/\/www.dovesiamonelmondo.it\/home.html<\/a><\/p>\n","protected":false},"excerpt":{"rendered":"Una nuova eruzione (la nona dall\u2019inizio dal dicembre 2023) \u00e8 in corso nella zona intorno al cratere di Sundhn\u00fakar nella penisola di Reykjanes, vicino alla citt\u00e0 Grindav\u00edk. La fessura \u00e8 lunga circa 700 metri e la lava si muove principalmente in direzione sud-est. I siti turistici della Blue Lagoon e del campeggio di Grindav\u00edk sono [&hellip;]","protected":false},"author":4,"featured_media":5524,"comment_status":"closed","ping_status":"closed","sticky":false,"template":"","format":"standard","meta":{"footnotes":""},"tags":[],"class_list":["post-5522","post","type-post","status-publish","format-standard","has-post-thumbnail","hentry"],"_links":{"self":[{"href":"https:\/\/amboslo.esteri.it\/it\/wp-json\/wp\/v2\/posts\/5522","targetHints":{"allow":["GET"]}}],"collection":[{"href":"https:\/\/amboslo.esteri.it\/it\/wp-json\/wp\/v2\/posts"}],"about":[{"href":"https:\/\/amboslo.esteri.it\/it\/wp-json\/wp\/v2\/types\/post"}],"author":[{"embeddable":true,"href":"https:\/\/amboslo.esteri.it\/it\/wp-json\/wp\/v2\/users\/4"}],"replies":[{"embeddable":true,"href":"https:\/\/amboslo.esteri.it\/it\/wp-json\/wp\/v2\/comments?post=5522"}],"version-history":[{"count":3,"href":"https:\/\/amboslo.esteri.it\/it\/wp-json\/wp\/v2\/posts\/5522\/revisions"}],"predecessor-version":[{"id":5535,"href":"https:\/\/amboslo.esteri.it\/it\/wp-json\/wp\/v2\/posts\/5522\/revisions\/5535"}],"wp:featuredmedia":[{"embeddable":true,"href":"https:\/\/amboslo.esteri.it\/it\/wp-json\/wp\/v2\/media\/5524"}],"wp:attachment":[{"href":"https:\/\/amboslo.esteri.it\/it\/wp-json\/wp\/v2\/media?parent=5522"}],"wp:term":[{"taxonomy":"post_tag","embeddable":true,"href":"https:\/\/amboslo.esteri.it\/it\/wp-json\/wp\/v2\/tags?post=5522"}],"curies":[{"name":"wp","href":"https:\/\/api.w.org\/{rel}","templated":true}]}}