{"id":5806,"date":"2025-09-05T15:26:23","date_gmt":"2025-09-05T13:26:23","guid":{"rendered":"https:\/\/amboslo.esteri.it\/?p=5806"},"modified":"2025-09-05T15:35:32","modified_gmt":"2025-09-05T13:35:32","slug":"norvegia-riunione-di-coordinamento-consolare-2025","status":"publish","type":"post","link":"https:\/\/amboslo.esteri.it\/it\/news\/dall_ambasciata\/2025\/09\/norvegia-riunione-di-coordinamento-consolare-2025\/","title":{"rendered":"Norvegia: Riunione di coordinamento consolare 2025"},"content":{"rendered":"<p>Il 5 settembre si \u00e8 svolta in Ambasciata ad Oslo a riunione di coordinamento dei Consoli Onorari di Norvegia e Islanda, presieduta dall\u2019Ambasciatore Stefano Nicoletti, cui hanno perso parte il Vice Console Onorario di Bergen, Andrea Magugliani, la Vice Console Onorario di Stavanger, Alessia Galfano, l\u2019Agente Consolare di Svolv\u00e6r Anniken Ellingsen Aarstein, il Vice Console Onorario di Trondheim Giuseppe Marinelli, il Vice Console Onorario di Troms\u00f8 Alessandro Belleli e la Console Generale Onorario in Islanda Rosa Bj\u00f6rg J\u00f3nsd\u00f3ttir.<\/p>\n<p>Nel corso dell\u2019incontro di coordinamento sono stati discussi una serie di aspetti riguardanti l\u2019erogazione di servizi consolari sul territorio, volti a soddisfare le crescenti richieste della comunit\u00e0 italiana in Norvegia e in Islanda che ha ormai raggiunto le 11.365 unit\u00e0 a fine 2024 (con un raddoppio intervenuto in meno di 10 anni).<\/p>\n<p>\u00c8 stata altres\u00ec illustrata ai Consoli onorari la nuova legge di cittadinanza e sono state discusse, con anche la partecipazione della Direttrice dell\u2019Istituto Italiano di Cultura di Oslo, Raffaella Giampaola, future iniziative di promozione integrata dell\u2019Ambasciata e dell\u2019Istituto Italiano di Cultura sul territorio norvegese ed islandese.<\/p>\n<p>Ad una sessione dell\u2019incontro ha preso parte anche la Presidente del Comites Norvegia e Islanda, Prof.ssa Elisabetta Cassina, che ha illustrato le iniziative da loro organizzate sui territori.<\/p>\n<p><img loading=\"lazy\" decoding=\"async\" class=\"alignnone size-medium wp-image-5809 img-fluid\" src=\"https:\/\/amboslo.esteri.it\/wp-content\/uploads\/2025\/09\/Riunione-consolare-2025_2-225x300.jpeg\" alt=\"\" width=\"225\" height=\"300\" srcset=\"https:\/\/amboslo.esteri.it\/wp-content\/uploads\/2025\/09\/Riunione-consolare-2025_2-225x300.jpeg 225w, https:\/\/amboslo.esteri.it\/wp-content\/uploads\/2025\/09\/Riunione-consolare-2025_2-768x1024.jpeg 768w, https:\/\/amboslo.esteri.it\/wp-content\/uploads\/2025\/09\/Riunione-consolare-2025_2.jpeg 1536w\" sizes=\"auto, (max-width: 225px) 100vw, 225px\" \/><\/p>\n","protected":false},"excerpt":{"rendered":"Il 5 settembre si \u00e8 svolta in Ambasciata ad Oslo a riunione di coordinamento dei Consoli Onorari di Norvegia e Islanda, presieduta dall\u2019Ambasciatore Stefano Nicoletti, cui hanno perso parte il Vice Console Onorario di Bergen, Andrea Magugliani, la Vice Console Onorario di Stavanger, Alessia Galfano, l\u2019Agente Consolare di Svolv\u00e6r Anniken Ellingsen Aarstein, il Vice Console [&hellip;]","protected":false},"author":4,"featured_media":5810,"comment_status":"closed","ping_status":"closed","sticky":false,"template":"","format":"standard","meta":{"footnotes":""},"tags":[],"class_list":["post-5806","post","type-post","status-publish","format-standard","has-post-thumbnail","hentry"],"_links":{"self":[{"href":"https:\/\/amboslo.esteri.it\/it\/wp-json\/wp\/v2\/posts\/5806","targetHints":{"allow":["GET"]}}],"collection":[{"href":"https:\/\/amboslo.esteri.it\/it\/wp-json\/wp\/v2\/posts"}],"about":[{"href":"https:\/\/amboslo.esteri.it\/it\/wp-json\/wp\/v2\/types\/post"}],"author":[{"embeddable":true,"href":"https:\/\/amboslo.esteri.it\/it\/wp-json\/wp\/v2\/users\/4"}],"replies":[{"embeddable":true,"href":"https:\/\/amboslo.esteri.it\/it\/wp-json\/wp\/v2\/comments?post=5806"}],"version-history":[{"count":2,"href":"https:\/\/amboslo.esteri.it\/it\/wp-json\/wp\/v2\/posts\/5806\/revisions"}],"predecessor-version":[{"id":5823,"href":"https:\/\/amboslo.esteri.it\/it\/wp-json\/wp\/v2\/posts\/5806\/revisions\/5823"}],"wp:featuredmedia":[{"embeddable":true,"href":"https:\/\/amboslo.esteri.it\/it\/wp-json\/wp\/v2\/media\/5810"}],"wp:attachment":[{"href":"https:\/\/amboslo.esteri.it\/it\/wp-json\/wp\/v2\/media?parent=5806"}],"wp:term":[{"taxonomy":"post_tag","embeddable":true,"href":"https:\/\/amboslo.esteri.it\/it\/wp-json\/wp\/v2\/tags?post=5806"}],"curies":[{"name":"wp","href":"https:\/\/api.w.org\/{rel}","templated":true}]}}