{"id":6757,"date":"2025-11-20T12:46:32","date_gmt":"2025-11-20T11:46:32","guid":{"rendered":"https:\/\/amboslo.esteri.it\/?p=6757"},"modified":"2025-11-27T13:15:54","modified_gmt":"2025-11-27T12:15:54","slug":"la-cucina-sarda-protagonista-della-settimana-della-cucina-italiana-nel-mondo-a-oslo","status":"publish","type":"post","link":"https:\/\/amboslo.esteri.it\/it\/news\/dall_ambasciata\/2025\/11\/la-cucina-sarda-protagonista-della-settimana-della-cucina-italiana-nel-mondo-a-oslo\/","title":{"rendered":"La cucina sarda protagonista della Settimana della Cucina Italiana nel Mondo a Oslo"},"content":{"rendered":"<p>L\u2019Ambasciata d\u2019Italia a Oslo ha scelto quest&#8217;anno, nell\u2019ambito della Settimana della Cucina Italiana nel Mondo (SCIM), di presentare al pubblico norvegese la tradizione enogastronomica sarda in collaborazione con la Camera di Commercio del nuorese e l\u2019Associazione A.T.I. del nuorese Canne al Vento. L\u2019edizione di quest\u2019anno della SCIM, promossa dal Ministero degli Affari Esteri e della Cooperazione Internazionale, ha come tema \u201cLa cucina italiana tra cultura, salute e innovazione\u201d.<\/p>\n<p>In questo ambito si inserisce perfettamente la tradizione alimentare sarda in quanto \u00e8 il risultato di secoli di cultura contadina e pastorale ed \u00e8 caratterizzata da un uso responsabile degli ingredienti primari locali e da un impatto ambientale ridotto. La cucina dell\u2019isola valorizza infatti il grano duro, i legumi, gli ortaggi, l\u2019olio extravergine d\u2019oliva e i prodotti caseari, insieme a pesce e carne. Allo stesso tempo, il modello alimentare sardo \u00e8 riconosciuto come uno dei pi\u00f9 sani ed equilibrati del Mediterraneo, associato alla longevit\u00e0 dell\u2019isola, una delle celebri Blue Zones del mondo. Ricette semplici, preparazioni lente e tecniche tradizionali contribuiscono ad una dieta ricca, ma povera di sprechi.<\/p>\n<p>Il 19 novembre l\u2019Ambasciata, in collaborazione con ICE Agenzia, ha accolto circa ottanta importatori di generi alimentari e gestori di ristoranti e pizzerie, tour operator nonch\u00e9 giornalisti e food blogger norvegesi ad una serata ispirata alla tradizione enogastronomica sarda. Dopo un aperitivo a base di salumi e formaggi, gli ospiti hanno avuto la possibilit\u00e0 di assistere ad una presentazione della cultura enogastronomica del territorio sardo e della vasta gamma di prodotti tipici, molti dei quali sono stati riconosciuti come Patrimonio dell&#8217;Umanit\u00e0 dall&#8217;UNESCO. Durante il seminario e&#8217; stato anche presentato l\u2019Einstein Telescope, un progetto d\u2019impatto scientifico e tecnologico di livello mondiale che l\u2019Italia \u00e8 candidata ad ospitare in Sardegna, nell\u2019area della miniera dismessa di Sos Enattos.<\/p>\n<p>La serata si e&#8217; conclusa con un cooking show ed una cena &#8211; sapientemente curata e commentata dagli Chef Chef Patrizia Moi, Antonella Floris, Daniele Lorrai e Mirko Campus &#8211; in cui hanno avuto un posto d\u2019onore prodotti come l\u2019olio extravergine d\u2019oliva, i formaggi, i salumi, la bottarga, la fregola e la pasta fatta a mano con la semola integrale di grano duro sardo &#8211; i culurgiones e le seadas.<\/p>\n<p>\u201cLa scelta di proporre ai nostri ospiti i prodotti della cucina sarda\u201d, ha commentato l\u2019Ambasciatore d\u2019Italia, Stefano Nicoletti, \u201c\u00e8 perfettamente in linea con i temi valorizzati quest\u2019anno dalla Settimana della Cucina Italiana nel Mondo e dimostra come l\u2019identit\u00e0 gastronomica regionale possa essere un potente veicolo di cultura, salute, biodiversit\u00e0 e sostenibilit\u00e0\u201d.<\/p>\n<p>Durante le giornate della SCIM 2025, i produttori sardi sbarcati ad Oslo hanno partecipato anche a numerosi incontri B2B &#8211; organizzati dall\u2019Ambasciata e da ICE Agenzia &#8211; con importatori e distributori locali di prodotti eno-agroalimentari italiani.<\/p>\n<p>Gioved\u00ec 20 novembre la SCIM 2025 si e&#8217; trasferita all\u2019Istituto Italiano di Cultura (IIC) di Oslo, dove \u00e8 stata inaugurata una mostra fotografica curata dall\u2019Istituto in collaborazione con l\u2019Istituto Superiore Regionale Etnografico (ISRE). \u201cAnche quest\u2019anno promuoviamo la cucina regionale attraverso un evento di valorizzazione territoriale integrata\u201d, ha detto la direttrice dell\u2019IIC, Raffaella Giampaola, &#8220;presentando al pubblico norvegese aspetti meno noti della famosa isola, ripercorrendo la storia antica delle \u201cDomus de Janas\u201d \u2013 le mitiche \u201cCase delle fate\u201d recentemente iscritte nelle liste del patrimonio UNESCO; parlando delle tradizioni folkloristiche, dell\u2019arte della tessitura, degli abiti tradizionali, del prezioso artigianato locale e dell\u2019importante contributo femminile nella storia della Sardegna fino ai tempi pi\u00f9 recenti con Grazia Deledda, unica scrittrice italiana ad essere stata insignita del Premio Nobel per la Letteratura\u201d.<\/p>\n<p>Ringraziamo infine della partecipazione alla SCIM 2025 le entita&#8217; aziendali e le organizzazioni sarde che hanno reso possibili queste celebrazioni e che durante gli incontri B2B hanno presentato alle realta&#8217; professionali norvegesi le loro attivita&#8217; e i loro prodotti:<\/p>\n<p>European Tours, Sensazione Sardegna, Agriturismo Guthiddai, Ipsar, Forno Carasau, Nieddittas, Norcineria Baroniese, Trip Boat Dorgali, Arvesiniadu Vini, Tenute Campianatu, Cantina Berritta, Cooperativa Pastori Dorgali, RiconnetTiamo Sardegna Infinita, Consorzio noleggiatori Cala Gonone, Imprentas B2B e Azienda Agricola di Francesca Cabras.<\/p>\n<p>l video dell&#8217;evento:<\/p>\n<p><iframe loading=\"lazy\" title=\"YouTube video player\" src=\"https:\/\/www.youtube.com\/embed\/af0JP4XPbrA?si=KVAeCGRI7-m3CeHR\" width=\"560\" height=\"315\" frameborder=\"0\" allowfullscreen=\"allowfullscreen\"><\/iframe><\/p>\n<p><img loading=\"lazy\" decoding=\"async\" class=\"alignnone size-medium wp-image-6763 img-fluid\" src=\"https:\/\/amboslo.esteri.it\/wp-content\/uploads\/2025\/11\/Ambasciatore-230x300.jpeg\" alt=\"\" width=\"230\" height=\"300\" srcset=\"https:\/\/amboslo.esteri.it\/wp-content\/uploads\/2025\/11\/Ambasciatore-230x300.jpeg 230w, https:\/\/amboslo.esteri.it\/wp-content\/uploads\/2025\/11\/Ambasciatore-785x1024.jpeg 785w, https:\/\/amboslo.esteri.it\/wp-content\/uploads\/2025\/11\/Ambasciatore-768x1002.jpeg 768w, https:\/\/amboslo.esteri.it\/wp-content\/uploads\/2025\/11\/Ambasciatore.jpeg 1570w\" sizes=\"auto, (max-width: 230px) 100vw, 230px\" \/> <img loading=\"lazy\" decoding=\"async\" class=\"alignnone size-medium wp-image-6764 img-fluid\" src=\"https:\/\/amboslo.esteri.it\/wp-content\/uploads\/2025\/11\/Antipasti-225x300.jpeg\" alt=\"\" width=\"225\" height=\"300\" srcset=\"https:\/\/amboslo.esteri.it\/wp-content\/uploads\/2025\/11\/Antipasti-225x300.jpeg 225w, https:\/\/amboslo.esteri.it\/wp-content\/uploads\/2025\/11\/Antipasti-768x1024.jpeg 768w, https:\/\/amboslo.esteri.it\/wp-content\/uploads\/2025\/11\/Antipasti.jpeg 1536w\" sizes=\"auto, (max-width: 225px) 100vw, 225px\" \/><\/p>\n<p><img loading=\"lazy\" decoding=\"async\" class=\"alignnone wp-image-6838 img-fluid\" src=\"https:\/\/amboslo.esteri.it\/wp-content\/uploads\/2025\/11\/Gruppo1-2-300x193.jpeg\" alt=\"\" width=\"466\" height=\"300\" srcset=\"https:\/\/amboslo.esteri.it\/wp-content\/uploads\/2025\/11\/Gruppo1-2-300x193.jpeg 300w, https:\/\/amboslo.esteri.it\/wp-content\/uploads\/2025\/11\/Gruppo1-2-1024x659.jpeg 1024w, https:\/\/amboslo.esteri.it\/wp-content\/uploads\/2025\/11\/Gruppo1-2-768x494.jpeg 768w, https:\/\/amboslo.esteri.it\/wp-content\/uploads\/2025\/11\/Gruppo1-2.jpeg 1920w\" sizes=\"auto, (max-width: 466px) 100vw, 466px\" \/><\/p>\n<p><img loading=\"lazy\" decoding=\"async\" class=\"alignnone wp-image-6766 img-fluid\" src=\"https:\/\/amboslo.esteri.it\/wp-content\/uploads\/2025\/11\/Antipasto2-300x225.jpeg\" alt=\"\" width=\"219\" height=\"164\" srcset=\"https:\/\/amboslo.esteri.it\/wp-content\/uploads\/2025\/11\/Antipasto2-300x225.jpeg 300w, https:\/\/amboslo.esteri.it\/wp-content\/uploads\/2025\/11\/Antipasto2-1024x768.jpeg 1024w, https:\/\/amboslo.esteri.it\/wp-content\/uploads\/2025\/11\/Antipasto2-768x576.jpeg 768w, https:\/\/amboslo.esteri.it\/wp-content\/uploads\/2025\/11\/Antipasto2.jpeg 1920w\" sizes=\"auto, (max-width: 219px) 100vw, 219px\" \/> <img loading=\"lazy\" decoding=\"async\" class=\"alignnone wp-image-6767 img-fluid\" src=\"https:\/\/amboslo.esteri.it\/wp-content\/uploads\/2025\/11\/Fregola-300x225.jpeg\" alt=\"\" width=\"219\" height=\"164\" srcset=\"https:\/\/amboslo.esteri.it\/wp-content\/uploads\/2025\/11\/Fregola-300x225.jpeg 300w, https:\/\/amboslo.esteri.it\/wp-content\/uploads\/2025\/11\/Fregola-1024x769.jpeg 1024w, https:\/\/amboslo.esteri.it\/wp-content\/uploads\/2025\/11\/Fregola-768x576.jpeg 768w, https:\/\/amboslo.esteri.it\/wp-content\/uploads\/2025\/11\/Fregola.jpeg 1920w\" sizes=\"auto, (max-width: 219px) 100vw, 219px\" \/> <img loading=\"lazy\" decoding=\"async\" class=\"alignnone  wp-image-6841 img-fluid\" src=\"https:\/\/amboslo.esteri.it\/wp-content\/uploads\/2025\/11\/Culurgiones2-300x217.jpeg\" alt=\"\" width=\"227\" height=\"164\" srcset=\"https:\/\/amboslo.esteri.it\/wp-content\/uploads\/2025\/11\/Culurgiones2-300x217.jpeg 300w, https:\/\/amboslo.esteri.it\/wp-content\/uploads\/2025\/11\/Culurgiones2-1024x742.jpeg 1024w, https:\/\/amboslo.esteri.it\/wp-content\/uploads\/2025\/11\/Culurgiones2-768x556.jpeg 768w, https:\/\/amboslo.esteri.it\/wp-content\/uploads\/2025\/11\/Culurgiones2.jpeg 1920w\" sizes=\"auto, (max-width: 227px) 100vw, 227px\" \/><\/p>\n<p>&nbsp;<\/p>\n<p><img loading=\"lazy\" decoding=\"async\" class=\"alignnone wp-image-6804 img-fluid\" src=\"https:\/\/amboslo.esteri.it\/wp-content\/uploads\/2025\/11\/SMAK-AV-ITALIA-300x225.jpeg\" alt=\"\" width=\"284\" height=\"212\" srcset=\"https:\/\/amboslo.esteri.it\/wp-content\/uploads\/2025\/11\/SMAK-AV-ITALIA-300x225.jpeg 300w, https:\/\/amboslo.esteri.it\/wp-content\/uploads\/2025\/11\/SMAK-AV-ITALIA-1024x768.jpeg 1024w, https:\/\/amboslo.esteri.it\/wp-content\/uploads\/2025\/11\/SMAK-AV-ITALIA-768x576.jpeg 768w, https:\/\/amboslo.esteri.it\/wp-content\/uploads\/2025\/11\/SMAK-AV-ITALIA.jpeg 1600w\" sizes=\"auto, (max-width: 284px) 100vw, 284px\" \/> <img loading=\"lazy\" decoding=\"async\" class=\"alignnone size-medium wp-image-6770 img-fluid\" src=\"https:\/\/amboslo.esteri.it\/wp-content\/uploads\/2025\/11\/Cucina-300x214.jpeg\" alt=\"\" width=\"300\" height=\"214\" srcset=\"https:\/\/amboslo.esteri.it\/wp-content\/uploads\/2025\/11\/Cucina-300x214.jpeg 300w, https:\/\/amboslo.esteri.it\/wp-content\/uploads\/2025\/11\/Cucina-1024x731.jpeg 1024w, https:\/\/amboslo.esteri.it\/wp-content\/uploads\/2025\/11\/Cucina-768x548.jpeg 768w, https:\/\/amboslo.esteri.it\/wp-content\/uploads\/2025\/11\/Cucina.jpeg 1920w\" sizes=\"auto, (max-width: 300px) 100vw, 300px\" \/><\/p>\n<p>&nbsp;<\/p>\n","protected":false},"excerpt":{"rendered":"L\u2019Ambasciata d\u2019Italia a Oslo ha scelto quest&#8217;anno, nell\u2019ambito della Settimana della Cucina Italiana nel Mondo (SCIM), di presentare al pubblico norvegese la tradizione enogastronomica sarda in collaborazione con la Camera di Commercio del nuorese e l\u2019Associazione A.T.I. del nuorese Canne al Vento. L\u2019edizione di quest\u2019anno della SCIM, promossa dal Ministero degli Affari Esteri e della [&hellip;]","protected":false},"author":4,"featured_media":6774,"comment_status":"closed","ping_status":"closed","sticky":false,"template":"","format":"standard","meta":{"footnotes":""},"tags":[7],"class_list":["post-6757","post","type-post","status-publish","format-standard","has-post-thumbnail","hentry","tag-diplomazia-culturale"],"_links":{"self":[{"href":"https:\/\/amboslo.esteri.it\/it\/wp-json\/wp\/v2\/posts\/6757","targetHints":{"allow":["GET"]}}],"collection":[{"href":"https:\/\/amboslo.esteri.it\/it\/wp-json\/wp\/v2\/posts"}],"about":[{"href":"https:\/\/amboslo.esteri.it\/it\/wp-json\/wp\/v2\/types\/post"}],"author":[{"embeddable":true,"href":"https:\/\/amboslo.esteri.it\/it\/wp-json\/wp\/v2\/users\/4"}],"replies":[{"embeddable":true,"href":"https:\/\/amboslo.esteri.it\/it\/wp-json\/wp\/v2\/comments?post=6757"}],"version-history":[{"count":6,"href":"https:\/\/amboslo.esteri.it\/it\/wp-json\/wp\/v2\/posts\/6757\/revisions"}],"predecessor-version":[{"id":6844,"href":"https:\/\/amboslo.esteri.it\/it\/wp-json\/wp\/v2\/posts\/6757\/revisions\/6844"}],"wp:featuredmedia":[{"embeddable":true,"href":"https:\/\/amboslo.esteri.it\/it\/wp-json\/wp\/v2\/media\/6774"}],"wp:attachment":[{"href":"https:\/\/amboslo.esteri.it\/it\/wp-json\/wp\/v2\/media?parent=6757"}],"wp:term":[{"taxonomy":"post_tag","embeddable":true,"href":"https:\/\/amboslo.esteri.it\/it\/wp-json\/wp\/v2\/tags?post=6757"}],"curies":[{"name":"wp","href":"https:\/\/api.w.org\/{rel}","templated":true}]}}