{"id":6853,"date":"2025-11-28T16:10:11","date_gmt":"2025-11-28T15:10:11","guid":{"rendered":"https:\/\/amboslo.esteri.it\/?p=6853"},"modified":"2025-11-28T16:11:24","modified_gmt":"2025-11-28T15:11:24","slug":"presentazione-della-3tre-di-madonna-di-campiglio-e-dellaudi-fis-ski-world-cup-di-kvitfjell-e-hafjell-2026","status":"publish","type":"post","link":"https:\/\/amboslo.esteri.it\/it\/news\/dall_ambasciata\/2025\/11\/presentazione-della-3tre-di-madonna-di-campiglio-e-dellaudi-fis-ski-world-cup-di-kvitfjell-e-hafjell-2026\/","title":{"rendered":"Presentazione della 3Tre di Madonna di Campiglio e dell\u2019Audi FIS Ski World Cup di Kvitfjell e Hafjell 2026"},"content":{"rendered":"<p>L\u2019Ambasciatore d\u2019Italia a Oslo, Stefano Nicoletti, ha preso parte il 27 novembre all\u2019Opera di Oslo alla presentazione ufficiale della Coppa del Mondo di Sci a Madonna di Campiglio e delle tappe norvegesi della Audi FIS Ski World Cup 2026, che si svolgeranno a Kvitfjell e Hafjell.<\/p>\n<p>Nel suo intervento di apertura, l\u2019Ambasciatore Nicoletti ha ricordato il fascino senza tempo di Madonna di Campiglio, da sempre considerata una delle localit\u00e0 sciistiche pi\u00f9 amate delle Alpi e universalmente riconosciuta come la Perla delle Dolomiti. La storica competizione 3Tre di Madonna di Campiglio continua a richiamare l\u2019\u00e9lite dello sci alpino mondiale, tanto che molti atleti la definiscono il \u201cGran Premio di Monaco degli sport invernali\u201d. Ricordando la tappa norvegese del Roadshow Internazionale del Comitato Olimpico, ospitata a Oslo lo scorso maggio, l\u2019Ambasciatore ha richiamato lo spirito competitivo che anima i prossimi Giochi Olimpici e Paralimpici di Milano Cortina 2026.La 3Tre rappresenta anche l\u2019amicizia sportiva tra Italia e Norvegia e l\u2019importanza dei Giochi come motore di crescita, sviluppo infrastrutturale e attrazione turistica.<br \/>\n\u201cLa Norvegia\u201d, ha sottolineato Nicoletti, \u201crappresenta una nazione leader negli sport invernali e incarna i valori di inclusione, sostenibilit\u00e0 e cooperazione internazionale che sono al centro del progetto Milano Cortina 2026. Vogliamo che questi Giochi lascino un\u2019eredit\u00e0 concreta non solo in Italia, ma anche nel cuore di tutti coloro che credono nel potere dello sport come strumento di unione\u201d. L\u2019Ambasciatore ha chiuso il suo intervento auspicando che il pubblico norvegese colga l\u2019occasione dei Giochi Olimpici per visitare sia Madonna di Campiglio sia Cortina e le numerose localit\u00e0 montane italiane che ospiteranno le competizioni olimpiche invernali del 2026.<\/p>\n<p>La serata \u00e8 proseguita con l\u2019intervento di David Evangelista, Responsabile Media della Coppa del Mondo FIS 3Tre Madonna di Campiglio, che ha parlato dell\u2019eredit\u00e0 della 3Tre e degli elementi di richiamo della prossima edizione dei Giochi Olimpici invernali, del Segretario Generale della FIS, Michel Vion, e di Ole Kristian Kirkerud, CEO di Hafjell-Kvitfjell Alpin, che ha esplorato le sfide passate e future della Coppa del Mondo di sci.<\/p>\n<p>La serata si \u00e8 conclusa con tre tavole rotonde, seguite dai racconti di alcune leggende dello sci norvegese: Sebastian Solev\u00e5g, Kjetil Andr\u00e9 Aamodt e Ole Christian Furuseth.<\/p>\n<p>&nbsp;<\/p>\n<p><img loading=\"lazy\" decoding=\"async\" class=\"alignnone size-medium wp-image-6861 img-fluid\" src=\"https:\/\/amboslo.esteri.it\/wp-content\/uploads\/2025\/11\/Pubblico-300x192.jpeg\" alt=\"\" width=\"300\" height=\"192\" srcset=\"https:\/\/amboslo.esteri.it\/wp-content\/uploads\/2025\/11\/Pubblico-300x192.jpeg 300w, https:\/\/amboslo.esteri.it\/wp-content\/uploads\/2025\/11\/Pubblico-1024x656.jpeg 1024w, https:\/\/amboslo.esteri.it\/wp-content\/uploads\/2025\/11\/Pubblico-768x492.jpeg 768w, https:\/\/amboslo.esteri.it\/wp-content\/uploads\/2025\/11\/Pubblico.jpeg 1889w\" sizes=\"auto, (max-width: 300px) 100vw, 300px\" \/> <img loading=\"lazy\" decoding=\"async\" class=\"alignnone wp-image-6858 img-fluid\" src=\"https:\/\/amboslo.esteri.it\/wp-content\/uploads\/2025\/11\/Panel-300x204.jpeg\" alt=\"\" width=\"281\" height=\"191\" srcset=\"https:\/\/amboslo.esteri.it\/wp-content\/uploads\/2025\/11\/Panel-300x204.jpeg 300w, https:\/\/amboslo.esteri.it\/wp-content\/uploads\/2025\/11\/Panel-1024x698.jpeg 1024w, https:\/\/amboslo.esteri.it\/wp-content\/uploads\/2025\/11\/Panel-768x523.jpeg 768w, https:\/\/amboslo.esteri.it\/wp-content\/uploads\/2025\/11\/Panel.jpeg 1683w\" sizes=\"auto, (max-width: 281px) 100vw, 281px\" \/><\/p>\n<p><img loading=\"lazy\" decoding=\"async\" class=\"alignnone wp-image-6856 img-fluid\" src=\"https:\/\/amboslo.esteri.it\/wp-content\/uploads\/2025\/11\/David-Evangelista-300x227.jpeg\" alt=\"\" width=\"342\" height=\"259\" srcset=\"https:\/\/amboslo.esteri.it\/wp-content\/uploads\/2025\/11\/David-Evangelista-300x227.jpeg 300w, https:\/\/amboslo.esteri.it\/wp-content\/uploads\/2025\/11\/David-Evangelista-1024x774.jpeg 1024w, https:\/\/amboslo.esteri.it\/wp-content\/uploads\/2025\/11\/David-Evangelista-768x581.jpeg 768w, https:\/\/amboslo.esteri.it\/wp-content\/uploads\/2025\/11\/David-Evangelista.jpeg 1485w\" sizes=\"auto, (max-width: 342px) 100vw, 342px\" \/> <img loading=\"lazy\" decoding=\"async\" class=\"alignnone wp-image-6854 img-fluid\" src=\"https:\/\/amboslo.esteri.it\/wp-content\/uploads\/2025\/11\/Amb_Nicoletti-212x300.jpeg\" alt=\"\" width=\"184\" height=\"261\" srcset=\"https:\/\/amboslo.esteri.it\/wp-content\/uploads\/2025\/11\/Amb_Nicoletti-212x300.jpeg 212w, https:\/\/amboslo.esteri.it\/wp-content\/uploads\/2025\/11\/Amb_Nicoletti-725x1024.jpeg 725w, https:\/\/amboslo.esteri.it\/wp-content\/uploads\/2025\/11\/Amb_Nicoletti-768x1085.jpeg 768w, https:\/\/amboslo.esteri.it\/wp-content\/uploads\/2025\/11\/Amb_Nicoletti.jpeg 1026w\" sizes=\"auto, (max-width: 184px) 100vw, 184px\" \/><\/p>\n","protected":false},"excerpt":{"rendered":"L\u2019Ambasciatore d\u2019Italia a Oslo, Stefano Nicoletti, ha preso parte il 27 novembre all\u2019Opera di Oslo alla presentazione ufficiale della Coppa del Mondo di Sci a Madonna di Campiglio e delle tappe norvegesi della Audi FIS Ski World Cup 2026, che si svolgeranno a Kvitfjell e Hafjell. Nel suo intervento di apertura, l\u2019Ambasciatore Nicoletti ha ricordato [&hellip;]","protected":false},"author":4,"featured_media":6858,"comment_status":"closed","ping_status":"closed","sticky":false,"template":"","format":"standard","meta":{"footnotes":""},"tags":[7],"class_list":["post-6853","post","type-post","status-publish","format-standard","has-post-thumbnail","hentry","tag-diplomazia-culturale"],"_links":{"self":[{"href":"https:\/\/amboslo.esteri.it\/it\/wp-json\/wp\/v2\/posts\/6853","targetHints":{"allow":["GET"]}}],"collection":[{"href":"https:\/\/amboslo.esteri.it\/it\/wp-json\/wp\/v2\/posts"}],"about":[{"href":"https:\/\/amboslo.esteri.it\/it\/wp-json\/wp\/v2\/types\/post"}],"author":[{"embeddable":true,"href":"https:\/\/amboslo.esteri.it\/it\/wp-json\/wp\/v2\/users\/4"}],"replies":[{"embeddable":true,"href":"https:\/\/amboslo.esteri.it\/it\/wp-json\/wp\/v2\/comments?post=6853"}],"version-history":[{"count":2,"href":"https:\/\/amboslo.esteri.it\/it\/wp-json\/wp\/v2\/posts\/6853\/revisions"}],"predecessor-version":[{"id":6868,"href":"https:\/\/amboslo.esteri.it\/it\/wp-json\/wp\/v2\/posts\/6853\/revisions\/6868"}],"wp:featuredmedia":[{"embeddable":true,"href":"https:\/\/amboslo.esteri.it\/it\/wp-json\/wp\/v2\/media\/6858"}],"wp:attachment":[{"href":"https:\/\/amboslo.esteri.it\/it\/wp-json\/wp\/v2\/media?parent=6853"}],"wp:term":[{"taxonomy":"post_tag","embeddable":true,"href":"https:\/\/amboslo.esteri.it\/it\/wp-json\/wp\/v2\/tags?post=6853"}],"curies":[{"name":"wp","href":"https:\/\/api.w.org\/{rel}","templated":true}]}}