{"id":8418,"date":"2026-09-03T10:40:35","date_gmt":"2026-09-03T08:40:35","guid":{"rendered":"https:\/\/amboslo.esteri.it\/?p=8418"},"modified":"2026-09-03T10:48:07","modified_gmt":"2026-09-03T08:48:07","slug":"indizione-delle-elezioni-dei-com-it-es","status":"publish","type":"post","link":"https:\/\/amboslo.esteri.it\/it\/news\/dall_ambasciata\/2026\/09\/indizione-delle-elezioni-dei-com-it-es\/","title":{"rendered":"Indizione delle elezioni dei Com.It.Es"},"content":{"rendered":"<p><strong><em><u>INDIZIONE DELLE ELEZIONI DEI COMITES \u2013 3 SETTEMBRE 2026<\/u><\/em><\/strong><\/p>\n<p><em>\u00a0<\/em>Con <a href=\"https:\/\/amboslo.esteri.it\/wp-content\/uploads\/2026\/09\/Decreto-indizione-OSLO_03092026093126.pdf\" target=\"_blank\" rel=\"noopener\">Decreto consolare<\/a> dell\u2019Ambasciatore d\u2019Italia a Oslo sono indette le elezioni per l\u2019istituzione e il rinnovo del Comitato degli Italiani all\u2019estero di Oslo.<\/p>\n<p>La data delle elezioni \u00e8 fissata al 4 dicembre 2026. Tale data corrisponde all\u2019ultimo giorno utile per far pervenire al proprio Consolato di riferimento la busta contenente la propria scheda elettorale votata.<\/p>\n<p>Per partecipare al voto occorre iscriversi nell\u2019elenco degli elettori del proprio Consolato di riferimento facendo pervenire <u>apposita domanda di opzione entro e non oltre il 4 novembre 2026<\/u>.<\/p>\n<p>Il comitato da eleggere sar\u00e0 composto di 12 membri, sulla base della consistenza della collettivit\u00e0 residente. Con il citato Decreto si istituisce anche l\u2019Ufficio elettorale adibito alle operazioni elettorali.<\/p>\n<p>&nbsp;<\/p>\n<p><em><strong><u>MODALIT\u00c0 PER LA RICHIESTA DI ISCRIZIONE NELL\u2019ELENCO ELETTORALE<\/u><\/strong><\/em><\/p>\n<p>Le elezioni per il rinnovo e l\u2019istituzione dei COMITES si terranno\u00a0<u>entro la fine del 2026<\/u>.<\/p>\n<p>I Comitati degli italiani all\u2019estero sono organi di rappresentanza della collettivit\u00e0 italiana nei rapporti con le rappresentanze diplomatico-consolari e operano per l\u2019integrazione della comunit\u00e0 italiana residente nel Paese straniero in cui si trovano.<\/p>\n<p>A questo importante appuntamento elettorale potranno partecipare gli\u00a0<strong>elettori<\/strong>, in possesso dei requisiti di legge per l\u2019elettorato attivo,\u00a0<strong>residenti e iscritti all\u2019AIRE nella circoscrizione consolare da almeno 6 MESI<\/strong>\u00a0<strong>(rispetto alla data delle elezioni)<\/strong>.<\/p>\n<p>Il voto si svolge per corrispondenza, ma \u2013 a differenza delle elezioni politiche e dei referendum \u2013 il plico elettorale viene spedito SOLTANTO agli elettori che abbiano presentato espressa richiesta di iscrizione nell\u2019elenco elettorale per le elezioni dei Com.It.Es. entro il 4 novembre 2026.<\/p>\n<div class=\"responsive\">\n<table class=\"table table-bordered table-sm export-table\">\n<tbody>\n<tr class=\"thead-light\">\n<td width=\"642\"><strong>ATTENZIONE:\u00a0<\/strong>per ricevere il plico elettorale l\u2019elettore deve quindi richiedere al proprio consolato di riferimento di essere iscritto nell\u2019elenco elettorale,<strong>\u00a0<u>ENTRO E NON OLTRE IL 4 NOVEMBRE 2026<\/u>.<\/strong><\/td>\n<\/tr>\n<\/tbody>\n<\/table>\n<\/div>\n<p>Il cittadino potr\u00e0 far pervenire il\u00a0<strong>modulo\u00a0<\/strong>per l\u2019iscrizione nell\u2019elenco elettorale per le elezioni dei Com.It.Es. in uno dei seguenti modi:<\/p>\n<ul>\n<li>Consegnandolo a mano di persona in Ambasciata (Inkognitogata 7, 0258 Oslo) senza appuntamento nei giorni di luned\u00ec, marted\u00ec e gioved\u00ec dalle ore 15:00 alle ore 16:00, presentandosi munito di un documento di identit\u00e0;<\/li>\n<li>inviandolo per posta cartacea insieme a fotocopia di un documento di identit\u00e0 comprensivo della firma del titolare al seguente indirizzo: Ambasciata d\u2019Italia Oslo \u2013 P.O. Box 4021 AMB, 0244 Oslo;<\/li>\n<li>inviandolo per posta elettronica ordinaria (<a href=\"mailto:consolato.oslo@esteri.it\" target=\"_blank\" rel=\"noopener\">consolato.oslo@esteri.it<\/a>) oppure certificata (<a href=\"mailto:amb.oslo.consolare@cert.esteri.it\" target=\"_blank\" rel=\"noopener\">amb.oslo.consolare@cert.esteri.it<\/a>), insieme a copia del documento d\u2019identit\u00e0, comprensivo della firma del titolare.<\/li>\n<\/ul>\n<p><strong><a href=\"https:\/\/amboslo.esteri.it\/wp-content\/uploads\/2026\/08\/122227215.1-Allegato-1-Modello-opzione-inversa.pdf\" target=\"_blank\" rel=\"noopener\">Modulo di opzione inversa<\/a><\/strong><\/p>\n<p>&nbsp;<\/p>\n","protected":false},"excerpt":{"rendered":"INDIZIONE DELLE ELEZIONI DEI COMITES \u2013 3 SETTEMBRE 2026 \u00a0Con Decreto consolare dell\u2019Ambasciatore d\u2019Italia a Oslo sono indette le elezioni per l\u2019istituzione e il rinnovo del Comitato degli Italiani all\u2019estero di Oslo. La data delle elezioni \u00e8 fissata al 4 dicembre 2026. Tale data corrisponde all\u2019ultimo giorno utile per far pervenire al proprio Consolato di [&hellip;]","protected":false},"author":4,"featured_media":8423,"comment_status":"closed","ping_status":"closed","sticky":false,"template":"","format":"standard","meta":{"footnotes":""},"tags":[11,12],"class_list":["post-8418","post","type-post","status-publish","format-standard","has-post-thumbnail","hentry","tag-elezioni","tag-italiani-nel-mondo"],"_links":{"self":[{"href":"https:\/\/amboslo.esteri.it\/it\/wp-json\/wp\/v2\/posts\/8418","targetHints":{"allow":["GET"]}}],"collection":[{"href":"https:\/\/amboslo.esteri.it\/it\/wp-json\/wp\/v2\/posts"}],"about":[{"href":"https:\/\/amboslo.esteri.it\/it\/wp-json\/wp\/v2\/types\/post"}],"author":[{"embeddable":true,"href":"https:\/\/amboslo.esteri.it\/it\/wp-json\/wp\/v2\/users\/4"}],"replies":[{"embeddable":true,"href":"https:\/\/amboslo.esteri.it\/it\/wp-json\/wp\/v2\/comments?post=8418"}],"version-history":[{"count":3,"href":"https:\/\/amboslo.esteri.it\/it\/wp-json\/wp\/v2\/posts\/8418\/revisions"}],"predecessor-version":[{"id":8426,"href":"https:\/\/amboslo.esteri.it\/it\/wp-json\/wp\/v2\/posts\/8418\/revisions\/8426"}],"wp:featuredmedia":[{"embeddable":true,"href":"https:\/\/amboslo.esteri.it\/it\/wp-json\/wp\/v2\/media\/8423"}],"wp:attachment":[{"href":"https:\/\/amboslo.esteri.it\/it\/wp-json\/wp\/v2\/media?parent=8418"}],"wp:term":[{"taxonomy":"post_tag","embeddable":true,"href":"https:\/\/amboslo.esteri.it\/it\/wp-json\/wp\/v2\/tags?post=8418"}],"curies":[{"name":"wp","href":"https:\/\/api.w.org\/{rel}","templated":true}]}}