{"id":8434,"date":"2026-09-04T13:36:21","date_gmt":"2026-09-04T11:36:21","guid":{"rendered":"https:\/\/amboslo.esteri.it\/?p=8434"},"modified":"2026-09-04T13:40:18","modified_gmt":"2026-09-04T11:40:18","slug":"cerimonia-funebre-di-re-harald-si-prevedono-ripercussioni-sui-controlli-alle-frontiere-e-sulla-mobilita","status":"publish","type":"post","link":"https:\/\/amboslo.esteri.it\/it\/news\/dall_ambasciata\/2026\/09\/cerimonia-funebre-di-re-harald-si-prevedono-ripercussioni-sui-controlli-alle-frontiere-e-sulla-mobilita\/","title":{"rendered":"Cerimonia funebre di Re Harald: si prevedono ripercussioni sui controlli alle frontiere, sui voli e sulla mobilit\u00e0 il 9 settembre"},"content":{"rendered":"<p class=\"x_MsoNormal\"><span lang=\"IT\"><strong>Mercoled\u00ec 9 settembre<\/strong> si terranno a Oslo i solenni funerali del defunto Re Harald V di Norvegia. In occasione di questo evento, per il quale sono attesi capi di Stato e reali da tutto il mondo, sono previste stringenti misure di sicurezza nella capitale norvegese, con conseguenti <strong>ripercussioni sulla mobilit\u00e0 e sul trasporto<\/strong>.<\/span><\/p>\n<p class=\"x_MsoNormal\"><span lang=\"IT\">Le Autorit\u00e0 locali hanno deciso, per le ragioni sopra esposte, di\u00a0<b>ripristinare i controlli di frontiera in via temporanea dal 4 al 14 settembre<\/b>.<\/span><\/p>\n<p class=\"x_MsoNormal\"><span lang=\"IT\"><strong>Ampie zone del centro di Oslo saranno chiuse<\/strong>, in particolare intorno al Palazzo Reale, Karl Johans gate, Cattedrale e Fortezza Akershus.<\/span><\/p>\n<p class=\"x_MsoNormal\"><span lang=\"IT\"><strong>Diverse linee di autobus e tram saranno sospese o deviate<\/strong>. La metropolitana funzioner\u00e0 normalmente, con le eccezioni delle stazioni centrali Stortinget \u2013 che sar\u00e0 chiusa \u2013 e Nationaltheatret, soggetta a chiusura parziale.<\/span><\/p>\n<p class=\"x_MsoNormal\"><span lang=\"IT\">L\u2019aeroporto di Oslo Gardemoen rimarr\u00e0 aperto il giorno del funerale. Tuttavia, il consistente flusso di delegazioni straniere potr\u00e0 avere <strong>ripercussioni sulla normale operativit\u00e0 dei voli<\/strong>, in particolare nelle ore del mattino. Eventuali modifiche agli orari dei voli dovrebbero essere comunicate direttamente ai passeggeri dalle rispettive compagnie aeree. Si raccomanda a chi \u00e8 in partenza o in arrivo all\u2019aeroporto di Oslo in questa giornata di presentarsi con largo anticipo, di seguire le indicazioni della propria compagnia aerea e di mettere in conto tempi di attesa pi\u00f9 lunghi del solito.<\/span><\/p>\n<p class=\"x_MsoNormal\"><span lang=\"IT\">Per informazioni aggiornate sui voli in Norvegia, si possono consultare i seguenti siti:<\/span><\/p>\n<p class=\"x_MsoNormal\"><span lang=\"EN-US\"><a href=\"https:\/\/www.avinor.no\/en\" target=\"_blank\" rel=\"noopener noreferrer\"><span lang=\"IT\">https:\/\/www.avinor.no\/en<\/span><\/a><\/span><\/p>\n<p class=\"x_MsoNormal\"><span lang=\"EN-US\"><a href=\"https:\/\/www.avinor.no\/en\/airport\/oslo\/\" target=\"_blank\" rel=\"noopener noreferrer\"><span lang=\"IT\">https:\/\/www.avinor.no\/en\/airport\/oslo\/<\/span><\/a><\/span><\/p>\n<p class=\"x_MsoNormal\"><span lang=\"IT\">Per informazioni sul trasporto pubblico a Oslo, consultare il sito dell\u2019azienda RUTER:<\/span><\/p>\n<p class=\"x_MsoNormal\"><span lang=\"EN-US\"><a href=\"https:\/\/ruter.no\/en\" target=\"_blank\" rel=\"noopener noreferrer\"><span lang=\"IT\">https:\/\/ruter.no\/en<\/span><\/a><\/span><\/p>\n<p class=\"x_MsoNormal\"><span lang=\"IT\">Per informazioni sul trasporto ferroviario, consultare il sito di VY:<\/span><\/p>\n<p class=\"x_MsoNormal\"><span lang=\"EN-US\"><a href=\"https:\/\/www.vy.no\/en\" target=\"_blank\" rel=\"noopener noreferrer\"><span lang=\"IT\">https:\/\/www.vy.no\/en<\/span><\/a><\/span><\/p>\n<p class=\"x_MsoNormal\"><span lang=\"IT\">Si invitano inoltre i connazionali a registrare i dati del proprio viaggio sul sito DOVESIAMONELMONDO:\u00a0<\/span><a href=\"https:\/\/www.dovesiamonelmondo.it\/\" target=\"_blank\" rel=\"noopener noreferrer\"><span lang=\"IT\">https:\/\/www.dovesiamonelmondo.it\/<\/span><\/a><span lang=\"IT\">\u00a0oppure a scaricare l\u2019App \u201cViaggiare Sicuri\u201d, attivando la geolocalizzazione e le notifiche.<\/span><\/p>\n","protected":false},"excerpt":{"rendered":"Mercoled\u00ec 9 settembre si terranno a Oslo i solenni funerali del defunto Re Harald V di Norvegia. In occasione di questo evento, per il quale sono attesi capi di Stato e reali da tutto il mondo, sono previste stringenti misure di sicurezza nella capitale norvegese, con conseguenti ripercussioni sulla mobilit\u00e0 e sul trasporto. Le Autorit\u00e0 [&hellip;]","protected":false},"author":4,"featured_media":8435,"comment_status":"closed","ping_status":"closed","sticky":false,"template":"","format":"standard","meta":{"footnotes":""},"tags":[],"class_list":["post-8434","post","type-post","status-publish","format-standard","has-post-thumbnail","hentry"],"_links":{"self":[{"href":"https:\/\/amboslo.esteri.it\/it\/wp-json\/wp\/v2\/posts\/8434","targetHints":{"allow":["GET"]}}],"collection":[{"href":"https:\/\/amboslo.esteri.it\/it\/wp-json\/wp\/v2\/posts"}],"about":[{"href":"https:\/\/amboslo.esteri.it\/it\/wp-json\/wp\/v2\/types\/post"}],"author":[{"embeddable":true,"href":"https:\/\/amboslo.esteri.it\/it\/wp-json\/wp\/v2\/users\/4"}],"replies":[{"embeddable":true,"href":"https:\/\/amboslo.esteri.it\/it\/wp-json\/wp\/v2\/comments?post=8434"}],"version-history":[{"count":3,"href":"https:\/\/amboslo.esteri.it\/it\/wp-json\/wp\/v2\/posts\/8434\/revisions"}],"predecessor-version":[{"id":8443,"href":"https:\/\/amboslo.esteri.it\/it\/wp-json\/wp\/v2\/posts\/8434\/revisions\/8443"}],"wp:featuredmedia":[{"embeddable":true,"href":"https:\/\/amboslo.esteri.it\/it\/wp-json\/wp\/v2\/media\/8435"}],"wp:attachment":[{"href":"https:\/\/amboslo.esteri.it\/it\/wp-json\/wp\/v2\/media?parent=8434"}],"wp:term":[{"taxonomy":"post_tag","embeddable":true,"href":"https:\/\/amboslo.esteri.it\/it\/wp-json\/wp\/v2\/tags?post=8434"}],"curies":[{"name":"wp","href":"https:\/\/api.w.org\/{rel}","templated":true}]}}